{"id":6765,"date":"2020-11-04T18:27:14","date_gmt":"2020-11-04T15:27:14","guid":{"rendered":"http:\/\/mersinekonomipolitikagazetesi.com\/?p=6765"},"modified":"2020-11-04T18:27:14","modified_gmt":"2020-11-04T15:27:14","slug":"mhpli-simsek-doludan-zarar-goren-ureticilere-devletin-sefkat-eli-uzatilmali","status":"publish","type":"post","link":"https:\/\/akdenizolaygazetesi.com\/?p=6765","title":{"rendered":"MHP&#8217;li \u015eim\u015fek: &#8220;Doludan zarar g\u00f6ren \u00fcreticilere devletin \u015fefkat eli uzat\u0131lmal\u0131&#8221;"},"content":{"rendered":"<p><span style=\"line-height: 1.6em;\">MHP Mersin Milletvekili Baki \u015eim\u015fek, Mersin&#8217;de dolu afetinden zarar g\u00f6ren \u00fcreticilere devletin \u015fefkat elinin uzat\u0131lmas\u0131 ve yaralar\u0131n\u0131n sar\u0131lmas\u0131 gerekti\u011fini s\u00f6yledi.\u00a0<\/span><\/p>\n<p>Baki \u015eim\u015fek, Erdemli il\u00e7esinde \u015fiddetli dolu ya\u011f\u0131\u015f\u0131n\u0131n afete d\u00f6n\u00fc\u015ft\u00fc\u011f\u00fc Esenp\u0131nar Mahallesi&#8217;nde zarar g\u00f6ren bah\u00e7e ve tarlalarda incelemelerde bulundu. \u015eim\u015fek, beraberinde Erdemli Belediye Ba\u015fkan\u0131 M\u00fckerrem Tollu ve Erdemli Ziraat Odas\u0131 Ba\u015fkan\u0131 Rasim \u015eahin ile birlikte \u00fcreticilere ge\u00e7mi\u015f olsun dileklerinde bulundu.\u00a0<br \/>\n\u0130ncelemeler esnas\u0131nda konu\u015fan Baki \u015eim\u015fek, &#8220;Sanki kar ya\u011fm\u0131\u015f gibi bir g\u00f6r\u00fcnt\u00fc var. Bah\u00e7e tesislerinin \u00e7o\u011fu \u00f6rt\u00fcl\u00fc, ancak o kadar \u015fiddetli bir dolu ya\u011fm\u0131\u015f ki fileleri, seralar\u0131 y\u0131karak alt\u0131ndaki elma bah\u00e7elerine zarar vermi\u015f. Korona vir\u00fcsten dolay\u0131 \u00fclkenin en \u00e7ok \u00fcretime ihtiya\u00e7 duydu\u011fu bir zaman\u0131 ya\u015f\u0131yoruz. Ta\u015f\u0131n i\u00e7inde ekmek m\u00fccadelesi yapan bu insanlar\u0131n zarar\u0131 devletimiz taraf\u0131ndan telafi edilmelidir. Bu \u00fcreticilere acil nakdi yard\u0131m g\u00f6nderilmelidir&#8221; dedi.\u00a0<\/p>\n<p>&#8220;\u00c7ift\u00e7ilerin yaralar\u0131n\u0131n sar\u0131lmas\u0131 laz\u0131m&#8221;\u00a0<br \/>\nKonuyu Tar\u0131m ve Orman Bakanl\u0131\u011f\u0131 nezdinde de g\u00fcndeme getireceklerini ifade eden \u015eim\u015fek, &#8220;Buradaki \u00fcreticilerin tapuda miras konusundan, 2B durumundan dolay\u0131 \u00e7o\u011funun sigortas\u0131 yok. Zarar g\u00f6ren arazilerin \u00e7o\u011fu k\u0131rsal b\u00f6lge zaten. Tar\u0131m ve Orman M\u00fcd\u00fcrl\u00fc\u011f\u00fc taraf\u0131ndan yap\u0131lan yerinde tespitlerle beraber buradaki k\u00f6yl\u00fclerin, \u00e7ift\u00e7ilerin yaralar\u0131n\u0131n sar\u0131lmas\u0131 laz\u0131m&#8221; diye konu\u015ftu.\u00a0<br \/>\nMeyve ve sebzelerin dolu ya\u011f\u0131\u015f\u0131yla telef oldu\u011funu dile getiren \u015eim\u015fek, &#8220;A\u00e7\u0131ktaki meyve sebzelerin tamam\u0131, \u00f6rt\u00fc alt\u0131ndaki \u00fcr\u00fcnlerin y\u00fczde 80&#8217;i, 90&#8217;\u0131 telef olmu\u015f durumda. \u00dcreticilerin yeniden bir \u015feyler ekmeye takati, derman\u0131 kalm\u0131yor. Domates ekenler, biber ekenler, a\u00e7\u0131kta \u00fcretim yapanlar\u0131n her \u015feyi yerle bir olmu\u015f. Buradan yetkililere sesleniyorum, devletin \u015fefkat elini buradaki insanlara uzatal\u0131m, yaralar\u0131n\u0131 saral\u0131m&#8221; \u015feklinde konu\u015ftu.\u00a0<br \/>\nErdemli Belediye Ba\u015fkan\u0131 M\u00fckerrem Tollu ise \u00fcreticilere ge\u00e7mi\u015f olsun dileklerinde bulunarak, &#8220;\u0130nsanlar hep fiyat\u0131 g\u00f6r\u00fcrler ancak \u00e7ift\u00e7inin s\u0131k\u0131nt\u0131s\u0131n\u0131 as\u0131l problemlerini kimse g\u00f6rm\u00fcyor. Yetkililerden bu konuya duyarl\u0131 olmalar\u0131n\u0131 istiyoruz. \u00dcreticilerin kredi bor\u00e7lar\u0131n\u0131n \u00f6telenmesi gerekiyor, ek kredi verilmesi gerekiyor. \u00c7ift\u00e7ilerimizin desteklenmesi laz\u0131m&#8221; dedi.\u00a0<\/p>\n","protected":false},"excerpt":{"rendered":"<p>MHP Mersin Milletvekili Baki \u015eim\u015fek, Mersin&#8217;de dolu afetinden zarar g\u00f6ren \u00fcreticilere devletin \u015fefkat elinin uzat\u0131lmas\u0131 ve yaralar\u0131n\u0131n sar\u0131lmas\u0131 gerekti\u011fini s\u00f6yledi.\u00a0 Baki \u015eim\u015fek, Erdemli il\u00e7esinde \u015fiddetli dolu ya\u011f\u0131\u015f\u0131n\u0131n afete d\u00f6n\u00fc\u015ft\u00fc\u011f\u00fc Esenp\u0131nar &hellip; <a href=\"https:\/\/akdenizolaygazetesi.com\/?p=6765\" class=\"more-link\">Devam\u0131n\u0131 Oku&#8230;<\/a><\/p>\n","protected":false},"author":1,"featured_media":0,"comment_status":"open","ping_status":"open","sticky":false,"template":"","format":"standard","meta":[],"categories":[],"tags":[],"_links":{"self":[{"href":"https:\/\/akdenizolaygazetesi.com\/index.php?rest_route=\/wp\/v2\/posts\/6765"}],"collection":[{"href":"https:\/\/akdenizolaygazetesi.com\/index.php?rest_route=\/wp\/v2\/posts"}],"about":[{"href":"https:\/\/akdenizolaygazetesi.com\/index.php?rest_route=\/wp\/v2\/types\/post"}],"author":[{"embeddable":true,"href":"https:\/\/akdenizolaygazetesi.com\/index.php?rest_route=\/wp\/v2\/users\/1"}],"replies":[{"embeddable":true,"href":"https:\/\/akdenizolaygazetesi.com\/index.php?rest_route=%2Fwp%2Fv2%2Fcomments&post=6765"}],"version-history":[{"count":0,"href":"https:\/\/akdenizolaygazetesi.com\/index.php?rest_route=\/wp\/v2\/posts\/6765\/revisions"}],"wp:attachment":[{"href":"https:\/\/akdenizolaygazetesi.com\/index.php?rest_route=%2Fwp%2Fv2%2Fmedia&parent=6765"}],"wp:term":[{"taxonomy":"category","embeddable":true,"href":"https:\/\/akdenizolaygazetesi.com\/index.php?rest_route=%2Fwp%2Fv2%2Fcategories&post=6765"},{"taxonomy":"post_tag","embeddable":true,"href":"https:\/\/akdenizolaygazetesi.com\/index.php?rest_route=%2Fwp%2Fv2%2Ftags&post=6765"}],"curies":[{"name":"wp","href":"https:\/\/api.w.org\/{rel}","templated":true}]}}