{"id":6785,"date":"2020-11-04T18:27:15","date_gmt":"2020-11-04T15:27:15","guid":{"rendered":"http:\/\/mersinekonomipolitikagazetesi.com\/?p=6785"},"modified":"2020-11-04T18:27:15","modified_gmt":"2020-11-04T15:27:15","slug":"kadina-siddetin-durmasini-istiyoruz","status":"publish","type":"post","link":"https:\/\/akdenizolaygazetesi.com\/?p=6785","title":{"rendered":"&#8220;Kad\u0131na \u015fiddetin durmas\u0131n\u0131 istiyoruz&#8221;"},"content":{"rendered":"<p><span style=\"line-height: 1.6em;\">Mersin\u2019de trafikte tart\u0131\u015ft\u0131klar\u0131 bir ki\u015finin sopal\u0131 sald\u0131r\u0131s\u0131na u\u011frayan 3 kad\u0131n, \u015fah\u0131stan ve k\u0131z\u0131ndan \u015fikayet\u00e7i olduklar\u0131n\u0131 s\u00f6yledi. Kad\u0131nlar, &#8220;Biz kad\u0131na \u015fiddetin adaletini istiyoruz. Kad\u0131na \u015fiddetin durmas\u0131n\u0131 istiyoruz&#8221; dedi. Olayda her 2 taraf da birbirinden \u015fikayet\u00e7i olurken, kar\u015f\u0131 taraf\u0131n da darp raporu ald\u0131\u011f\u0131 \u00f6\u011frenildi.\u00a0<\/span><\/p>\n<p>Edinilen bilgiye g\u00f6re olay, 28 Nisan Sal\u0131 g\u00fcn\u00fc Merkez Mezitli il\u00e7esine ba\u011fl\u0131 Yeni Mahalle 2. \u00c7evre Yolu \u00fczeri Kale kav\u015fa\u011f\u0131nda meydana geldi. Trafikte seyir halinde olan Feride K., k\u0131z karde\u015fi Hilal K. ve arkada\u015f\u0131 Dilara K., trafikte bir adam ve k\u0131z\u0131yla tart\u0131\u015ft\u0131. K\u0131sa s\u00fcrede kavgaya d\u00f6n\u00fc\u015fen tart\u0131\u015fmada 3 kad\u0131n, sopayla sald\u0131r\u0131ya u\u011frad\u0131. Olay\u0131n ard\u0131ndan 3 kad\u0131n, polise giderek, baba ve k\u0131z\u0131ndan \u015fikayet\u00e7i oldu. \u00c7al\u0131\u015fma ba\u015flatan polis ekipleri, baba ile k\u0131z\u0131n\u0131 polis merkezine getirdi. Her 2 taraf\u0131n da ifadesi al\u0131n\u0131rken, doktordan raporlar al\u0131nd\u0131. Taraflar birbirinden \u015fikayet\u00e7i olurken, ifadelerinde \u2019k\u00fcf\u00fcr\u2019 iddialar\u0131nda bulundular.\u00a0<br \/>\nOlayla ilgili \u0130HA muhabirine konu\u015fan Feride K., olay\u0131n \u015fokunu halen ya\u015fad\u0131klar\u0131n\u0131 vurgulayarak, &#8220;K\u0131rm\u0131z\u0131 \u0131\u015f\u0131ktayken aram\u0131zda 5-6 ara\u00e7 olmas\u0131na ra\u011fmen arabas\u0131ndan inen kad\u0131n ko\u015farak, bizim arabam\u0131za geldi. \u00d6nce k\u0131z arkada\u015f\u0131m\u0131 darp etmeye ba\u015flad\u0131. K\u0131z karde\u015fim ay\u0131rmaya \u00e7al\u0131\u015f\u0131rken, babas\u0131 geldi sopayla darp etti. Ben hen\u00fcz ara\u00e7tan yeni inmi\u015fken, beni de darp etti. Belime sopayla vurdu. K\u0131z arkada\u015f\u0131m ba\u015f\u0131ndan, karde\u015fim kolundan sopayla darp edildik\u201d dedi.\u00a0<\/p>\n<p>&#8220;Biz adalet istiyoruz&#8221;\u00a0<br \/>\nOlaydan sonra karakola gittiklerini kaydeden Feride K., \u201cBiz darp raporu ald\u0131k, ifadelerimizi verdik. Sabahtan ak\u015fama kadar karakoldayd\u0131k. Biz kad\u0131na \u015fiddetin adaletini istiyoruz. G\u00fcc\u00fcm\u00fcz yetmedi\u011fi halde bizi sopa ile darp eden bir adam var kar\u015f\u0131m\u0131zda. Biz adalet istiyoruz\u201d ifadelerini kulland\u0131.\u00a0<br \/>\nHilal K. ise olayda ilk \u00f6nce arkada\u015f\u0131n\u0131n ba\u015f\u0131ndan darp edildi\u011fini iddia ederek, \u201cBen de ay\u0131rmak isterken darp edildim. Arkada\u015f\u0131m\u0131 korurken, kolum zarar g\u00f6rd\u00fc. Bu olaydan dolay\u0131 \u015fah\u0131slardan hepimiz \u015fikayet\u00e7iyiz. Burada ba\u015fta kad\u0131na \u015fiddet var. Babas\u0131 ve k\u0131z\u0131 taraf\u0131ndan darp edildik. \u015eah\u0131slar\u0131n gerekli cezay\u0131 almas\u0131n\u0131 istiyoruz\u201d diye konu\u015ftu.\u00a0<\/p>\n<p>&#8220;Kad\u0131na \u015fiddetin durmas\u0131n\u0131 istiyoruz&#8221;\u00a0<br \/>\nDilara K. de kad\u0131na \u015fiddetin art\u0131k durmas\u0131n\u0131 isteyerek, \u201cBiz soka\u011fa \u00e7\u0131karken art\u0131k korkuyoruz. Erkeklerin her alanda \u015fiddetine maruz kal\u0131yoruz. Bu ya\u015fad\u0131\u011f\u0131m\u0131z olay hem erkek hem de kad\u0131n\u0131n kad\u0131na \u015fiddeti. Art\u0131k kad\u0131na her t\u00fcrl\u00fc \u015fiddetin durmas\u0131n\u0131 istiyoruz\u201d \u015feklinde konu\u015ftu.\u00a0<br \/>\nAvukat Hibe G\u00f6kalp ise kad\u0131na \u015fiddetin bu sefer trafikte y\u00fcz\u00fcn\u00fc g\u00f6sterdi\u011fini belirterek, \u201c3 kad\u0131n burada \u015fiddete maruz kald\u0131. Bunun hi\u00e7bir nedeni, izah\u0131 olamaz. Biz 3 gen\u00e7 kad\u0131n\u0131n hukuk dan\u0131\u015fmanl\u0131\u011f\u0131n\u0131 yap\u0131yoruz ve bu ya\u015fanan esef verici hadisenin sonuna kadar takip\u00e7isi olaca\u011f\u0131z. Kad\u0131na \u015fiddete ve \u015fiddetin her t\u00fcrl\u00fcs\u00fcne her zaman kar\u015f\u0131 \u00e7\u0131kt\u0131k, \u00e7\u0131kmaya devam edece\u011fiz. Bu olayla ilgili de gerekli t\u00fcm m\u00fccadeleyi verece\u011fiz. Kad\u0131na \u015fiddete hay\u0131r diyoruz, \u015fiddetin her t\u00fcrl\u00fcs\u00fcne kar\u015f\u0131y\u0131z\u201d dedi.\u00a0<\/p>\n","protected":false},"excerpt":{"rendered":"<p>Mersin\u2019de trafikte tart\u0131\u015ft\u0131klar\u0131 bir ki\u015finin sopal\u0131 sald\u0131r\u0131s\u0131na u\u011frayan 3 kad\u0131n, \u015fah\u0131stan ve k\u0131z\u0131ndan \u015fikayet\u00e7i olduklar\u0131n\u0131 s\u00f6yledi. Kad\u0131nlar, &#8220;Biz kad\u0131na \u015fiddetin adaletini istiyoruz. Kad\u0131na \u015fiddetin durmas\u0131n\u0131 istiyoruz&#8221; dedi. Olayda her 2 &hellip; <a href=\"https:\/\/akdenizolaygazetesi.com\/?p=6785\" class=\"more-link\">Devam\u0131n\u0131 Oku&#8230;<\/a><\/p>\n","protected":false},"author":1,"featured_media":0,"comment_status":"open","ping_status":"open","sticky":false,"template":"","format":"standard","meta":[],"categories":[],"tags":[],"_links":{"self":[{"href":"https:\/\/akdenizolaygazetesi.com\/index.php?rest_route=\/wp\/v2\/posts\/6785"}],"collection":[{"href":"https:\/\/akdenizolaygazetesi.com\/index.php?rest_route=\/wp\/v2\/posts"}],"about":[{"href":"https:\/\/akdenizolaygazetesi.com\/index.php?rest_route=\/wp\/v2\/types\/post"}],"author":[{"embeddable":true,"href":"https:\/\/akdenizolaygazetesi.com\/index.php?rest_route=\/wp\/v2\/users\/1"}],"replies":[{"embeddable":true,"href":"https:\/\/akdenizolaygazetesi.com\/index.php?rest_route=%2Fwp%2Fv2%2Fcomments&post=6785"}],"version-history":[{"count":0,"href":"https:\/\/akdenizolaygazetesi.com\/index.php?rest_route=\/wp\/v2\/posts\/6785\/revisions"}],"wp:attachment":[{"href":"https:\/\/akdenizolaygazetesi.com\/index.php?rest_route=%2Fwp%2Fv2%2Fmedia&parent=6785"}],"wp:term":[{"taxonomy":"category","embeddable":true,"href":"https:\/\/akdenizolaygazetesi.com\/index.php?rest_route=%2Fwp%2Fv2%2Fcategories&post=6785"},{"taxonomy":"post_tag","embeddable":true,"href":"https:\/\/akdenizolaygazetesi.com\/index.php?rest_route=%2Fwp%2Fv2%2Ftags&post=6785"}],"curies":[{"name":"wp","href":"https:\/\/api.w.org\/{rel}","templated":true}]}}