{"id":6804,"date":"2020-11-04T18:27:15","date_gmt":"2020-11-04T15:27:15","guid":{"rendered":"http:\/\/mersinekonomipolitikagazetesi.com\/?p=6804"},"modified":"2020-11-04T18:27:15","modified_gmt":"2020-11-04T15:27:15","slug":"super-ay-mersinde-goruntulendi","status":"publish","type":"post","link":"https:\/\/akdenizolaygazetesi.com\/?p=6804","title":{"rendered":"S\u00fcper Ay Mersin&#8217;de g\u00f6r\u00fcnt\u00fclendi"},"content":{"rendered":"<p><span style=\"line-height: 1.6em;\">Mersin&#8217;in Erdemli il\u00e7esinde ya\u011f\u0131\u015fl\u0131 havan\u0131n ard\u0131ndan g\u00f6ky\u00fcz\u00fcndeki bulutlar\u0131n bug\u00fcn da\u011f\u0131lmas\u0131yla birlikte S\u00fcper Ay&#8217;\u0131 izleme f\u0131rsat\u0131 olu\u015ftu.\u00a0<\/span><\/p>\n<p>S\u00fcper Ay t\u00fcm parlakl\u0131\u011f\u0131 ve g\u00f6rkemiyle g\u00f6r\u00fcnt\u00fclendi.\u00a0<br \/>\nAy\u0131n d\u00fcnyaya en yak\u0131n oldu\u011fu an\u0131n dolunaya denk gelmesi &#8216;S\u00fcper Ay&#8217; olarak isimlendiriliyor. 2020&#8217;nin ilk S\u00fcper Ay&#8217;\u0131 9 \u015eubat&#8217;ta, ikincisi 9 Mart\u2019ta, \u00fc\u00e7\u00fcnc\u00fcs\u00fc ise 8 Nisan&#8217;da g\u00f6zlemlenmi\u015fti. 6 May\u0131s\u2019\u0131 7 May\u0131s\u2019a ba\u011flayan bu gece ise y\u0131l\u0131n son S\u00fcper Ay\u0131 ger\u00e7ekle\u015fti. Ay bu gece normalden daha b\u00fcy\u00fck ve daha parlak g\u00f6r\u00fcnt\u00fcs\u00fcyle kendini g\u00f6sterirken, t\u00fcm g\u00f6rkemiyle g\u00f6r\u00fcnt\u00fclendi.\u00a0<\/p>\n","protected":false},"excerpt":{"rendered":"<p>Mersin&#8217;in Erdemli il\u00e7esinde ya\u011f\u0131\u015fl\u0131 havan\u0131n ard\u0131ndan g\u00f6ky\u00fcz\u00fcndeki bulutlar\u0131n bug\u00fcn da\u011f\u0131lmas\u0131yla birlikte S\u00fcper Ay&#8217;\u0131 izleme f\u0131rsat\u0131 olu\u015ftu.\u00a0 S\u00fcper Ay t\u00fcm parlakl\u0131\u011f\u0131 ve g\u00f6rkemiyle g\u00f6r\u00fcnt\u00fclendi.\u00a0 Ay\u0131n d\u00fcnyaya en yak\u0131n oldu\u011fu an\u0131n dolunaya &hellip; <a href=\"https:\/\/akdenizolaygazetesi.com\/?p=6804\" class=\"more-link\">Devam\u0131n\u0131 Oku&#8230;<\/a><\/p>\n","protected":false},"author":1,"featured_media":0,"comment_status":"open","ping_status":"open","sticky":false,"template":"","format":"standard","meta":[],"categories":[],"tags":[],"_links":{"self":[{"href":"https:\/\/akdenizolaygazetesi.com\/index.php?rest_route=\/wp\/v2\/posts\/6804"}],"collection":[{"href":"https:\/\/akdenizolaygazetesi.com\/index.php?rest_route=\/wp\/v2\/posts"}],"about":[{"href":"https:\/\/akdenizolaygazetesi.com\/index.php?rest_route=\/wp\/v2\/types\/post"}],"author":[{"embeddable":true,"href":"https:\/\/akdenizolaygazetesi.com\/index.php?rest_route=\/wp\/v2\/users\/1"}],"replies":[{"embeddable":true,"href":"https:\/\/akdenizolaygazetesi.com\/index.php?rest_route=%2Fwp%2Fv2%2Fcomments&post=6804"}],"version-history":[{"count":0,"href":"https:\/\/akdenizolaygazetesi.com\/index.php?rest_route=\/wp\/v2\/posts\/6804\/revisions"}],"wp:attachment":[{"href":"https:\/\/akdenizolaygazetesi.com\/index.php?rest_route=%2Fwp%2Fv2%2Fmedia&parent=6804"}],"wp:term":[{"taxonomy":"category","embeddable":true,"href":"https:\/\/akdenizolaygazetesi.com\/index.php?rest_route=%2Fwp%2Fv2%2Fcategories&post=6804"},{"taxonomy":"post_tag","embeddable":true,"href":"https:\/\/akdenizolaygazetesi.com\/index.php?rest_route=%2Fwp%2Fv2%2Ftags&post=6804"}],"curies":[{"name":"wp","href":"https:\/\/api.w.org\/{rel}","templated":true}]}}