{"id":6824,"date":"2020-11-04T18:27:17","date_gmt":"2020-11-04T15:27:17","guid":{"rendered":"http:\/\/mersinekonomipolitikagazetesi.com\/?p=6824"},"modified":"2020-11-04T18:27:17","modified_gmt":"2020-11-04T15:27:17","slug":"emeklilere-ceza-mi","status":"publish","type":"post","link":"https:\/\/akdenizolaygazetesi.com\/?p=6824","title":{"rendered":"EMEKL\u0130LERE CEZA MI..!"},"content":{"rendered":"<p>Yeni\u015fehir Belediyesi\u2019nin park\u0131n \u00e7e\u015fme suyunu kesti\u011fini belirten emekliler, \u00e7e\u015fmenin yenilenmesini ve suyun akmas\u0131n\u0131 istedi.<\/p>\n<p>Mersin Yeni\u015fehir&#8217;de bulunan Emekliler Park\u0131\u2019\u0131n suyunun kesilmesine tepki ya\u011fd\u0131. Yeni\u015fehir Belediyesi taraf\u0131ndan \u00e7e\u015fme suyunun 3 ayd\u0131r kesik oldu\u011funu belirten emekliler, \u00e7e\u015fmenin yenilenmesini ve suyun tekrardan a\u00e7\u0131lmas\u0131n\u0131 istiyor.\u00a0<br \/>\nYeni\u015fehir Belediyesi&#8217;ne ait Emekliler Park\u0131\u2019nda y\u0131llard\u0131r kullan\u0131lan \u00e7e\u015fmenin suyu kapat\u0131larak kullan\u0131m\u0131na son verildi. \u0130ddiaya g\u00f6re park\u0131n suyunun kesilmesi 2 ki\u015finin arabas\u0131n\u0131 y\u0131kamas\u0131ndan sonra ger\u00e7ekle\u015fti. Park\u0131 kullanan emekliler ise suyun kesilmesine tepki g\u00f6sterdi.\u00a0<\/p>\n<p>Emekliler suyun tekrar akmas\u0131n\u0131 istiyor<\/p>\n<p>Parkta oturan ve vakit ge\u00e7iren emekliler suyun kesilmesinin ard\u0131ndan tepki g\u00f6stererek, &#8220;Bizler s\u00fcrekli bu suyu kullan\u0131yor ve hizmetten yararlan\u0131yorduk. 3 ayd\u0131r suyumuz kesildi. Muhtara da durumu anlatt\u0131k ama bir sonu\u00e7 alamad\u0131k. Park\u0131n suyunun kesilmesi 2 ki\u015finin arabas\u0131n\u0131 y\u0131kamas\u0131ndan sonra ger\u00e7ekle\u015fti. Arac\u0131n\u0131 y\u0131kayanlara ceza verilsin. Bize neden ceza veriliyor? Bizim ne g\u00fcnah\u0131m\u0131z var. Park etraf\u0131nda suyu kullanabilece\u011fimiz ba\u015fka \u00e7e\u015fme de yok. \u00c7e\u015fme suyunun tekrar a\u00e7\u0131lmas\u0131n\u0131 ve \u00e7e\u015fmenin Yeni\u015fehir\u2019e yak\u0131\u015f\u0131r bir \u015fekilde yenilenerek bizlere kazand\u0131r\u0131lmas\u0131n\u0131 istiyoruz.&#8221; dedi.\u00a0<\/p>\n<p>Esnafta durumdan \u015fikayet\u00e7i<\/p>\n<p>Park etraf\u0131nda bulunan esnafda durumdan \u015fikayet\u00e7i olduklar\u0131n\u0131 belirterek, &#8220;Bizler de bu sudan faydalan\u0131yorduk. \u00c7e\u015fme suyunun kesilmesi hem vatanda\u015flar, hem de bizim a\u00e7\u0131m\u0131zdan sorunlara neden oldu. Corona vir\u00fcs salg\u0131n\u0131 nedeniyle suya, elimizi y\u00fcz\u00fcm\u00fcz\u00fc y\u0131kamaya daha fazla ihtiyac\u0131m\u0131z var. Acilen suyumuz a\u00e7\u0131lmal\u0131. Park i\u00e7erisindeki \u00e7e\u015fme alan\u0131n\u0131n yenilenmesi de gerekiyor. Y\u0131llard\u0131r hizmet verdi\u011fi i\u00e7in eski ve \u00e7ok kirli bir \u00e7e\u015fme oldu. Bir \u00e7e\u015fmesi s\u00f6k\u00fclm\u00fc\u015f. Yo\u011fun insan trafi\u011finin bulundu\u011fu bu alana eski ve k\u0131r\u0131k \u00e7e\u015fme hi\u00e7 yak\u0131\u015fm\u0131yor. Suyumuzun derhal akmas\u0131n\u0131 istiyoruz.&#8221; diye konu\u015ftu.<\/p>\n","protected":false},"excerpt":{"rendered":"<p>Yeni\u015fehir Belediyesi\u2019nin park\u0131n \u00e7e\u015fme suyunu kesti\u011fini belirten emekliler, \u00e7e\u015fmenin yenilenmesini ve suyun akmas\u0131n\u0131 istedi. Mersin Yeni\u015fehir&#8217;de bulunan Emekliler Park\u0131\u2019\u0131n suyunun kesilmesine tepki ya\u011fd\u0131. Yeni\u015fehir Belediyesi taraf\u0131ndan \u00e7e\u015fme suyunun 3 ayd\u0131r &hellip; <a href=\"https:\/\/akdenizolaygazetesi.com\/?p=6824\" class=\"more-link\">Devam\u0131n\u0131 Oku&#8230;<\/a><\/p>\n","protected":false},"author":1,"featured_media":0,"comment_status":"open","ping_status":"open","sticky":false,"template":"","format":"standard","meta":[],"categories":[],"tags":[],"_links":{"self":[{"href":"https:\/\/akdenizolaygazetesi.com\/index.php?rest_route=\/wp\/v2\/posts\/6824"}],"collection":[{"href":"https:\/\/akdenizolaygazetesi.com\/index.php?rest_route=\/wp\/v2\/posts"}],"about":[{"href":"https:\/\/akdenizolaygazetesi.com\/index.php?rest_route=\/wp\/v2\/types\/post"}],"author":[{"embeddable":true,"href":"https:\/\/akdenizolaygazetesi.com\/index.php?rest_route=\/wp\/v2\/users\/1"}],"replies":[{"embeddable":true,"href":"https:\/\/akdenizolaygazetesi.com\/index.php?rest_route=%2Fwp%2Fv2%2Fcomments&post=6824"}],"version-history":[{"count":0,"href":"https:\/\/akdenizolaygazetesi.com\/index.php?rest_route=\/wp\/v2\/posts\/6824\/revisions"}],"wp:attachment":[{"href":"https:\/\/akdenizolaygazetesi.com\/index.php?rest_route=%2Fwp%2Fv2%2Fmedia&parent=6824"}],"wp:term":[{"taxonomy":"category","embeddable":true,"href":"https:\/\/akdenizolaygazetesi.com\/index.php?rest_route=%2Fwp%2Fv2%2Fcategories&post=6824"},{"taxonomy":"post_tag","embeddable":true,"href":"https:\/\/akdenizolaygazetesi.com\/index.php?rest_route=%2Fwp%2Fv2%2Ftags&post=6824"}],"curies":[{"name":"wp","href":"https:\/\/api.w.org\/{rel}","templated":true}]}}