{"id":6844,"date":"2020-11-04T18:27:18","date_gmt":"2020-11-04T15:27:18","guid":{"rendered":"http:\/\/mersinekonomipolitikagazetesi.com\/?p=6844"},"modified":"2020-11-04T18:27:18","modified_gmt":"2020-11-04T15:27:18","slug":"ozel-cocuklarin-yuregine-muzikle-dokundular","status":"publish","type":"post","link":"https:\/\/akdenizolaygazetesi.com\/?p=6844","title":{"rendered":"\u00d6zel \u00e7ocuklar\u0131n y\u00fcre\u011fine m\u00fczikle dokundular"},"content":{"rendered":"<p><span style=\"line-height: 1.6em;\">Mersin\u2019de Kent Orkestras\u0131 solistleri, \u00f6zel \u00e7ocuklar\u0131n ve annelerinin y\u00fcre\u011fine m\u00fczikle dokundular. Mersin B\u00fcy\u00fck\u015fehir Belediyesinin Engelliler Haftas\u0131 ve Anneler G\u00fcn\u00fc dolay\u0131s\u0131yla ger\u00e7ekle\u015ftirdi\u011fi etkinlikte, \u00e7i\u00e7ekler ve hediyelerle \u00f6zel \u00e7ocuklar\u0131 ve annelerini ziyaret eden ekip, gitar e\u015fli\u011finde \u015fark\u0131lar s\u00f6yleyerek, \u00e7ocuklar\u0131n mutlulu\u011funu katlad\u0131.\u00a0<\/span><\/p>\n<p>B\u00fcy\u00fck\u015fehir Belediyesi, 10-16 May\u0131s Engelliler Haftas\u0131 ve Anneler G\u00fcn\u00fc dolay\u0131s\u0131yla \u00f6zel gereksinimli \u00e7ocuklar\u0131na \u015fefkatle bakan anneleri unutmad\u0131. Engelliler ve Sa\u011fl\u0131k Hizmetleri Dairesi Ba\u015fkan\u0131 Dr. H\u00fclya Atila ve ilgili ekipler, korona vir\u00fcs sebebiyle \u00e7ocuklar\u0131yla evde kalan annelerin kap\u0131s\u0131n\u0131 \u00e7ald\u0131. Ekipler, ellerindeki \u00e7i\u00e7eklerle anneleri sevindirirken, \u00e7ocuklara da aktivitelerini destekleyici materyaller i\u00e7eren hediyeler sundu. Salg\u0131na kar\u015f\u0131 al\u0131nan \u00f6nlemler dolay\u0131s\u0131yla ev kap\u0131s\u0131n\u0131n \u00f6n\u00fcnde ger\u00e7ekle\u015fen etkinli\u011fe, B\u00fcy\u00fck\u015fehir Belediyesi Kent Orkestras\u0131 solisti Ebru \u00d6zkan ve gitarist Emin Ula\u015f \u015fark\u0131lar\u0131yla e\u015flik etti. Solistlerin s\u00f6yledi\u011fi \u015fark\u0131lara tempo tutarak e\u015flik eden \u00f6zel \u00e7ocuklar, mutlu anlar ya\u015fad\u0131.\u00a0<\/p>\n<p>Aileler desteklerden memnun\u00a0<br \/>\nEkiplerin ziyaret etti\u011fi merkez Akdeniz il\u00e7esi G\u00fcndo\u011fdu Mahallesinde ikamet eden Mercan Irmak, korona vir\u00fcs sebebiyle d\u0131\u015far\u0131 \u00e7\u0131kamad\u0131klar\u0131 i\u00e7in down sendromlu o\u011fluyla evde vakit ge\u00e7iriyor. Ekiplerin ziyaretiyle \u00e7ok mutlu olan Irmak, \u201cDown sendromlu bir \u00e7ocu\u011fum var. Engelsiz Mesleki E\u011fitim Merkezinde e\u011fitim g\u00f6r\u00fcyor, spor yap\u0131yor. \u015eimdi vir\u00fcsten dolay\u0131 gidemiyoruz. Ba\u015fkan\u0131m bizi yaln\u0131z b\u0131rakmad\u0131. \u00d6\u011fretmenler bize G\u00f6r\u00fcnt\u00fcl\u00fc Destek Hatt\u0131 ile yard\u0131mc\u0131 oluyor. \u00c7ok te\u015fekk\u00fcr ediyorum, sa\u011f olsun\u201d dedi.\u00a0<br \/>\nB\u00fcy\u00fck\u015fehir\u2019in ilgisinden memnun oldu\u011funu ifade eden Fadile Kendir ise \u201cKorona vir\u00fcs d\u00f6neminde sa\u011f olsun B\u00fcy\u00fck\u015fehir Belediyemiz bizi hi\u00e7 yaln\u0131z b\u0131rakmad\u0131. G\u00f6r\u00fcnt\u00fcl\u00fc Destek Hatt\u0131ndan da destek al\u0131yorum. B\u00fct\u00fcn \u00f6\u011fretmenlerimiz bize her konuda yard\u0131mc\u0131 oluyorlar, destek veriyorlar. Evimizi ziyaret ettiler, \u00e7i\u00e7ekler g\u00f6nderdiler\u201d diye konu\u015ftu.\u00a0<\/p>\n<p>\u201cPandemi d\u00f6nemi boyunca \u00f6zel \u00e7ocuklar\u0131m\u0131z\u0131, \u00f6zel vatanda\u015flar\u0131m\u0131z\u0131 unutmad\u0131k\u201d\u00a0<br \/>\nEngelliler ve Sa\u011fl\u0131k Hizmetleri Dairesi Ba\u015fkan\u0131 Dr. Atila, yapt\u0131\u011f\u0131 a\u00e7\u0131klamada, pandemi d\u00f6nemi boyunca \u00f6zel gereksinimli \u00e7ocuklara ve vatanda\u015flara verilen deste\u011fin s\u00fcrd\u00fc\u011f\u00fcn\u00fc dile getirerek, \u201cG\u00f6r\u00fcnt\u00fcl\u00fc Destek Hatt\u0131m\u0131zla birlikte \u00f6\u011fretmenlerimiz \u00f6zel \u00e7ocuklar\u0131m\u0131zla birebir ilgilenme \u015fans\u0131n\u0131 yakal\u0131yorlar. Onlara ilgilerini g\u00f6stermi\u015f oluyorlar. Ayn\u0131 zamanda bu \u00e7ocuklar\u0131m\u0131zdan emeklerini eksik etmeyen, onlar\u0131n yan\u0131nda olan, onlar\u0131 sar\u0131p sarmalayan annelerimizi de unutmad\u0131k. Onlar\u0131 ziyarete geldik\u201d dedi.\u00a0<\/p>\n<p>G\u00f6r\u00fcnt\u00fcl\u00fc Destek Hatt\u0131 ile \u00f6zel bireylere ve ailelerine tam destek\u00a0<br \/>\nB\u00fcy\u00fck\u015fehir Belediyesi, salg\u0131n boyunca \u00f6zel gereksinimli bireylerin ve ailelerinin yan\u0131nda oldu. Engelliler ve Sa\u011fl\u0131k Hizmetleri Dairesi Ba\u015fkanl\u0131\u011f\u0131 b\u00fcnyesinde yeni uygulanmaya ba\u015flanan G\u00f6r\u00fcnt\u00fcl\u00fc Destek Hatt\u0131 hizmeti sayesinde \u00f6zel bireylerin evde aktif vakit ge\u00e7irebilmesine y\u00f6nelik \u00e7al\u0131\u015fmalar y\u00fcr\u00fct\u00fcl\u00fcyor. Korona vir\u00fcs s\u00fcrecinde B\u00fcy\u00fck\u015fehir Belediyesine ba\u011fl\u0131 Engelsiz Mesleki E\u011fitim Merkezinin e\u011fitimlere ara vermesi nedeniyle \u00e7ocuklar\u0131n\u0131 kurslara g\u00f6t\u00fcremeyen anneler, \u00e7ocuklar\u0131n\u0131n e\u011fitimleriyle ilgili destek almak istediklerinde \u00f6\u011fretmenlerle birebir bu hat \u00fczerinden g\u00f6r\u00fc\u015febiliyor. \u00d6zel e\u011fitim \u00f6\u011fretmenleri, fizyoterapist ve beden e\u011fitimi \u00f6\u011fretmenleri, \u00f6zel gereksinimli birey ve aileleri ile ihtiya\u00e7 duyuldu\u011funda g\u00f6r\u00fcnt\u00fcl\u00fc g\u00f6r\u00fc\u015fme yaparak e\u011fitimi destekleyici aktivite tavsiyeleri verirken, video payla\u015f\u0131mlar\u0131 da yap\u0131yor.\u00a0<\/p>\n","protected":false},"excerpt":{"rendered":"<p>Mersin\u2019de Kent Orkestras\u0131 solistleri, \u00f6zel \u00e7ocuklar\u0131n ve annelerinin y\u00fcre\u011fine m\u00fczikle dokundular. Mersin B\u00fcy\u00fck\u015fehir Belediyesinin Engelliler Haftas\u0131 ve Anneler G\u00fcn\u00fc dolay\u0131s\u0131yla ger\u00e7ekle\u015ftirdi\u011fi etkinlikte, \u00e7i\u00e7ekler ve hediyelerle \u00f6zel \u00e7ocuklar\u0131 ve annelerini ziyaret &hellip; <a href=\"https:\/\/akdenizolaygazetesi.com\/?p=6844\" class=\"more-link\">Devam\u0131n\u0131 Oku&#8230;<\/a><\/p>\n","protected":false},"author":1,"featured_media":0,"comment_status":"open","ping_status":"open","sticky":false,"template":"","format":"standard","meta":[],"categories":[],"tags":[],"_links":{"self":[{"href":"https:\/\/akdenizolaygazetesi.com\/index.php?rest_route=\/wp\/v2\/posts\/6844"}],"collection":[{"href":"https:\/\/akdenizolaygazetesi.com\/index.php?rest_route=\/wp\/v2\/posts"}],"about":[{"href":"https:\/\/akdenizolaygazetesi.com\/index.php?rest_route=\/wp\/v2\/types\/post"}],"author":[{"embeddable":true,"href":"https:\/\/akdenizolaygazetesi.com\/index.php?rest_route=\/wp\/v2\/users\/1"}],"replies":[{"embeddable":true,"href":"https:\/\/akdenizolaygazetesi.com\/index.php?rest_route=%2Fwp%2Fv2%2Fcomments&post=6844"}],"version-history":[{"count":0,"href":"https:\/\/akdenizolaygazetesi.com\/index.php?rest_route=\/wp\/v2\/posts\/6844\/revisions"}],"wp:attachment":[{"href":"https:\/\/akdenizolaygazetesi.com\/index.php?rest_route=%2Fwp%2Fv2%2Fmedia&parent=6844"}],"wp:term":[{"taxonomy":"category","embeddable":true,"href":"https:\/\/akdenizolaygazetesi.com\/index.php?rest_route=%2Fwp%2Fv2%2Fcategories&post=6844"},{"taxonomy":"post_tag","embeddable":true,"href":"https:\/\/akdenizolaygazetesi.com\/index.php?rest_route=%2Fwp%2Fv2%2Ftags&post=6844"}],"curies":[{"name":"wp","href":"https:\/\/api.w.org\/{rel}","templated":true}]}}