{"id":6845,"date":"2020-11-04T18:27:19","date_gmt":"2020-11-04T15:27:19","guid":{"rendered":"http:\/\/mersinekonomipolitikagazetesi.com\/?p=6845"},"modified":"2020-11-04T18:27:19","modified_gmt":"2020-11-04T15:27:19","slug":"baskan-yilmazdan-sehit-annelerine-anlamli-ziyaret","status":"publish","type":"post","link":"https:\/\/akdenizolaygazetesi.com\/?p=6845","title":{"rendered":"Ba\u015fkan Y\u0131lmaz&#8217;dan \u015fehit annelerine anlaml\u0131 ziyaret"},"content":{"rendered":"<p><span style=\"line-height: 1.6em;\">\u00a0Toroslar Belediye Ba\u015fkan\u0131 Ats\u0131z Af\u015f\u0131n Y\u0131lmaz, Anneler G\u00fcn\u00fcnde \u015fehit annelerini unutmad\u0131. \u0130l\u00e7edeki \u015fehit annelerini evlerinde ziyaret ederek Anneler G\u00fcn\u00fcn\u00fc kutlayan Ba\u015fkan Y\u0131lmaz, \u015fehit annelerinin isimlerine \u00f6zel olarak yazd\u0131\u011f\u0131 mektuplar\u0131 da kendilerine teslim etti.\u00a0<\/span><\/p>\n<p>Ba\u015fkan Y\u0131lmaz, e\u015fi Meltem Y\u0131lmaz ve meclis \u00fcyeleri ile birlikte ger\u00e7ekle\u015ftirdi\u011fi ziyaretlerde \u015fehit annelerine \u00e7i\u00e7ek ve TORTEK kurslar\u0131nda el eme\u011fi ile haz\u0131rlanan hediyeler takdim etti. Y\u0131lmaz, &#8220;Sizler bize \u015fehitlerimizin emanetisiniz. Yeti\u015ftirdi\u011finiz kahraman evlatlar i\u00e7in milletimiz ad\u0131na te\u015fekk\u00fcr etmek ve bu \u00f6zel g\u00fcnde yan\u0131n\u0131zda olmak istedik. Vatan\u0131m\u0131z\u0131n birli\u011fi ve dirli\u011fi i\u00e7in can\u0131n\u0131 seve seve feda eden aziz \u015fehitlerimizin emaneti ailelerinin her zaman yanlar\u0131nda olaca\u011f\u0131z&#8221; ifadelerini kulland\u0131.\u00a0<br \/>\nT\u00fcm \u015fehitler i\u00e7in Kuran-\u0131 Kerim okunarak dualar\u0131n edildi\u011fi ziyaretlerde duygulu anlar da ya\u015fand\u0131. Ba\u015fkan Y\u0131lmaz, \u015fehit anneleri ile tek tek sohbet ederek hat\u0131rlar\u0131n\u0131 sordu.\u00a0<br \/>\nBu anlaml\u0131 ziyaretten dolay\u0131 Y\u0131lmaz&#8217;a te\u015fekk\u00fcr eden \u015fehit anneleri ise &#8220;Bu \u00f6zel g\u00fcnde de bizleri hat\u0131rlaman\u0131z ve yan\u0131m\u0131zda olman\u0131zdan mutluluk duyduk. Allah sizden raz\u0131 olsun&#8221; dediler.\u00a0<\/p>\n<p>&#8220;Yine sar\u0131laca\u011f\u0131z annem&#8221;\u00a0<br \/>\nAkbelen Mahallesinden \u015eehit Astsubay K\u0131demli Ba\u015f\u00e7avu\u015f H\u00fcseyin Bulut&#8217;un annesi Rabia Bulut da Ba\u015fkan Y\u0131lmaz&#8217;\u0131n ziyareti kar\u015f\u0131s\u0131nda mutlulu\u011funu gizleyemedi. Anne Bulut, Y\u0131lmaz&#8217;\u0131n her zaman yanlar\u0131nda oldu\u011funu ve kendisini bir evlad\u0131 olarak g\u00f6rd\u00fc\u011f\u00fcn\u00fc belirterek, &#8220;Korona vir\u00fcs salg\u0131n\u0131 nedeniyle bu ziyaretinizde sar\u0131lamad\u0131k. \u0130n\u015fallah bu salg\u0131n bitince yine kucakla\u015faca\u011f\u0131z&#8221; diye konu\u015ftu.\u00a0<br \/>\nY\u0131lmaz da &#8220;Sizlere sar\u0131lam\u0131yoruz ama bizim i\u00e7in en \u00f6nemlisi sizin sa\u011fl\u0131\u011f\u0131n\u0131z. \u00d6zellikle bug\u00fcnlerde hay\u0131r dualar\u0131n\u0131za her zamankinden daha \u00e7ok ihtiyac\u0131m\u0131z var. \u0130n\u015fallah bu g\u00fcnleri hep birlikte atlataca\u011f\u0131z, yine sar\u0131laca\u011f\u0131z annem&#8221; \u015feklinde konu\u015ftu.<br \/>\nBa\u015fkan Y\u0131lmaz; Musal\u0131 Mahallesinden \u015eehit Jandarma Uzman \u00c7avu\u015f Durmu\u015f Tek&#8217;in annesi Sebahet Tek, \u00c7elebili Mahallesinden \u015eehit Piyade Uzman Onba\u015f\u0131 Halil Karako\u00e7&#8217;un annesi Fatma Karako\u00e7, Akbelen Mahallesinden \u015eehit Astsubay K\u0131demli Ba\u015f\u00e7avu\u015f H\u00fcseyin Bulut&#8217;un annesi Rabia Bulut, G\u00fcneykent Mahallesinden \u015eehit Jandarma Uzman \u00c7avu\u015f Mustafa Sar\u0131&#8217;n\u0131n annesi Beyhan Sar\u0131 ve Halkkent Mahallesinden \u015eehit Astsubay \u00c7avu\u015f Mehmet Muhammet Akay&#8217;\u0131n annesi Keziban Akay&#8217;\u0131 da evlerinde ziyaret ederek Anneler G\u00fcn\u00fcn\u00fc kutlad\u0131.\u00a0<\/p>\n<p>Toroslar Belediyesinden berber ve kuaf\u00f6rlere hijyen deste\u011fi\u00a0<\/p>\n<p>Toroslar Belediyesi, korona vir\u00fcs salg\u0131n\u0131na kar\u015f\u0131 al\u0131nan \u00f6nlemler \u00e7er\u00e7evesinde faaliyetleri durdurulan kuaf\u00f6r, berber ve g\u00fczellik salonlar\u0131n\u0131n bug\u00fcn itibariyle yeniden hizmete ba\u015flamas\u0131 dolay\u0131s\u0131yla bu i\u015f yerlerini dezenfekte ederek, hijyen seti hediye etti.\u00a0<br \/>\nT\u00fcm d\u00fcnyay\u0131 etkisi alt\u0131na alan korona vir\u00fcs salg\u0131n\u0131 tedbirleri kapsam\u0131nda \u00fclke genelinde faaliyetleri ge\u00e7ici s\u00fcreli\u011fine durdurulan berber, kuaf\u00f6r ve g\u00fczellik merkezleri, bug\u00fcn yeniden hizmete girdi. Toroslar Belediyesi de g\u00fcn\u00fcn ilk saatlerinde il\u00e7ede Berberler ve Kuaf\u00f6rler Odas\u0131na kay\u0131tl\u0131 t\u00fcm i\u015fletmelerde dezenfeksiyon \u00e7al\u0131\u015fmas\u0131 yaparak, i\u00e7erisinde maske, eldiven, dezenfektan ve tek kullan\u0131ml\u0131k \u00f6nl\u00fckten olu\u015fan hijyen seti teslim etti. Tek kullan\u0131ml\u0131k \u00f6nl\u00fckler Toroslar Belediyesi TORTEK merkezlerinde imal edilerek esnafa hediye edildi.\u00a0<br \/>\nHijyen setlerini alan ve i\u015f yerleri dezenfekte edilen esnaf, Toroslar Belediye Ba\u015fkan\u0131 Ats\u0131z Af\u015f\u0131n Y\u0131lmaz&#8217;a desteklerinden dolay\u0131 te\u015fekk\u00fcr ederek, &#8220;Belediyemiz, salonlar\u0131m\u0131z\u0131n hijyenik olarak faaliyetlerine ba\u015flamas\u0131 i\u00e7in g\u00fcn\u00fcn ilk saatlerinde dezenfeksiyon \u00e7al\u0131\u015fmas\u0131 yapt\u0131. Ba\u015fkan\u0131m\u0131za ve ekibine te\u015fekk\u00fcrlerimizi sunar\u0131z. Bizler de hijyen kurallar\u0131na dikkat ederek hizmet etmeye devam edece\u011fiz&#8221; dedi.\u00a0<\/p>\n<p>&#8220;Esnaf\u0131m\u0131z\u0131n yan\u0131nday\u0131z&#8221;\u00a0<br \/>\nBa\u015fkan Y\u0131lmaz da yapt\u0131\u011f\u0131 a\u00e7\u0131klamada, Covid-19 salg\u0131n\u0131n\u0131n yay\u0131lmas\u0131n\u0131 \u00f6nlemek amac\u0131yla il\u00e7ede en \u00fcst seviyede tedbirler almaya devam ettiklerini belirterek, \u00f6nceliklerinin halk sa\u011fl\u0131\u011f\u0131n\u0131 korumak oldu\u011funa dikkat \u00e7ekti. Y\u0131lmaz, &#8220;Bug\u00fcn yeniden hizmete giren t\u00fcm berber ve kuaf\u00f6r esnaf\u0131m\u0131za bol ve bereketli kazan\u00e7lar diliyorum. \u00dclke olarak zor bir s\u00fcre\u00e7ten ge\u00e7iyoruz. Toroslar Belediyesi olarak esnaf\u0131m\u0131z\u0131n her zaman yan\u0131nday\u0131z. Yeter ki halk\u0131m\u0131z ve esnaf\u0131m\u0131z sa\u011fl\u0131kl\u0131, huzurlu ve mutlu olsun. \u0130n\u015fallah bu zorlu s\u00fcreci de en k\u0131sa zamanda hep beraber atlataca\u011f\u0131z&#8221; diye konu\u015ftu.\u00a0<\/p>\n","protected":false},"excerpt":{"rendered":"<p>\u00a0Toroslar Belediye Ba\u015fkan\u0131 Ats\u0131z Af\u015f\u0131n Y\u0131lmaz, Anneler G\u00fcn\u00fcnde \u015fehit annelerini unutmad\u0131. \u0130l\u00e7edeki \u015fehit annelerini evlerinde ziyaret ederek Anneler G\u00fcn\u00fcn\u00fc kutlayan Ba\u015fkan Y\u0131lmaz, \u015fehit annelerinin isimlerine \u00f6zel olarak yazd\u0131\u011f\u0131 mektuplar\u0131 da &hellip; <a href=\"https:\/\/akdenizolaygazetesi.com\/?p=6845\" class=\"more-link\">Devam\u0131n\u0131 Oku&#8230;<\/a><\/p>\n","protected":false},"author":1,"featured_media":0,"comment_status":"open","ping_status":"open","sticky":false,"template":"","format":"standard","meta":[],"categories":[],"tags":[],"_links":{"self":[{"href":"https:\/\/akdenizolaygazetesi.com\/index.php?rest_route=\/wp\/v2\/posts\/6845"}],"collection":[{"href":"https:\/\/akdenizolaygazetesi.com\/index.php?rest_route=\/wp\/v2\/posts"}],"about":[{"href":"https:\/\/akdenizolaygazetesi.com\/index.php?rest_route=\/wp\/v2\/types\/post"}],"author":[{"embeddable":true,"href":"https:\/\/akdenizolaygazetesi.com\/index.php?rest_route=\/wp\/v2\/users\/1"}],"replies":[{"embeddable":true,"href":"https:\/\/akdenizolaygazetesi.com\/index.php?rest_route=%2Fwp%2Fv2%2Fcomments&post=6845"}],"version-history":[{"count":0,"href":"https:\/\/akdenizolaygazetesi.com\/index.php?rest_route=\/wp\/v2\/posts\/6845\/revisions"}],"wp:attachment":[{"href":"https:\/\/akdenizolaygazetesi.com\/index.php?rest_route=%2Fwp%2Fv2%2Fmedia&parent=6845"}],"wp:term":[{"taxonomy":"category","embeddable":true,"href":"https:\/\/akdenizolaygazetesi.com\/index.php?rest_route=%2Fwp%2Fv2%2Fcategories&post=6845"},{"taxonomy":"post_tag","embeddable":true,"href":"https:\/\/akdenizolaygazetesi.com\/index.php?rest_route=%2Fwp%2Fv2%2Ftags&post=6845"}],"curies":[{"name":"wp","href":"https:\/\/api.w.org\/{rel}","templated":true}]}}