{"id":6864,"date":"2020-11-04T18:27:19","date_gmt":"2020-11-04T15:27:19","guid":{"rendered":"http:\/\/mersinekonomipolitikagazetesi.com\/?p=6864"},"modified":"2020-11-04T18:27:19","modified_gmt":"2020-11-04T15:27:19","slug":"buyuksehir-belediyesinden-hemsirelere-muzikli-cicekli-kutlama","status":"publish","type":"post","link":"https:\/\/akdenizolaygazetesi.com\/?p=6864","title":{"rendered":"B\u00fcy\u00fck\u015fehir Belediyesinden hem\u015firelere m\u00fczikli \u00e7i\u00e7ekli kutlama"},"content":{"rendered":"<p><span style=\"line-height: 1.6em;\">Mersin B\u00fcy\u00fck\u015fehir Belediyesi, \u00f6zellikle korona vir\u00fcs s\u00fcrecinde de\u011ferleri bir kez daha anla\u015f\u0131lan hem\u015firelerin \u2018Hem\u015fireler G\u00fcn\u00fc\u2019n\u00fc m\u00fczik ve \u00e7i\u00e7eklerle kutlad\u0131. Engelliler ve Sa\u011fl\u0131k Hizmetleri Dairesi Ba\u015fkan\u0131 Dr. H\u00fclya Atila ve daire personeli, kentteki t\u00fcm hem\u015firelere \u00e7i\u00e7ek ve hediyeler verdi.\u00a0<\/span><\/p>\n<p>Mersin B\u00fcy\u00fck\u015fehir Belediyesi, Hem\u015fireler G\u00fcn\u00fcnde vatanda\u015flar\u0131n hayatlar\u0131na \u00f6zveriyle dokunan hem\u015fireleri unutmad\u0131. Engelliler ve Sa\u011fl\u0131k Hizmetleri Dairesi Ba\u015fkanl\u0131\u011f\u0131 b\u00fcnyesinde g\u00f6rev yapan hem\u015fireler ve sa\u011fl\u0131k \u00e7al\u0131\u015fanlar\u0131, pandemi s\u00fcrecinde yurtta\u015flar\u0131n taleplerine daha h\u0131zl\u0131 yan\u0131t verebilmek i\u00e7in kurulan Kriz Merkezinde bir araya geldi. Hem\u015fireler G\u00fcn\u00fc i\u00e7in toplanan hem\u015firelere ve sa\u011fl\u0131k \u00e7al\u0131\u015fanlar\u0131na Engelliler ve Sa\u011fl\u0131k Hizmetleri Dairesi Ba\u015fkan\u0131 Dr. H\u00fclya Atila \u00e7i\u00e7ek verdi. Hat\u0131rlanmaktan dolay\u0131 mutluluk duyan hem\u015firelerin ne\u015fesine, B\u00fcy\u00fck\u015fehir Kent Orkestras\u0131 gitaristi Ufuk B\u00f6lek ve trombonist Onur Pazarba\u015f\u0131 da \u015fark\u0131larla e\u015flik etti.\u00a0<\/p>\n<p>\u201cSa\u011fl\u0131k neferleri olan hem\u015firelerimize k\u00fc\u00e7\u00fck bir te\u015fekk\u00fcrde bulunmak istedik\u201d\u00a0<br \/>\nDaire Ba\u015fkan\u0131 Dr. Atila, \u201cSalg\u0131nla m\u00fccadele etti\u011fimiz bug\u00fcnlerde, hem\u015firelerimizin, sa\u011fl\u0131k \u00e7al\u0131\u015fanlar\u0131m\u0131z\u0131n emekleri ve katk\u0131s\u0131 \u00e7ok b\u00fcy\u00fck. Bizler de B\u00fcy\u00fck\u015fehir Belediyesinin sa\u011fl\u0131k \u00e7al\u0131\u015fanlar\u0131, sa\u011fl\u0131k neferleri olan hem\u015firelerimize, Mersin B\u00fcy\u00fck\u015fehir Belediyesi ve Belediye Ba\u015fkan\u0131m\u0131z Vahap Se\u00e7er ad\u0131na k\u00fc\u00e7\u00fck bir te\u015fekk\u00fcrde bulunmak istedik. \u0130nsan hayat\u0131na dokunan bir mesle\u011fi yapan hem\u015firelerimizin g\u00fcn\u00fcn\u00fc kutluyor, onlara \u00e7ok te\u015fekk\u00fcr ediyoruz\u201d dedi.\u00a0<br \/>\nKad\u0131n ve Aile Hizmetleri Dairesi Ba\u015fkanl\u0131\u011f\u0131 ekipleri de kent genelindeki \u00f6zel hastanelerde ve aile sa\u011fl\u0131\u011f\u0131 merkezlerinde hizmet veren hem\u015fireleri ziyaret etti. Ekipler, salg\u0131n tehdidine ra\u011fmen vatanda\u015flar\u0131n sa\u011fl\u0131\u011f\u0131 i\u00e7in en \u00f6n saflarda m\u00fccadele veren sa\u011fl\u0131k neferlerine sa\u011fl\u0131k paketi, siperlik ve \u00e7i\u00e7ekten olu\u015fan hediyeler sundu.\u00a0<\/p>\n<p>Hem\u015firelerden B\u00fcy\u00fck\u015fehir Belediyesine te\u015fekk\u00fcr\u00a0<br \/>\nUmutla ve \u00f6zveriyle gece-g\u00fcnd\u00fcz hastalar\u0131yla ilgilenen, ailesine vir\u00fcs bula\u015ft\u0131rma riskinden dolay\u0131 onlardan uzak kalan hem\u015fireler, hat\u0131rland\u0131klar\u0131 i\u00e7in mutlu oldu. \u00d6zel bir hastanede ba\u015fhem\u015fire olan ve mesle\u011fini 13 y\u0131ld\u0131r yapan Yasemin K\u0131l\u0131n\u00e7, \u201cPandemi s\u00fcrecinde \u00e7ok zor \u015fartlarda \u00e7al\u0131\u015f\u0131yoruz. Arkada\u015flar\u0131m\u0131z gerekli \u00f6zeni g\u00f6steriyor. Bizleri unutmad\u0131\u011f\u0131 i\u00e7in B\u00fcy\u00fck\u015fehir Belediye Ba\u015fkan\u0131 Vahap Se\u00e7er\u2019e \u00e7ok te\u015fekk\u00fcr ediyoruz\u201d dedi.\u00a0<br \/>\n\u0130ki senedir ayn\u0131 hastanede g\u00f6rev yapt\u0131\u011f\u0131n\u0131 belirten hem\u015fire \u0130brahim Gedik de \u201cBu s\u00fcre\u00e7te i\u015flerimiz daha da yo\u011funla\u015ft\u0131. Hijyenimize dikkat ederek verimli bir \u00e7al\u0131\u015fma ger\u00e7ekle\u015ftiriyoruz. Bizi d\u00fc\u015f\u00fcnd\u00fc\u011f\u00fcn\u00fcz i\u00e7in te\u015fekk\u00fcrlerimizi sunuyoruz\u201d diye konu\u015ftu.\u00a0<\/p>\n","protected":false},"excerpt":{"rendered":"<p>Mersin B\u00fcy\u00fck\u015fehir Belediyesi, \u00f6zellikle korona vir\u00fcs s\u00fcrecinde de\u011ferleri bir kez daha anla\u015f\u0131lan hem\u015firelerin \u2018Hem\u015fireler G\u00fcn\u00fc\u2019n\u00fc m\u00fczik ve \u00e7i\u00e7eklerle kutlad\u0131. Engelliler ve Sa\u011fl\u0131k Hizmetleri Dairesi Ba\u015fkan\u0131 Dr. H\u00fclya Atila ve daire &hellip; <a href=\"https:\/\/akdenizolaygazetesi.com\/?p=6864\" class=\"more-link\">Devam\u0131n\u0131 Oku&#8230;<\/a><\/p>\n","protected":false},"author":1,"featured_media":0,"comment_status":"open","ping_status":"open","sticky":false,"template":"","format":"standard","meta":[],"categories":[],"tags":[],"_links":{"self":[{"href":"https:\/\/akdenizolaygazetesi.com\/index.php?rest_route=\/wp\/v2\/posts\/6864"}],"collection":[{"href":"https:\/\/akdenizolaygazetesi.com\/index.php?rest_route=\/wp\/v2\/posts"}],"about":[{"href":"https:\/\/akdenizolaygazetesi.com\/index.php?rest_route=\/wp\/v2\/types\/post"}],"author":[{"embeddable":true,"href":"https:\/\/akdenizolaygazetesi.com\/index.php?rest_route=\/wp\/v2\/users\/1"}],"replies":[{"embeddable":true,"href":"https:\/\/akdenizolaygazetesi.com\/index.php?rest_route=%2Fwp%2Fv2%2Fcomments&post=6864"}],"version-history":[{"count":0,"href":"https:\/\/akdenizolaygazetesi.com\/index.php?rest_route=\/wp\/v2\/posts\/6864\/revisions"}],"wp:attachment":[{"href":"https:\/\/akdenizolaygazetesi.com\/index.php?rest_route=%2Fwp%2Fv2%2Fmedia&parent=6864"}],"wp:term":[{"taxonomy":"category","embeddable":true,"href":"https:\/\/akdenizolaygazetesi.com\/index.php?rest_route=%2Fwp%2Fv2%2Fcategories&post=6864"},{"taxonomy":"post_tag","embeddable":true,"href":"https:\/\/akdenizolaygazetesi.com\/index.php?rest_route=%2Fwp%2Fv2%2Ftags&post=6864"}],"curies":[{"name":"wp","href":"https:\/\/api.w.org\/{rel}","templated":true}]}}