{"id":6865,"date":"2020-11-04T18:27:20","date_gmt":"2020-11-04T15:27:20","guid":{"rendered":"http:\/\/mersinekonomipolitikagazetesi.com\/?p=6865"},"modified":"2020-11-04T18:27:20","modified_gmt":"2020-11-04T15:27:20","slug":"mevsimlik-tarim-iscileri-korona-viruse-karsi-korunacak","status":"publish","type":"post","link":"https:\/\/akdenizolaygazetesi.com\/?p=6865","title":{"rendered":"Mevsimlik tar\u0131m i\u015f\u00e7ileri korona vir\u00fcse kar\u015f\u0131 korunacak"},"content":{"rendered":"<p><span style=\"line-height: 1.6em;\">Mersin\u2019e gelen mevsimlik tar\u0131m i\u015f\u00e7ilerinin korona vir\u00fcse kar\u015f\u0131 korunmalar\u0131n\u0131 sa\u011flayacak, temizlik ve hijyen ko\u015fullar\u0131n\u0131n iyile\u015ftirilmesini ama\u00e7layan, e\u011fitimlerin de verilece\u011fi \u2018Mevsimlik Tar\u0131m \u0130\u015f\u00e7ileri Projesi\u2019, Vali \u0130hsan Su\u2019nun kat\u0131l\u0131m\u0131yla imzaland\u0131.\u00a0<\/span><\/p>\n<p>Mersin Valili\u011finden yap\u0131lan a\u00e7\u0131klamaya g\u00f6re, Sanayi ve Teknoloji Bakanl\u0131\u011f\u0131 koordinesinde \u00c7ukurova Kalk\u0131nma Ajans\u0131 (\u00c7KA) arac\u0131l\u0131\u011f\u0131yla y\u00fcr\u00fct\u00fclen ve \u2018Covid-19 ile M\u00fccadele ve Dayan\u0131kl\u0131l\u0131k Program\u0131\u2019 kapsam\u0131nda desteklenen \u2018Mevsimlik Tar\u0131m \u0130\u015f\u00e7ilerinin ve Ailelerinin Covid-19 Salg\u0131n\u0131na Kar\u015f\u0131 Korunmas\u0131 Projesi\u2019 imza t\u00f6reni, Vali Ali \u0130hsan Su ba\u015fkanl\u0131\u011f\u0131nda ger\u00e7ekle\u015ftirildi. Valilik toplant\u0131 salonunda d\u00fczenlenen t\u00f6rene, Vali Su\u2019nun yan\u0131 s\u0131ra proje sahibi \u00c7KA ile proje payda\u015flar\u0131 olan \u0130l Tar\u0131m ve Orman M\u00fcd\u00fcrl\u00fc\u011f\u00fc, \u0130l Sa\u011fl\u0131k M\u00fcd\u00fcrl\u00fc\u011f\u00fc ve Avrupa Birli\u011fi ve D\u0131\u015f \u0130li\u015fkiler B\u00fcrosu temsilcileri kat\u0131ld\u0131.\u00a0<br \/>\nVali Su, imzalar at\u0131lmadan \u00f6nce yapt\u0131\u011f\u0131 konu\u015fmada, Mersin\u2019e gelen mevsimlik tar\u0131m i\u015f\u00e7ilerinin konaklayacaklar\u0131 alanlarda korona vir\u00fcs salg\u0131n\u0131n\u0131n yay\u0131l\u0131m\u0131n\u0131n engellenmesi i\u00e7in al\u0131nacak tedbirlerin \u00f6nemine i\u015faret eti. Su, \u201cProje, ilimizde tar\u0131msal \u00fcretimin kesintiye u\u011framamas\u0131, zor \u015fartlar alt\u0131nda tarladan sofram\u0131za y\u00fczlerce \u00e7e\u015fit mahsul\u00fcn ula\u015fmas\u0131nda b\u00fcy\u00fck emek ve \u00f6zveri sahibi olan mevsimlik tar\u0131m i\u015f\u00e7ilerinin olanaklar\u0131n\u0131n iyile\u015ftirilmesine \u00f6nemli katk\u0131 sa\u011flayacak\u201d dedi.\u00a0<br \/>\nVali Su, projenin hayata ge\u00e7irilmesinde eme\u011fi ge\u00e7en t\u00fcm ki\u015fi ve kurumlara te\u015fekk\u00fcr etti.\u00a0<br \/>\nAvrupa Birli\u011fi ve D\u0131\u015f \u0130li\u015fkiler B\u00fcrosu Birim Koordinat\u00f6r\u00fc Murat Ozan\u2019\u0131n, \u2018Korona Vir\u00fcs Tedbirleri Kapsam\u0131nda Mevsimlik Tar\u0131m \u0130\u015f\u00e7ileri\u2019 konulu bir sunum yapt\u0131\u011f\u0131 t\u00f6ren, g\u00f6r\u00fc\u015f ve \u00f6nerilerin al\u0131nmas\u0131 ile sona erdi.\u00a0<\/p>\n<p>Temizlik ve hijyen ko\u015fullar\u0131 iyile\u015ftirilecek\u00a0<br \/>\nProje kapsam\u0131nda mevsimlik tar\u0131m i\u015f\u00e7ilerinin ve ailelerinin ki\u015fisel temizlik ve hijyen ko\u015fullar\u0131n\u0131n iyile\u015ftirilmesi, korona vir\u00fcs hastal\u0131\u011f\u0131 ve korunma yollar\u0131na ili\u015fkin bilgilendirme yap\u0131lmas\u0131 ve hastal\u0131\u011fa kar\u015f\u0131 toplumda kal\u0131c\u0131 davran\u0131\u015f modellerinin yerle\u015fmesine katk\u0131 sa\u011flanmas\u0131 ama\u00e7lan\u0131yor. Projenin hayata ge\u00e7irilmesi ile Covid-19 salg\u0131n\u0131 ile m\u00fccadelede \u00e7ok tarafl\u0131 bir sistem kurularak mevsimlik i\u015f\u00e7i yerle\u015fkelerinde, i\u015f\u00e7ileri y\u00f6neten el\u00e7i, i\u015fveren ve tar\u0131m arac\u0131lar\u0131na bu salg\u0131nla m\u00fccadelede i\u015f\u00e7ilere rol model olmas\u0131 i\u00e7in g\u00f6rsel ve uygulamal\u0131 e\u011fitimler verilerek, salg\u0131na kar\u015f\u0131 bilincin art\u0131r\u0131lmas\u0131 hedefleniyor.\u00a0<br \/>\nProje ile b\u00f6lgeye gelen mevsimlik tar\u0131m i\u015f\u00e7ilerinin bar\u0131nma ve sosyal alan imkanlar\u0131n\u0131n art\u0131r\u0131lmas\u0131, ya\u015fam kalitelerinin y\u00fckseltilmesi, i\u015f\u00e7i aileleri i\u00e7inde bulunan \u00e7ocuklar\u0131n sa\u011fl\u0131k ve e\u011fitim haklar\u0131na kavu\u015fmas\u0131n\u0131n sa\u011flanmas\u0131 ve \u00e7ocuk i\u015f\u00e7ili\u011finin \u00f6nlenmesine katk\u0131da bulunulmas\u0131, b\u00f6ylelikle ya\u015fam ko\u015fullar\u0131n\u0131n iyile\u015ftirilerek \u00e7evreyle entegrasyonunun sa\u011flanmas\u0131 hedefleniyor.\u00a0<br \/>\nProje kapsam\u0131nda ayr\u0131ca bir izleme ve \u00f6nleme mekanizmas\u0131n\u0131n olu\u015fturulmas\u0131 ile Akdeniz il\u00e7esi Toros Mahallesi, Tarsus il\u00e7esi Kelahmet Mahallesi ve Silifke il\u00e7esi Kurtulu\u015f Mahallesinde \u00e7al\u0131\u015fan toplam bin 470 i\u015f\u00e7inin gerek sa\u011fl\u0131k gerekse i\u015f ve \u00e7al\u0131\u015fma takiplerinin yap\u0131lmas\u0131 planlan\u0131yor.\u00a0<\/p>\n","protected":false},"excerpt":{"rendered":"<p>Mersin\u2019e gelen mevsimlik tar\u0131m i\u015f\u00e7ilerinin korona vir\u00fcse kar\u015f\u0131 korunmalar\u0131n\u0131 sa\u011flayacak, temizlik ve hijyen ko\u015fullar\u0131n\u0131n iyile\u015ftirilmesini ama\u00e7layan, e\u011fitimlerin de verilece\u011fi \u2018Mevsimlik Tar\u0131m \u0130\u015f\u00e7ileri Projesi\u2019, Vali \u0130hsan Su\u2019nun kat\u0131l\u0131m\u0131yla imzaland\u0131.\u00a0 Mersin Valili\u011finden &hellip; <a href=\"https:\/\/akdenizolaygazetesi.com\/?p=6865\" class=\"more-link\">Devam\u0131n\u0131 Oku&#8230;<\/a><\/p>\n","protected":false},"author":1,"featured_media":0,"comment_status":"open","ping_status":"open","sticky":false,"template":"","format":"standard","meta":[],"categories":[],"tags":[],"_links":{"self":[{"href":"https:\/\/akdenizolaygazetesi.com\/index.php?rest_route=\/wp\/v2\/posts\/6865"}],"collection":[{"href":"https:\/\/akdenizolaygazetesi.com\/index.php?rest_route=\/wp\/v2\/posts"}],"about":[{"href":"https:\/\/akdenizolaygazetesi.com\/index.php?rest_route=\/wp\/v2\/types\/post"}],"author":[{"embeddable":true,"href":"https:\/\/akdenizolaygazetesi.com\/index.php?rest_route=\/wp\/v2\/users\/1"}],"replies":[{"embeddable":true,"href":"https:\/\/akdenizolaygazetesi.com\/index.php?rest_route=%2Fwp%2Fv2%2Fcomments&post=6865"}],"version-history":[{"count":0,"href":"https:\/\/akdenizolaygazetesi.com\/index.php?rest_route=\/wp\/v2\/posts\/6865\/revisions"}],"wp:attachment":[{"href":"https:\/\/akdenizolaygazetesi.com\/index.php?rest_route=%2Fwp%2Fv2%2Fmedia&parent=6865"}],"wp:term":[{"taxonomy":"category","embeddable":true,"href":"https:\/\/akdenizolaygazetesi.com\/index.php?rest_route=%2Fwp%2Fv2%2Fcategories&post=6865"},{"taxonomy":"post_tag","embeddable":true,"href":"https:\/\/akdenizolaygazetesi.com\/index.php?rest_route=%2Fwp%2Fv2%2Ftags&post=6865"}],"curies":[{"name":"wp","href":"https:\/\/api.w.org\/{rel}","templated":true}]}}