{"id":6885,"date":"2020-11-04T18:27:21","date_gmt":"2020-11-04T15:27:21","guid":{"rendered":"http:\/\/mersinekonomipolitikagazetesi.com\/?p=6885"},"modified":"2020-11-04T18:27:21","modified_gmt":"2020-11-04T15:27:21","slug":"vali-sudan-hemsirelere-pandemi-tesekkuru","status":"publish","type":"post","link":"https:\/\/akdenizolaygazetesi.com\/?p=6885","title":{"rendered":"Vali Su\u2019dan hem\u015firelere pandemi te\u015fekk\u00fcr\u00fc"},"content":{"rendered":"<p><span style=\"line-height: 1.6em;\">Mersin Valisi Ali \u0130hsan Su, Hem\u015fireler G\u00fcn\u00fc dolay\u0131s\u0131yla telekonferansla bir araya geldi\u011fi hem\u015firelere, salg\u0131nla m\u00fccadelede \u00f6n saflarda yo\u011fun gayret g\u00f6sterdikleri i\u00e7in te\u015fekk\u00fcr ederek, \u201cAld\u0131\u011f\u0131m\u0131z tedbirlerle b\u00fcy\u00fck\u015fehirler i\u00e7inde en az vaka ve \u00f6l\u00fcm oran\u0131na sahibiz. Ayn\u0131 birlik, beraberlik ve yakla\u015f\u0131mla bu s\u00fcreci hep birlikte sonu\u00e7land\u0131raca\u011f\u0131z. \u0130n\u015fallah k\u0131sa s\u00fcrede vir\u00fcs\u00fc ilimizde bitirmi\u015f olaca\u011f\u0131z\u201d dedi.\u00a0<\/span><\/p>\n<p>Vali Su, 12 May\u0131s Hem\u015fireler G\u00fcn\u00fc ve 12-18 May\u0131s Hem\u015fireler Haftas\u0131 kapsam\u0131nda \u0130l Sa\u011fl\u0131k M\u00fcd\u00fcr\u00fc Sinan Bah\u00e7ac\u0131 ve Mersin\u2019de hizmet veren yatakl\u0131 sa\u011fl\u0131k tesislerinde \u00e7al\u0131\u015fan hem\u015firelerle telekonferans g\u00f6r\u00fc\u015fmesinde bir araya geldi. 12 May\u0131s Hem\u015fireler G\u00fcn\u00fc dolay\u0131s\u0131yla sa\u011fl\u0131k sekt\u00f6r\u00fcn\u00fcn ve pandemi s\u00fcrecinin kahramanlar\u0131 olan hem\u015firelerin g\u00fcn\u00fcn\u00fc kutlamak amac\u0131yla yap\u0131lan telekonferans g\u00f6r\u00fc\u015fmesinde hem\u015firelere hitap eden Vali Su, \u201cKorona vir\u00fcs ile m\u00fccadele s\u00fcrecini hep birlikte y\u00fcr\u00fctmeye devam ediyoruz. Bu m\u00fccadelede siz hem\u015firelerin eme\u011fi \u00e7ok fazla. Salg\u0131n ile m\u00fccadelenin \u00f6n saflar\u0131nda yer al\u0131p, gecesini g\u00fcnd\u00fcz\u00fcne katarak milletimizin ve \u00fclkemizin bu salg\u0131n\u0131 en az hasarla atlatmas\u0131 i\u00e7in yo\u011fun gayret g\u00f6steren hem\u015firelerimizin nezdinde t\u00fcm sa\u011fl\u0131k \u00e7al\u0131\u015fanlar\u0131m\u0131za \u015f\u00fckranlar\u0131m\u0131 sunuyorum\u201d diye konu\u015ftu.\u00a0<\/p>\n<p>\u201cB\u00fcy\u00fck\u015fehirler i\u00e7inde en az vaka ve \u00f6l\u00fcm oran\u0131na sahibiz\u201d\u00a0<br \/>\nMersin\u2019de korona vir\u00fcsle m\u00fccadele s\u00fcrecinin devam etti\u011fini kaydeden Su, \u201cPandemi ile m\u00fccadele d\u00f6neminde devlet olarak h\u0131zl\u0131 ad\u0131mlar att\u0131k. Hi\u00e7 bir vatanda\u015f\u0131m\u0131z\u0131 yaln\u0131z b\u0131rakmad\u0131k. Vatanda\u015flar\u0131m\u0131z\u0131n \u00e7o\u011funlu\u011fu b\u00fcy\u00fck bir titizlikle al\u0131nan tedbirlere riayet etti. \u0130ki ayl\u0131k s\u00fcrecin sonunda salg\u0131n\u0131 b\u00fcy\u00fck oranda kontrol alt\u0131na ald\u0131k. Bu s\u00fcre\u00e7te Mersin olarak iyi bir s\u0131nav verdik. Sahada ekipman ve malzeme s\u0131k\u0131nt\u0131s\u0131 ya\u015famad\u0131k. Ald\u0131\u011f\u0131m\u0131z tedbirlerle b\u00fcy\u00fck\u015fehirler i\u00e7inde en az vaka ve \u00f6l\u00fcm oran\u0131na sahibiz. Ayn\u0131 birlik, beraberlik ve yakla\u015f\u0131mla bu s\u00fcreci hep birlikte sonu\u00e7land\u0131raca\u011f\u0131z. \u0130n\u015fallah k\u0131sa s\u00fcrede vir\u00fcs\u00fc ilimizde bitirmi\u015f olaca\u011f\u0131z. Bu anlamda b\u00fct\u00fcn hem\u015firelerimizin 12 May\u0131s Hem\u015fireler G\u00fcn\u00fcn\u00fc ve 12-18 May\u0131s Hem\u015fireler Haftas\u0131n\u0131 kutluyor, t\u00fcm sa\u011fl\u0131k \u00e7al\u0131\u015fanlar\u0131m\u0131za bu s\u00fcre\u00e7te g\u00f6sterdikleri emek, gayret ve \u00f6zverili \u00e7al\u0131\u015fmalar\u0131ndan dolay\u0131 te\u015fekk\u00fcr ediyorum\u201d ifadelerini kulland\u0131.\u00a0<\/p>\n<p>&#8220;Ebe ve hem\u015fire arkada\u015flar\u0131m\u0131 kutluyorum&#8221;\u00a0<br \/>\n\u0130l Sa\u011fl\u0131k M\u00fcd\u00fcr\u00fc Sinan Bah\u00e7ac\u0131 ise hem\u015firelerin bu \u00f6zel g\u00fcn\u00fcnde verdi\u011fi destek ve nazik d\u00fc\u015f\u00fcncelerinden dolay\u0131 Vali Su\u2019ya te\u015fekk\u00fcr etti. Ya\u015fanan bu s\u00fcre\u00e7te bir\u00e7ok sa\u011fl\u0131k \u00e7al\u0131\u015fan\u0131n\u0131n evinden ve ailesinden uzak kald\u0131\u011f\u0131na vurgu yapan Bah\u00e7ac\u0131, \u201cG\u00f6n\u00fcl isterdi ki, ge\u00e7ti\u011fimiz y\u0131llarda oldu\u011fu gibi hem\u015fire arkada\u015flar\u0131m\u0131zla bu \u00f6zel g\u00fcnlerinde bir arada olal\u0131m. Fakat bu s\u00fcre\u00e7 Bakan\u0131m\u0131z\u0131n da dedi\u011fi gibi eskisi kadar yak\u0131n olamayaca\u011f\u0131m\u0131z bir d\u00f6nem. Dolay\u0131s\u0131yla bug\u00fcn sizin nezdinizde evinden, ailesinden fedakarl\u0131k yaparak hizmet veren ebe ve hem\u015fire arkada\u015flar\u0131m\u0131 kutluyor, meslek hayatlar\u0131nda ba\u015far\u0131lar diliyorum\u201d dedi.\u00a0<br \/>\nTelekonferans g\u00f6r\u00fc\u015fmesinde sa\u011fl\u0131k tesislerinde g\u00f6revli hem\u015fireler de sadece bu d\u00f6nemde de\u011fil her zaman yanlar\u0131nda olan ba\u015fta Sa\u011fl\u0131k Bakan\u0131 Fahretin Koca olmak \u00fczere Vali Su ve \u0130l sa\u011fl\u0131k M\u00fcd\u00fcr\u00fc Bah\u00e7ac\u0131\u2019ya te\u015fekk\u00fcr etiler.\u00a0<\/p>\n","protected":false},"excerpt":{"rendered":"<p>Mersin Valisi Ali \u0130hsan Su, Hem\u015fireler G\u00fcn\u00fc dolay\u0131s\u0131yla telekonferansla bir araya geldi\u011fi hem\u015firelere, salg\u0131nla m\u00fccadelede \u00f6n saflarda yo\u011fun gayret g\u00f6sterdikleri i\u00e7in te\u015fekk\u00fcr ederek, \u201cAld\u0131\u011f\u0131m\u0131z tedbirlerle b\u00fcy\u00fck\u015fehirler i\u00e7inde en az vaka &hellip; <a href=\"https:\/\/akdenizolaygazetesi.com\/?p=6885\" class=\"more-link\">Devam\u0131n\u0131 Oku&#8230;<\/a><\/p>\n","protected":false},"author":1,"featured_media":0,"comment_status":"open","ping_status":"open","sticky":false,"template":"","format":"standard","meta":[],"categories":[],"tags":[],"_links":{"self":[{"href":"https:\/\/akdenizolaygazetesi.com\/index.php?rest_route=\/wp\/v2\/posts\/6885"}],"collection":[{"href":"https:\/\/akdenizolaygazetesi.com\/index.php?rest_route=\/wp\/v2\/posts"}],"about":[{"href":"https:\/\/akdenizolaygazetesi.com\/index.php?rest_route=\/wp\/v2\/types\/post"}],"author":[{"embeddable":true,"href":"https:\/\/akdenizolaygazetesi.com\/index.php?rest_route=\/wp\/v2\/users\/1"}],"replies":[{"embeddable":true,"href":"https:\/\/akdenizolaygazetesi.com\/index.php?rest_route=%2Fwp%2Fv2%2Fcomments&post=6885"}],"version-history":[{"count":0,"href":"https:\/\/akdenizolaygazetesi.com\/index.php?rest_route=\/wp\/v2\/posts\/6885\/revisions"}],"wp:attachment":[{"href":"https:\/\/akdenizolaygazetesi.com\/index.php?rest_route=%2Fwp%2Fv2%2Fmedia&parent=6885"}],"wp:term":[{"taxonomy":"category","embeddable":true,"href":"https:\/\/akdenizolaygazetesi.com\/index.php?rest_route=%2Fwp%2Fv2%2Fcategories&post=6885"},{"taxonomy":"post_tag","embeddable":true,"href":"https:\/\/akdenizolaygazetesi.com\/index.php?rest_route=%2Fwp%2Fv2%2Ftags&post=6885"}],"curies":[{"name":"wp","href":"https:\/\/api.w.org\/{rel}","templated":true}]}}