{"id":6924,"date":"2020-11-04T18:27:21","date_gmt":"2020-11-04T15:27:21","guid":{"rendered":"http:\/\/mersinekonomipolitikagazetesi.com\/?p=6924"},"modified":"2020-11-04T18:27:21","modified_gmt":"2020-11-04T15:27:21","slug":"tamir-ediyor-yeniliyor-ve-tasarliyoruz","status":"publish","type":"post","link":"https:\/\/akdenizolaygazetesi.com\/?p=6924","title":{"rendered":"&#8220;TAM\u0130R ED\u0130YOR, YEN\u0130L\u0130YOR VE TASARLIYORUZ&#8221;"},"content":{"rendered":"<p>\u00c7EYREK ASIRLIK USTADAN AYAKKABI TAM\u0130R\u0130 VE \u0130MALATI \u00dcZER\u0130NE T\u00dcYOLAR<\/p>\n<p><span style=\"line-height: 1.6em;\">Y\u0131llard\u0131r ayakkab\u0131 tamircili\u011fi ve imalat\u0131 yapan Mersinli Nezih Serin Usta ile r\u00f6portaj ger\u00e7ekle\u015ftirildi. \u00c7eyrek as\u0131r\u0131 a\u015fan tecr\u00fcbesini aktaran Nezih Usta ayakkab\u0131 tamir ve yenileme \u00e7al\u0131\u015fmalar\u0131n\u0131, sekt\u00f6r zorluklar\u0131n\u0131 ve ayakkab\u0131 tercihi i\u00e7in nelere dikkat edilmesi gerekti\u011fini anlatt\u0131.<\/span><\/p>\n<p>MERS\u0130N: Kendinizi biraz tan\u0131t\u0131r m\u0131s\u0131n\u0131z?\u00a0<\/p>\n<p>NEZ\u0130H SER\u0130N: Ad\u0131m Nezih Serin fakat b\u00fct\u00fcn sekt\u00f6rdeki arkada\u015flar ve sosyal alandaki dostlar\u0131m beni Nezih diye tan\u0131r. Evliyim ve \u00e7ocuklar\u0131m var. Ayakkab\u0131 tamiri ve \u00f6zel ayakkab\u0131 \u00fcretimi yap\u0131yor, eskiyen ayakkab\u0131lar\u0131 yenileyerek \u00e7al\u0131\u015f\u0131yorum. Mersin\u2019de 1992 y\u0131l\u0131nda ilkokulu bitirdikten sonra ayakkab\u0131 tamircili\u011fi mesle\u011fi ile tan\u0131\u015ft\u0131m. Ayakkab\u0131 tamir ve \u00f6zel ayakkab\u0131 tasar\u0131mc\u0131l\u0131\u011f\u0131nda 27 y\u0131l\u0131 doldurmak \u00fczereyim. Bu mesle\u011fi ger\u00e7ekten seviyorum ve ayakkab\u0131 bak\u0131m\u0131n\u0131n yan\u0131nda yenilik\u00e7i bir tarz olan lostra boya bak\u0131m merkezi ve yenileme \u00fczerine de \u00e7al\u0131\u015fmalar yap\u0131yorum. Mesle\u011fimi icra etti\u011fim ilk g\u00fcnlerden bu yana \u00fcretken ve h\u0131zl\u0131 \u00e7al\u0131\u015fmay\u0131 seven biriyim.<\/p>\n<p>MERS\u0130N: Bu i\u015fe nas\u0131l ba\u015flad\u0131n\u0131z?<\/p>\n<p>NEZ\u0130H SER\u0130N: Mesle\u011fe ilk olarak Silifke caddesinde Ankaral\u0131 Alim Usta\u2019n\u0131n yan\u0131nda 12 ya\u015f\u0131ndan askerlik d\u00f6nemime kadar yan\u0131nda bulundum. O g\u00fcnlerde ayakkab\u0131 imalat\u0131nda \u00e7al\u0131\u015farak tasar\u0131m ile u\u011fra\u015ft\u0131m. Sonras\u0131nda da bir\u00e7ok yerde ve alanda \u00e7al\u0131\u015fmalar\u0131m oldu. Sekt\u00f6rde yenilikler yapabilmek i\u00e7in \u0130stanbul\u2019da da bulundum. 2014 y\u0131l\u0131nda G\u00fcvenevler Mahallesi\u2019nde kendi i\u015f yerimi a\u00e7t\u0131m ve kendi i\u015f yerimin i\u015fletmecisi olarak devam ediyorum.<\/p>\n<p>\nMERS\u0130N: Mesle\u011finizden memnun musunuz?\u00a0<\/p>\n<p>NEZ\u0130H SER\u0130N: Ekonomik olarak ailemize ve kendimize yetece\u011fi kadar kazanc\u0131m\u0131z oluyor. B\u00fcy\u00fck ticari rakamlar konu\u015fulmasada en az\u0131ndan al\u0131n terimizle kazand\u0131\u011f\u0131m\u0131z ve emek sarf etti\u011fimiz bir \u00fccreti al\u0131yoruz. Kimseye muhta\u00e7 olmadan hayat\u0131n\u0131za y\u00f6n verebiliyorsunuz. Mesle\u011fimden memnunum ve gen\u00e7lere de tavsiye ediyorum sonu\u00e7ta bir alt\u0131n bilezik kazan\u0131yorsunuz. El eme\u011fi g\u00f6z nuru olarak \u00e7\u0131rakl\u0131k, kalfal\u0131k ve ustal\u0131k d\u00f6nemlerinde deneyiminiz art\u0131yor ve kazan\u0131m sa\u011fl\u0131yorsunuz.\u00a0<\/p>\n<p>MERS\u0130N: Ge\u00e7iminizi sa\u011flayabiliyor musunuz?<\/p>\n<p>NEZ\u0130H SER\u0130N: Ekonomik olarak ailemize ve kendimize yetece\u011fi kadar kazanc\u0131m\u0131z oluyor. B\u00fcy\u00fck ticari rakamlar konu\u015fulmasa da en az\u0131ndan al\u0131n terimizle kazand\u0131\u011f\u0131m\u0131z ve emek sarf etti\u011fimiz bir \u00fccreti al\u0131yoruz. Kimseye muhta\u00e7 olmadan hayat\u0131n\u0131za y\u00f6n verebiliyorsunuz<\/p>\n<p>MERS\u0130N: Ayakkab\u0131 alacaklara ne gibi tavsiyelerde bulunursunuz?<\/p>\n<p>NEZ\u0130H SER\u0130N: Ayakkab\u0131 imalat\u00e7\u0131l\u0131\u011f\u0131ndan yeti\u015fti\u011fim i\u00e7in bir\u00e7ok farkl\u0131 g\u00f6r\u00fc\u015fe sahibim. Bu konuda ki tecr\u00fcbelerimi \u00a0\u00f6zel olarak ayakkab\u0131 sipari\u015fi veren m\u00fc\u015fterilere aktar\u0131yorum. Farkl\u0131 ayak t\u00fcrlerine kar\u015f\u0131 gerek taban yap\u0131s\u0131 gerek kullan\u0131lan i\u00e7 ve d\u0131\u015f maddeleri se\u00e7iyor ve tasar\u0131m\u0131 yap\u0131yoruz. Bir \u00e7ok firmada d\u0131\u015f\u0131 deri olarak g\u00f6r\u00fcnen fakat suni deri de olabilen \u00fcr\u00fcnler var. D\u0131\u015f\u0131 deri olan fakat malzemeden ka\u00e7arak i\u00e7erisini plastik yapan yerlerde var. Bunlar hem ayak sa\u011fl\u0131\u011f\u0131n\u0131 etkiliyor hem de ayakta koku, a\u015f\u0131r\u0131 terleme ve daha farkl\u0131 problemlere neden olabiliyor. Bizler ise aya\u011fa ve ki\u015fiye uygun her t\u00fcrl\u00fc ayakkab\u0131y\u0131 en ba\u015fta sa\u011fl\u0131kl\u0131 ve modern \u015fekilde tasarlayabiliriz.\u00a0<\/p>\n<p>\nMERS\u0130N: Ayakkab\u0131 d\u0131\u015f\u0131nda yapt\u0131\u011f\u0131n\u0131z bir \u00fcr\u00fcn var m\u0131? Tamir i\u00e7in hangi \u00fcr\u00fcnler geliyor?<\/p>\n<p>\nNEZ\u0130H SER\u0130N: Ayakkab\u0131 tamirinin yan\u0131nda \u00e7anta, c\u00fczdan, valiz, \u00f6zel ayakkab\u0131 sipari\u015fi, kemer tamiri yapabiliyoruz. Bir\u00e7ok farkl\u0131 makine ve el eme\u011fiyle yenileme ve onarma \u00e7al\u0131\u015fmalar\u0131m\u0131z at\u00f6lyemizde ger\u00e7ekle\u015ftirilebiliyor. M\u00fc\u015fterileri en iyi d\u00fczeyde memnun etmek ve onlara mahcup olmamak i\u00e7in elimizden geldi\u011fi kadar \u00e7al\u0131\u015f\u0131yoruz.\u00a0<\/p>\n<p>\nMERS\u0130N: Ailenizde bu mesle\u011fi devam ettirmek isteyen kimse var m\u0131?<\/p>\n<p>NEZ\u0130H SER\u0130N: Ailemden bu meslek i\u00e7in yeti\u015ftirdi\u011fim 17 ya\u015f\u0131nda ki o\u011flum Bar\u0131\u015f var. Okula gidiyor ve bo\u015f zamanlar\u0131nda burada bana yard\u0131mc\u0131 oluyor. Kendisi alt\u0131n bilezik edinerek di\u011fer ya\u015f\u0131tlar\u0131ndan daha farkl\u0131 bir sekt\u00f6rde \u00e7al\u0131\u015f\u0131yor. B\u00fcy\u00fcd\u00fc\u011f\u00fcnde usta olmak ve kendi i\u015f yerini a\u00e7mak istiyor. Fakat s\u00f6ylemek isterim ki hem ayakkab\u0131c\u0131l\u0131k sekt\u00f6r\u00fcnde hemde farkl\u0131 sekt\u00f6rlerde eleman bulmak yeti\u015ftirecek ki\u015fi bulmak \u00e7ok zor. Kimse bu sekt\u00f6rlere \u00e7ocuklar\u0131n\u0131 g\u00f6ndermiyor.<\/p>\n<p>\nMERS\u0130N: Koronavir\u00fcs salg\u0131n\u0131 i\u015flerinizi nas\u0131l etkiledi?<\/p>\n<p>NEZ\u0130H SER\u0130N: Korona vir\u00fcs salg\u0131n\u0131 ile birlikte t\u00fcm T\u00fcrkiye gibi bizlerde olumsuz etkilendik. Fakat s\u00fcre\u00e7te hizmet edebilmek i\u00e7in maske ve eldivenlerimizi kullanarak, dezenfekte ederek \u00e7al\u0131\u015f\u0131yoruz. M\u00fc\u015fteri giri\u015f \u00e7\u0131k\u0131\u015f\u0131n\u0131 engelleyerek \u00fcr\u00fcnleri kap\u0131dan al\u0131p kap\u0131da teslim ediyoruz. Sa\u011fl\u0131k her\u015feyin ba\u015f\u0131 m\u00fc\u015fterilerin sa\u011fl\u0131\u011f\u0131n\u0131 her zaman d\u00fc\u015f\u00fcn\u00fcyoruz. Ekonomik olarak zorlansakta \u00e7al\u0131\u015fma saatlerini d\u00fczenledik.\u00a0<\/p>\n<p>\nMERS\u0130N: Ayakkab\u0131 yenileme \u00fczerine \u00e7al\u0131\u015fmalar\u0131n\u0131z var m\u0131 ve sosyal medya ile uyumunuz ne d\u00fczeyde?<\/p>\n<p>NEZ\u0130H SER\u0130N: Y\u0131llar teknolojiyi ve bizleri de de\u011fi\u015ftiriyor. Sosyal medya ve farkl\u0131 platformlarda bir\u00e7ok kanal \u00fczerinden vatanda\u015flara ula\u015f\u0131yoruz. Ayakkab\u0131 tamirinin yan\u0131 s\u0131ra eskiyi getir yepyeni al dedi\u011fimiz lostra dedi\u011fimiz ayakkab\u0131lar\u0131n renklerini yeniliyor, tamirat\u0131n\u0131 yap\u0131yor ve ilk g\u00fcnk\u00fc haline d\u00f6n\u00fc\u015ft\u00fcrerek hizmet veriyoruz. Ayakkab\u0131lar\u0131n\u0131z\u0131 atmay\u0131n biz sizler i\u00e7in yenileyelim ve kullanmaya devam edin diyerek \u00e7al\u0131\u015f\u0131yoruz. \u00c7ekirdekten yeti\u015fme oldu\u011fumuz i\u00e7in her t\u00fcrl\u00fc \u00fcr\u00fcn \u00fczerinde \u00e7al\u0131\u015fabiliyoruz. Sosyal medya da ise \u2018Mersin Lostra\u2019 instagram sayfam\u0131zdan sipari\u015f al\u0131yor ve 81 ile hizmet verebiliyoruz. Kargo ile gelen \u00fcr\u00fcnler yine yenileme \u00e7al\u0131\u015fmas\u0131 sonras\u0131 dezenfekte edilerek kargo ile adreslere ula\u015ft\u0131r\u0131l\u0131yor.\u00a0<\/p>\n","protected":false},"excerpt":{"rendered":"<p>\u00c7EYREK ASIRLIK USTADAN AYAKKABI TAM\u0130R\u0130 VE \u0130MALATI \u00dcZER\u0130NE T\u00dcYOLAR Y\u0131llard\u0131r ayakkab\u0131 tamircili\u011fi ve imalat\u0131 yapan Mersinli Nezih Serin Usta ile r\u00f6portaj ger\u00e7ekle\u015ftirildi. \u00c7eyrek as\u0131r\u0131 a\u015fan tecr\u00fcbesini aktaran Nezih Usta ayakkab\u0131 &hellip; <a href=\"https:\/\/akdenizolaygazetesi.com\/?p=6924\" class=\"more-link\">Devam\u0131n\u0131 Oku&#8230;<\/a><\/p>\n","protected":false},"author":1,"featured_media":0,"comment_status":"open","ping_status":"open","sticky":false,"template":"","format":"standard","meta":[],"categories":[],"tags":[],"_links":{"self":[{"href":"https:\/\/akdenizolaygazetesi.com\/index.php?rest_route=\/wp\/v2\/posts\/6924"}],"collection":[{"href":"https:\/\/akdenizolaygazetesi.com\/index.php?rest_route=\/wp\/v2\/posts"}],"about":[{"href":"https:\/\/akdenizolaygazetesi.com\/index.php?rest_route=\/wp\/v2\/types\/post"}],"author":[{"embeddable":true,"href":"https:\/\/akdenizolaygazetesi.com\/index.php?rest_route=\/wp\/v2\/users\/1"}],"replies":[{"embeddable":true,"href":"https:\/\/akdenizolaygazetesi.com\/index.php?rest_route=%2Fwp%2Fv2%2Fcomments&post=6924"}],"version-history":[{"count":0,"href":"https:\/\/akdenizolaygazetesi.com\/index.php?rest_route=\/wp\/v2\/posts\/6924\/revisions"}],"wp:attachment":[{"href":"https:\/\/akdenizolaygazetesi.com\/index.php?rest_route=%2Fwp%2Fv2%2Fmedia&parent=6924"}],"wp:term":[{"taxonomy":"category","embeddable":true,"href":"https:\/\/akdenizolaygazetesi.com\/index.php?rest_route=%2Fwp%2Fv2%2Fcategories&post=6924"},{"taxonomy":"post_tag","embeddable":true,"href":"https:\/\/akdenizolaygazetesi.com\/index.php?rest_route=%2Fwp%2Fv2%2Ftags&post=6924"}],"curies":[{"name":"wp","href":"https:\/\/api.w.org\/{rel}","templated":true}]}}