{"id":6944,"date":"2020-11-04T18:27:22","date_gmt":"2020-11-04T15:27:22","guid":{"rendered":"http:\/\/mersinekonomipolitikagazetesi.com\/?p=6944"},"modified":"2020-11-04T18:27:22","modified_gmt":"2020-11-04T15:27:22","slug":"isine-son-verilen-belediye-iscisi-babaya-is-gorme-engelli-cocuklarina-egitim-destegi","status":"publish","type":"post","link":"https:\/\/akdenizolaygazetesi.com\/?p=6944","title":{"rendered":"\u0130\u015fine son verilen belediye i\u015f\u00e7isi babaya i\u015f, g\u00f6rme engelli \u00e7ocuklar\u0131na e\u011fitim deste\u011fi"},"content":{"rendered":"<p><span style=\"font-family: sans-serif; font-size: 14px; text-align: justify; background-color: rgb(242, 244, 245);\">Mersin B\u00fcy\u00fck\u015fehir Belediyesinde performans d\u00fc\u015f\u00fckl\u00fc\u011f\u00fc gerek\u00e7esiyle 19 Aral\u0131k 2019\u2019da i\u015ften \u00e7\u0131kar\u0131lan, ge\u00e7en hafta evine g\u00f6nderilen g\u0131da kolisini, iki g\u00f6rme engelli \u00e7ocu\u011fuyla birlikte gitti\u011fi belediyenin \u00f6n\u00fcne b\u0131rakan 14 y\u0131ll\u0131k i\u015f\u00e7i Ufuk Eser\u2019e, Akdeniz Belediye Ba\u015fkan\u0131 Mustafa G\u00fcltak\u2019tan da destek geldi. G\u00fcltak, evinde ziyaret etti\u011fi Eser ailesinin 3 \u00e7ocu\u011funa de e\u011fitim deste\u011fi s\u00f6z\u00fc verdi.<\/span><br style=\"box-sizing: border-box; font-family: sans-serif; font-size: 14px; text-align: justify; background-color: rgb(242, 244, 245);\" \/><br \/>\n<span style=\"font-family: sans-serif; font-size: 14px; text-align: justify; background-color: rgb(242, 244, 245);\">Mersin B\u00fcy\u00fck\u015fehir Belediyesi Su ve Kanalizasyon \u0130daresi (MESK\u0130) Genel M\u00fcd\u00fcrl\u00fc\u011f\u00fc b\u00fcnyesinde 14 y\u0131ld\u0131r i\u015f\u00e7i olarak \u00e7al\u0131\u015fan, ikisi g\u00f6rme engelli \u00fc\u00e7 \u00e7ocuk babas\u0131 Ufuk Eser, 19 Aral\u0131k 2019\u2019da performans d\u00fc\u015f\u00fckl\u00fc\u011f\u00fc gerek\u00e7e g\u00f6sterilerek i\u015ften \u00e7\u0131kar\u0131lmas\u0131n\u0131n ard\u0131ndan, ge\u00e7en hafta belediyenin evine b\u0131rakt\u0131\u011f\u0131 g\u0131da kolisini belediyenin \u00f6n\u00fcne b\u0131rakmas\u0131yla g\u00fcndeme gelmi\u015fti. Yan\u0131na iki g\u00f6rme engelli \u00e7ocu\u011funu da alarak B\u00fcy\u00fck\u015fehir Belediyesi \u00f6n\u00fcne giden 42 ya\u015f\u0131ndaki Eser\u2019in isyan\u0131 sosyal medyada yay\u0131l\u0131nca, Mersin Valisi Ali \u0130hsan Su, aileyi evinde ziyaret ederek, babaya i\u015f bulma s\u00f6z\u00fc vermi\u015fti.<\/span><br style=\"box-sizing: border-box; font-family: sans-serif; font-size: 14px; text-align: justify; background-color: rgb(242, 244, 245);\" \/><br \/>\n<br style=\"box-sizing: border-box; font-family: sans-serif; font-size: 14px; text-align: justify; background-color: rgb(242, 244, 245);\" \/><br \/>\n<span style=\"font-family: sans-serif; font-size: 14px; text-align: justify; background-color: rgb(242, 244, 245);\">G\u00fcltak\u2019tan aileye ziyaret ve e\u011fitim deste\u011fi s\u00f6z\u00fc<\/span><br style=\"box-sizing: border-box; font-family: sans-serif; font-size: 14px; text-align: justify; background-color: rgb(242, 244, 245);\" \/><br \/>\n<span style=\"font-family: sans-serif; font-size: 14px; text-align: justify; background-color: rgb(242, 244, 245);\">Mersin\u2019in merkez il\u00e7e Akdeniz Belediye Ba\u015fkan\u0131 Muhammet Mustafa G\u00fcltak da bug\u00fcn Eser ailesini, merkez Toroslar il\u00e7esi Akbelen Mahallesi&#8217;ndeki evinde ziyaret etti. Ufuk Eser ve e\u015fi 39 ya\u015f\u0131ndaki Neslihan Eser taraf\u0131ndan kar\u015f\u0131lanan Ba\u015fkan G\u00fcltak, bir s\u00fcre aile ile sohbet etti. Ailenin 17 ya\u015f\u0131ndaki \u00e7ocu\u011fu Alperen\u2019in \u00f6n\u00fcm\u00fczdeki y\u0131l \u00fcniversite s\u0131nav\u0131na haz\u0131rlanaca\u011f\u0131n\u0131, 6\u2019nc\u0131 s\u0131n\u0131fa ba\u015flayacak g\u00f6rme engelli 12 ya\u015f\u0131ndaki Arda ve birinci s\u0131n\u0131fa ba\u015flayacak 6 ya\u015f\u0131ndaki Eren\u2019in e\u011fitim durumlar\u0131yla ilgili bilgi alan G\u00fcltak, \u00e7ocuklara e\u011fitim deste\u011fi sa\u011flayacaklar\u0131 s\u00f6z\u00fcn\u00fc verdi.<\/span><br style=\"box-sizing: border-box; font-family: sans-serif; font-size: 14px; text-align: justify; background-color: rgb(242, 244, 245);\" \/><br \/>\n<br style=\"box-sizing: border-box; font-family: sans-serif; font-size: 14px; text-align: justify; background-color: rgb(242, 244, 245);\" \/><br \/>\n<span style=\"font-family: sans-serif; font-size: 14px; text-align: justify; background-color: rgb(242, 244, 245);\">\u201cBundan sonra ailenin yan\u0131nda yer alaca\u011f\u0131z\u201d<\/span><br style=\"box-sizing: border-box; font-family: sans-serif; font-size: 14px; text-align: justify; background-color: rgb(242, 244, 245);\" \/><br \/>\n<span style=\"font-family: sans-serif; font-size: 14px; text-align: justify; background-color: rgb(242, 244, 245);\">G\u00fcltak, ziyarette yapt\u0131\u011f\u0131 a\u00e7\u0131klamada, i\u015f, ekmek ve a\u015f\u0131n en az namus kadar kutsal oldu\u011funu vurgulad\u0131. Se\u00e7ildi\u011fi g\u00fcnden bug\u00fcne kadar ne performans ne siyasi g\u00f6r\u00fc\u015f ne de ba\u015fka bir nedenle hi\u00e7bir \u00e7al\u0131\u015fan\u0131 i\u015ften \u00e7\u0131kartmad\u0131\u011f\u0131n\u0131 belirten G\u00fcltak, \u201cE\u011fer bir sorun varsa savunma hakk\u0131 veriyoruz, birka\u00e7 \u015fans tan\u0131yoruz; ger\u00e7ekten \u00e7al\u0131\u015fmak istemiyor veya ama\u00e7lar\u0131 farkl\u0131ysa tabi ki yollar\u0131m\u0131z\u0131 ay\u0131r\u0131r\u0131z. Bug\u00fcn bu aileyi ziyaret ediyoruz; \u00e7ok de\u011ferli bir babam\u0131z, annemiz ve \u00fc\u00e7 \u00e7ocu\u011fumuz var. \u0130ki \u00e7ocu\u011fumuz da g\u00f6rme engelli. B\u00f6yle bir ailenin altyap\u0131s\u0131 ara\u015ft\u0131r\u0131lmadan, bu \u00e7ocuklar\u0131n durumu d\u00fc\u015f\u00fcn\u00fclmeden bu ebeveynlerin b\u00f6yle zor durumda b\u0131rak\u0131lmas\u0131 hi\u00e7 ho\u015f bir davran\u0131\u015f de\u011fil. Performans da dense, en az\u0131ndan \u00e7\u0131kartaca\u011f\u0131n\u0131z insanlar\u0131n aile yap\u0131lar\u0131n\u0131n da bir y\u00f6netici olarak g\u00f6zetilmesi gerekir. Dolay\u0131s\u0131yla ben \u00fczg\u00fcn\u00fcm. Bundan sonra da ailenin yan\u0131nda yer alaca\u011f\u0131z\u201d dedi.<\/span><br style=\"box-sizing: border-box; font-family: sans-serif; font-size: 14px; text-align: justify; background-color: rgb(242, 244, 245);\" \/><br \/>\n<br style=\"box-sizing: border-box; font-family: sans-serif; font-size: 14px; text-align: justify; background-color: rgb(242, 244, 245);\" \/><br \/>\n<span style=\"font-family: sans-serif; font-size: 14px; text-align: justify; background-color: rgb(242, 244, 245);\">\u201c\u00c7ocuklar\u0131n e\u011fitimi i\u00e7in her t\u00fcrl\u00fc deste\u011fi verece\u011fiz\u201d<\/span><br style=\"box-sizing: border-box; font-family: sans-serif; font-size: 14px; text-align: justify; background-color: rgb(242, 244, 245);\" \/><br \/>\n<span style=\"font-family: sans-serif; font-size: 14px; text-align: justify; background-color: rgb(242, 244, 245);\">\u00c7ocuklar\u0131n e\u011fitimiyle ilgili hemen giri\u015fimlere ba\u015flayacaklar\u0131n\u0131 dile getiren G\u00fcltak, \u201cHemen hem Valimizle g\u00f6r\u00fc\u015f\u00fcp hem de Milli E\u011fitim Bakanl\u0131\u011f\u0131m\u0131za, L\u00fctfi Elvan vas\u0131tas\u0131yla ula\u015f\u0131p, ilk ba\u015fta \u00e7ocuklar\u0131m\u0131z\u0131n e\u011fitimi konusunda destek olal\u0131m. Gencimiz, seneye lise son s\u0131n\u0131fa ge\u00e7ecek, e\u011fitimiyle ilgili bir amac\u0131 var, o konuda destek olal\u0131m. Ailenin ma\u011fduriyetini g\u00f6rd\u00fck. Ailenin de iyi g\u00fcnde k\u00f6t\u00fc g\u00fcnde her zaman yan\u0131nda yer alaca\u011f\u0131z ve evlerine a\u015f girmesi, bir i\u015f olmas\u0131 i\u00e7in \u00e7aba sarf edece\u011fiz. \u0130stiyoruz ki, emek\u00e7iler i\u015fsiz kalmas\u0131n. Ekmek namustur; kimsenin namusuyla u\u011fra\u015f\u0131lmas\u0131n; i\u015f\u00e7ilerimize birka\u00e7 kere hak verilsin\u201d diye konu\u015ftu.<\/span><br style=\"box-sizing: border-box; font-family: sans-serif; font-size: 14px; text-align: justify; background-color: rgb(242, 244, 245);\" \/><br \/>\n<span style=\"font-family: sans-serif; font-size: 14px; text-align: justify; background-color: rgb(242, 244, 245);\">G\u00fcltak, g\u00f6rme engelli \u00e7ocuklar\u0131n e\u011fitimi konusunda da gereken her t\u00fcrl\u00fc deste\u011fi sa\u011flayacaklar\u0131n\u0131 kaydetti.<\/span><br style=\"box-sizing: border-box; font-family: sans-serif; font-size: 14px; text-align: justify; background-color: rgb(242, 244, 245);\" \/><br \/>\n<br style=\"box-sizing: border-box; font-family: sans-serif; font-size: 14px; text-align: justify; background-color: rgb(242, 244, 245);\" \/><br \/>\n<span style=\"font-family: sans-serif; font-size: 14px; text-align: justify; background-color: rgb(242, 244, 245);\">\u201c\u015eok oldum\u201d<\/span><br style=\"box-sizing: border-box; font-family: sans-serif; font-size: 14px; text-align: justify; background-color: rgb(242, 244, 245);\" \/><br \/>\n<span style=\"font-family: sans-serif; font-size: 14px; text-align: justify; background-color: rgb(242, 244, 245);\">Ufuk Eser de arkalar\u0131nda olduklar\u0131n\u0131 hissettirdikleri i\u00e7in Vali Su ve Ba\u015fkan G\u00fcltak\u2019a te\u015fekk\u00fcr etti. \u0130\u015ften \u00e7\u0131kar\u0131ld\u0131\u011f\u0131 s\u00fcreci ve bug\u00fcne kadar ya\u015fad\u0131klar\u0131n\u0131 anlatan Eser, \u201cBu 5 ayl\u0131k s\u00fcre\u00e7 bizim i\u00e7in \u00e7ok k\u00f6t\u00fc ge\u00e7ti. Art\u0131k psikolojimiz bozuldu. 14 y\u0131ld\u0131r gece-g\u00fcnd\u00fcz hizmet ettim, emek verdim. 2,5 y\u0131l su deposunda kokunun i\u00e7inde \u00e7al\u0131\u015ft\u0131m, her yerde \u00e7al\u0131\u015ft\u0131m. Bug\u00fcne kadar b\u0131rak\u0131n bana bir tutanak, bir amirim y\u00fcksek sesle \u2018sen bunu nas\u0131l yapt\u0131n\u2019 bile demedi. \u015eok oldum, 3 Aral\u0131k Engelliler G\u00fcn\u00fcnde beni MESK\u0130\u2019ye \u00e7a\u011f\u0131r\u0131p, performans ad\u0131 alt\u0131nda bir tutanak imzalat\u0131ld\u0131; 19 Aral\u0131k\u2019ta da i\u015fime son verildi\u201d ifadelerini kulland\u0131.<\/span><br style=\"box-sizing: border-box; font-family: sans-serif; font-size: 14px; text-align: justify; background-color: rgb(242, 244, 245);\" \/><br \/>\n<br style=\"box-sizing: border-box; font-family: sans-serif; font-size: 14px; text-align: justify; background-color: rgb(242, 244, 245);\" \/><br \/>\n<span style=\"font-family: sans-serif; font-size: 14px; text-align: justify; background-color: rgb(242, 244, 245);\">\u201cEvime koli g\u00f6ndermeleri \u00e7ok zoruma gitti\u201d<\/span><br style=\"box-sizing: border-box; font-family: sans-serif; font-size: 14px; text-align: justify; background-color: rgb(242, 244, 245);\" \/><br \/>\n<span style=\"font-family: sans-serif; font-size: 14px; text-align: justify; background-color: rgb(242, 244, 245);\">O tarihten itibaren \u00e7ok m\u00fccadele etti\u011fini, bir\u00e7ok kez \u00e7ocuklar\u0131n evrak\u0131yla birlikte belediye yetkililerine gitti\u011fini belirten Eser, \u201cHatta CHP Genel Ba\u015fkan\u0131 namus s\u00f6z\u00fc vermi\u015fti, \u2018i\u015ften \u00e7\u0131kar\u0131lan ki\u015fi gelsin beni bulsun\u2019 demi\u015fti, Ankara\u2019ya CHP&#8217;ye kadar gittim, \u00f6zel kalemine evrak\u0131m\u0131 verdim ama bir sonu\u00e7 alamad\u0131m. Kimse bana d\u00f6nmedi. Birka\u00e7 g\u00fcn \u00f6nce de evime erzak kolisi b\u0131rakm\u0131\u015flar. Elimden ekme\u011fim al\u0131n\u0131p da bir erzak kolisi g\u00f6ndermek \u00e7ok zoruma gitti. Ben kimseden yard\u0131m beklemiyorum, yard\u0131m istemedim. Engelli \u00e7ocuklar\u0131m\u0131 ald\u0131m, B\u00fcy\u00fck\u015fehir Belediyesinin \u00f6n\u00fcne gittim ve koliyi belediyenin \u00f6n\u00fcne atarak Vahap ba\u015fkana seslendim. Yap\u0131lan\u0131n haks\u0131zl\u0131k oldu\u011funu s\u00f6yledim. Sesimi duyurmak istedim. Sadece kendim i\u00e7in de\u011fil, i\u015ften \u00e7\u0131kar\u0131lan di\u011fer arkada\u015flar\u0131m i\u00e7in de bu eylemi ger\u00e7ekle\u015ftirdim. Onlar i\u00e7in de in\u015fallah bir ses olmu\u015fumdur. Allah raz\u0131 olsun devletimizden. Birka\u00e7 g\u00fcnd\u00fcr arkamda olduklar\u0131n\u0131 hissettim. Ben bu kadar olaca\u011f\u0131n\u0131 tahmin etmiyordum. Sa\u011f olsunlar; Valim ve Ba\u015fkan G\u00fcltak\u2019tan Allah raz\u0131 olsun. En az\u0131ndan arkam\u0131zdalar, bize o yeter. Onur duyduk\u201d dedi.<\/span><\/p>\n","protected":false},"excerpt":{"rendered":"<p>Mersin B\u00fcy\u00fck\u015fehir Belediyesinde performans d\u00fc\u015f\u00fckl\u00fc\u011f\u00fc gerek\u00e7esiyle 19 Aral\u0131k 2019\u2019da i\u015ften \u00e7\u0131kar\u0131lan, ge\u00e7en hafta evine g\u00f6nderilen g\u0131da kolisini, iki g\u00f6rme engelli \u00e7ocu\u011fuyla birlikte gitti\u011fi belediyenin \u00f6n\u00fcne b\u0131rakan 14 y\u0131ll\u0131k i\u015f\u00e7i Ufuk &hellip; <a href=\"https:\/\/akdenizolaygazetesi.com\/?p=6944\" class=\"more-link\">Devam\u0131n\u0131 Oku&#8230;<\/a><\/p>\n","protected":false},"author":1,"featured_media":0,"comment_status":"open","ping_status":"open","sticky":false,"template":"","format":"standard","meta":[],"categories":[],"tags":[],"_links":{"self":[{"href":"https:\/\/akdenizolaygazetesi.com\/index.php?rest_route=\/wp\/v2\/posts\/6944"}],"collection":[{"href":"https:\/\/akdenizolaygazetesi.com\/index.php?rest_route=\/wp\/v2\/posts"}],"about":[{"href":"https:\/\/akdenizolaygazetesi.com\/index.php?rest_route=\/wp\/v2\/types\/post"}],"author":[{"embeddable":true,"href":"https:\/\/akdenizolaygazetesi.com\/index.php?rest_route=\/wp\/v2\/users\/1"}],"replies":[{"embeddable":true,"href":"https:\/\/akdenizolaygazetesi.com\/index.php?rest_route=%2Fwp%2Fv2%2Fcomments&post=6944"}],"version-history":[{"count":0,"href":"https:\/\/akdenizolaygazetesi.com\/index.php?rest_route=\/wp\/v2\/posts\/6944\/revisions"}],"wp:attachment":[{"href":"https:\/\/akdenizolaygazetesi.com\/index.php?rest_route=%2Fwp%2Fv2%2Fmedia&parent=6944"}],"wp:term":[{"taxonomy":"category","embeddable":true,"href":"https:\/\/akdenizolaygazetesi.com\/index.php?rest_route=%2Fwp%2Fv2%2Fcategories&post=6944"},{"taxonomy":"post_tag","embeddable":true,"href":"https:\/\/akdenizolaygazetesi.com\/index.php?rest_route=%2Fwp%2Fv2%2Ftags&post=6944"}],"curies":[{"name":"wp","href":"https:\/\/api.w.org\/{rel}","templated":true}]}}