{"id":6945,"date":"2020-11-04T18:27:24","date_gmt":"2020-11-04T15:27:24","guid":{"rendered":"http:\/\/mersinekonomipolitikagazetesi.com\/?p=6945"},"modified":"2020-11-04T18:27:24","modified_gmt":"2020-11-04T15:27:24","slug":"yilan-otomobilden-inip-itfaiye-aracina-bindi","status":"publish","type":"post","link":"https:\/\/akdenizolaygazetesi.com\/?p=6945","title":{"rendered":"Y\u0131lan otomobilden inip, itfaiye arac\u0131na bindi"},"content":{"rendered":"<p><span style=\"font-family: sans-serif; font-size: 14px; text-align: justify; background-color: rgb(242, 244, 245);\">Mersin\u2019in Silifke il\u00e7esinde bir otomobilin alt\u0131na giren 1 metre uzunlu\u011fundaki boz y\u0131lan, ara\u00e7tan inip m\u00fcdahale i\u00e7in olay yerine gelen itfaiye ekiplerinin arac\u0131n\u0131n tamponuna girdi.<\/span><br style=\"box-sizing: border-box; font-family: sans-serif; font-size: 14px; text-align: justify; background-color: rgb(242, 244, 245);\" \/><br \/>\n<span style=\"font-family: sans-serif; font-size: 14px; text-align: justify; background-color: rgb(242, 244, 245);\">Olay, Saray Mahallesi&#8217;nde meydana geldi. Bir otomobilin alt\u0131na 1 metre uzunlu\u011funda y\u0131lan girdi\u011fini g\u00f6ren vatanda\u015flar durumu itfaiye ekiplerine bildirdi.<\/span><br style=\"box-sizing: border-box; font-family: sans-serif; font-size: 14px; text-align: justify; background-color: rgb(242, 244, 245);\" \/><br \/>\n<span style=\"font-family: sans-serif; font-size: 14px; text-align: justify; background-color: rgb(242, 244, 245);\">Olay yerine gelen itfaiye ekipleri otomobilin sahibine ula\u015f\u0131p arac\u0131n kap\u0131s\u0131n\u0131 a\u00e7t\u0131rd\u0131lar. B\u00fct\u00fcn aramalara ve m\u00fcdahalelere kar\u015f\u0131 g\u00f6r\u00fclmeyen y\u0131lan, kendili\u011finden arac\u0131n alt\u0131ndan \u00e7\u0131k\u0131p, hemen yan tarafta bulunan itfaiye arac\u0131n\u0131n tamponuna girdi.<\/span><br style=\"box-sizing: border-box; font-family: sans-serif; font-size: 14px; text-align: justify; background-color: rgb(242, 244, 245);\" \/><br \/>\n<span style=\"font-family: sans-serif; font-size: 14px; text-align: justify; background-color: rgb(242, 244, 245);\">Hem olay yerinde, hem de Mersin B\u00fcy\u00fck\u015fehir Belediyesi Silifke \u0130tfaiye Amirli\u011finde yap\u0131lan t\u00fcm aramalara kar\u015f\u0131 arac\u0131n alt\u0131na giren y\u0131lan bulunamad\u0131.<\/span><\/p>\n","protected":false},"excerpt":{"rendered":"<p>Mersin\u2019in Silifke il\u00e7esinde bir otomobilin alt\u0131na giren 1 metre uzunlu\u011fundaki boz y\u0131lan, ara\u00e7tan inip m\u00fcdahale i\u00e7in olay yerine gelen itfaiye ekiplerinin arac\u0131n\u0131n tamponuna girdi. Olay, Saray Mahallesi&#8217;nde meydana geldi. Bir &hellip; <a href=\"https:\/\/akdenizolaygazetesi.com\/?p=6945\" class=\"more-link\">Devam\u0131n\u0131 Oku&#8230;<\/a><\/p>\n","protected":false},"author":1,"featured_media":0,"comment_status":"open","ping_status":"open","sticky":false,"template":"","format":"standard","meta":[],"categories":[],"tags":[],"_links":{"self":[{"href":"https:\/\/akdenizolaygazetesi.com\/index.php?rest_route=\/wp\/v2\/posts\/6945"}],"collection":[{"href":"https:\/\/akdenizolaygazetesi.com\/index.php?rest_route=\/wp\/v2\/posts"}],"about":[{"href":"https:\/\/akdenizolaygazetesi.com\/index.php?rest_route=\/wp\/v2\/types\/post"}],"author":[{"embeddable":true,"href":"https:\/\/akdenizolaygazetesi.com\/index.php?rest_route=\/wp\/v2\/users\/1"}],"replies":[{"embeddable":true,"href":"https:\/\/akdenizolaygazetesi.com\/index.php?rest_route=%2Fwp%2Fv2%2Fcomments&post=6945"}],"version-history":[{"count":0,"href":"https:\/\/akdenizolaygazetesi.com\/index.php?rest_route=\/wp\/v2\/posts\/6945\/revisions"}],"wp:attachment":[{"href":"https:\/\/akdenizolaygazetesi.com\/index.php?rest_route=%2Fwp%2Fv2%2Fmedia&parent=6945"}],"wp:term":[{"taxonomy":"category","embeddable":true,"href":"https:\/\/akdenizolaygazetesi.com\/index.php?rest_route=%2Fwp%2Fv2%2Fcategories&post=6945"},{"taxonomy":"post_tag","embeddable":true,"href":"https:\/\/akdenizolaygazetesi.com\/index.php?rest_route=%2Fwp%2Fv2%2Ftags&post=6945"}],"curies":[{"name":"wp","href":"https:\/\/api.w.org\/{rel}","templated":true}]}}