{"id":6965,"date":"2020-11-04T18:27:25","date_gmt":"2020-11-04T15:27:25","guid":{"rendered":"http:\/\/mersinekonomipolitikagazetesi.com\/?p=6965"},"modified":"2020-11-04T18:27:25","modified_gmt":"2020-11-04T15:27:25","slug":"kayisi-altin-yilini-yasiyor","status":"publish","type":"post","link":"https:\/\/akdenizolaygazetesi.com\/?p=6965","title":{"rendered":"Kay\u0131s\u0131 alt\u0131n y\u0131l\u0131n\u0131 ya\u015f\u0131yor"},"content":{"rendered":"<p><span style=\"line-height: 1.6em;\">Mersin\u2019in Mut il\u00e7esinde kilosu 6 &#8211; 7 liradan sat\u0131lan kay\u0131s\u0131 bu y\u0131l da \u00fcreticinin y\u00fcz\u00fcn\u00fc g\u00fcld\u00fcrd\u00fc.\u00a0<\/span><\/p>\n<p>Mersin B\u00fcy\u00fck\u015fehir Mut Ya\u015f Meyve ve Sebze Komisyoncular\u0131 Derne\u011fi Ba\u015fkan\u0131 Mehmet Ali Acar, kay\u0131s\u0131daki verim ve kalitenin y\u00fcksek olmas\u0131 sebebiyle bu y\u0131l 50 bin tonun \u00fczerinde ihracat yapmay\u0131 hedeflediklerini s\u00f6yledi.\u00a0<br \/>\n\u0130\u00e7 piyasaya 60 bin tonun \u00fczerinde sofral\u0131k kay\u0131s\u0131 sunacaklar\u0131n\u0131 belirten Acar, &#8220;Mut kay\u0131s\u0131s\u0131 alt\u0131n y\u0131l\u0131n\u0131 ya\u015f\u0131yor. Fiyatlar \u00e7ok iyi. Kay\u0131s\u0131, ilk hasad\u0131na ba\u015fland\u0131\u011f\u0131nda 25 liradan al\u0131c\u0131 buluyordu. \u015eu an ise 6 &#8211; 7 lira aras\u0131nda de\u011fi\u015fen fiyatlarla sat\u0131l\u0131yor. \u00dcretici kaliteli kay\u0131s\u0131 yeti\u015ftirmenin kar\u015f\u0131l\u0131\u011f\u0131n\u0131 fazlas\u0131yla al\u0131yor. \u00dcretici fiyatlardan t\u00fcccar ise kaliteden memnun&#8221; dedi.\u00a0<\/p>\n","protected":false},"excerpt":{"rendered":"<p>Mersin\u2019in Mut il\u00e7esinde kilosu 6 &#8211; 7 liradan sat\u0131lan kay\u0131s\u0131 bu y\u0131l da \u00fcreticinin y\u00fcz\u00fcn\u00fc g\u00fcld\u00fcrd\u00fc.\u00a0 Mersin B\u00fcy\u00fck\u015fehir Mut Ya\u015f Meyve ve Sebze Komisyoncular\u0131 Derne\u011fi Ba\u015fkan\u0131 Mehmet Ali Acar, kay\u0131s\u0131daki &hellip; <a href=\"https:\/\/akdenizolaygazetesi.com\/?p=6965\" class=\"more-link\">Devam\u0131n\u0131 Oku&#8230;<\/a><\/p>\n","protected":false},"author":1,"featured_media":0,"comment_status":"open","ping_status":"open","sticky":false,"template":"","format":"standard","meta":[],"categories":[],"tags":[],"_links":{"self":[{"href":"https:\/\/akdenizolaygazetesi.com\/index.php?rest_route=\/wp\/v2\/posts\/6965"}],"collection":[{"href":"https:\/\/akdenizolaygazetesi.com\/index.php?rest_route=\/wp\/v2\/posts"}],"about":[{"href":"https:\/\/akdenizolaygazetesi.com\/index.php?rest_route=\/wp\/v2\/types\/post"}],"author":[{"embeddable":true,"href":"https:\/\/akdenizolaygazetesi.com\/index.php?rest_route=\/wp\/v2\/users\/1"}],"replies":[{"embeddable":true,"href":"https:\/\/akdenizolaygazetesi.com\/index.php?rest_route=%2Fwp%2Fv2%2Fcomments&post=6965"}],"version-history":[{"count":0,"href":"https:\/\/akdenizolaygazetesi.com\/index.php?rest_route=\/wp\/v2\/posts\/6965\/revisions"}],"wp:attachment":[{"href":"https:\/\/akdenizolaygazetesi.com\/index.php?rest_route=%2Fwp%2Fv2%2Fmedia&parent=6965"}],"wp:term":[{"taxonomy":"category","embeddable":true,"href":"https:\/\/akdenizolaygazetesi.com\/index.php?rest_route=%2Fwp%2Fv2%2Fcategories&post=6965"},{"taxonomy":"post_tag","embeddable":true,"href":"https:\/\/akdenizolaygazetesi.com\/index.php?rest_route=%2Fwp%2Fv2%2Ftags&post=6965"}],"curies":[{"name":"wp","href":"https:\/\/api.w.org\/{rel}","templated":true}]}}