{"id":6984,"date":"2020-11-04T18:27:25","date_gmt":"2020-11-04T15:27:25","guid":{"rendered":"http:\/\/mersinekonomipolitikagazetesi.com\/?p=6984"},"modified":"2020-11-04T18:27:25","modified_gmt":"2020-11-04T15:27:25","slug":"avukatlar-bayramda-sokaga-cikma-kisitlamasindan-muaf-olacak","status":"publish","type":"post","link":"https:\/\/akdenizolaygazetesi.com\/?p=6984","title":{"rendered":"Avukatlar, bayramda soka\u011fa \u00e7\u0131kma k\u0131s\u0131tlamas\u0131ndan muaf olacak"},"content":{"rendered":"<p><span style=\"line-height: 1.6em;\">Mersin Valili\u011fi, \u0130\u00e7i\u015fleri Bakanl\u0131\u011f\u0131n\u0131n ald\u0131\u011f\u0131 karar do\u011frultusunda, barolar taraf\u0131ndan g\u00f6revlendirilen veya ifade ve duru\u015fma i\u00e7in \u00e7a\u011fr\u0131lan avukatlar\u0131n, Ramazan Bayram\u0131 dolay\u0131s\u0131yla uygulanacak 4 g\u00fcnl\u00fck soka\u011fa \u00e7\u0131kma k\u0131s\u0131tlamas\u0131ndan muaf olacaklar\u0131n\u0131 bildirdi.\u00a0<\/span><\/p>\n<p>Mersin Valili\u011finden yap\u0131lan a\u00e7\u0131klamada, Ramazan Bayram\u0131 tatilinde uygulanacak soka\u011fa \u00e7\u0131kma yasa\u011f\u0131 istisnalar\u0131 kapsam\u0131nda \u0130\u00e7i\u015fleri Bakanl\u0131\u011f\u0131ndan avukatlara ili\u015fkin yeni bir talimat g\u00f6nderildi\u011fi belirtildi. Bakanl\u0131k genelgesi ile t\u00fcm illerde Ramazan Bayram\u0131 ve arife g\u00fcn\u00fcn kapsayan 23-24-25 ve 26 May\u0131s tarihlerinde soka\u011fa \u00e7\u0131kma k\u0131s\u0131tlamas\u0131 uygulanaca\u011f\u0131n\u0131n an\u0131msat\u0131ld\u0131\u011f\u0131 a\u00e7\u0131klamada, \u201cBu kapsamda k\u0131s\u0131tlama uygulanan g\u00fcnlerde CMK&#8217;ya g\u00f6re barolar taraf\u0131ndan g\u00f6revlendirilen veya ifade ve duru\u015fma i\u00e7in \u00e7a\u011fr\u0131lan avukatlar\u0131n soka\u011fa \u00e7\u0131kma k\u0131s\u0131tlamas\u0131ndan muaf olduklar\u0131 belirtilmi\u015ftir\u201d denildi.\u00a0<\/p>\n","protected":false},"excerpt":{"rendered":"<p>Mersin Valili\u011fi, \u0130\u00e7i\u015fleri Bakanl\u0131\u011f\u0131n\u0131n ald\u0131\u011f\u0131 karar do\u011frultusunda, barolar taraf\u0131ndan g\u00f6revlendirilen veya ifade ve duru\u015fma i\u00e7in \u00e7a\u011fr\u0131lan avukatlar\u0131n, Ramazan Bayram\u0131 dolay\u0131s\u0131yla uygulanacak 4 g\u00fcnl\u00fck soka\u011fa \u00e7\u0131kma k\u0131s\u0131tlamas\u0131ndan muaf olacaklar\u0131n\u0131 bildirdi.\u00a0 Mersin &hellip; <a href=\"https:\/\/akdenizolaygazetesi.com\/?p=6984\" class=\"more-link\">Devam\u0131n\u0131 Oku&#8230;<\/a><\/p>\n","protected":false},"author":1,"featured_media":0,"comment_status":"open","ping_status":"open","sticky":false,"template":"","format":"standard","meta":[],"categories":[],"tags":[],"_links":{"self":[{"href":"https:\/\/akdenizolaygazetesi.com\/index.php?rest_route=\/wp\/v2\/posts\/6984"}],"collection":[{"href":"https:\/\/akdenizolaygazetesi.com\/index.php?rest_route=\/wp\/v2\/posts"}],"about":[{"href":"https:\/\/akdenizolaygazetesi.com\/index.php?rest_route=\/wp\/v2\/types\/post"}],"author":[{"embeddable":true,"href":"https:\/\/akdenizolaygazetesi.com\/index.php?rest_route=\/wp\/v2\/users\/1"}],"replies":[{"embeddable":true,"href":"https:\/\/akdenizolaygazetesi.com\/index.php?rest_route=%2Fwp%2Fv2%2Fcomments&post=6984"}],"version-history":[{"count":0,"href":"https:\/\/akdenizolaygazetesi.com\/index.php?rest_route=\/wp\/v2\/posts\/6984\/revisions"}],"wp:attachment":[{"href":"https:\/\/akdenizolaygazetesi.com\/index.php?rest_route=%2Fwp%2Fv2%2Fmedia&parent=6984"}],"wp:term":[{"taxonomy":"category","embeddable":true,"href":"https:\/\/akdenizolaygazetesi.com\/index.php?rest_route=%2Fwp%2Fv2%2Fcategories&post=6984"},{"taxonomy":"post_tag","embeddable":true,"href":"https:\/\/akdenizolaygazetesi.com\/index.php?rest_route=%2Fwp%2Fv2%2Ftags&post=6984"}],"curies":[{"name":"wp","href":"https:\/\/api.w.org\/{rel}","templated":true}]}}