{"id":6985,"date":"2020-11-04T18:27:27","date_gmt":"2020-11-04T15:27:27","guid":{"rendered":"http:\/\/mersinekonomipolitikagazetesi.com\/?p=6985"},"modified":"2020-11-04T18:27:27","modified_gmt":"2020-11-04T15:27:27","slug":"sekada-cikan-yangin-korkuttu","status":"publish","type":"post","link":"https:\/\/akdenizolaygazetesi.com\/?p=6985","title":{"rendered":"Seka\u2019da \u00e7\u0131kan yang\u0131n korkuttu"},"content":{"rendered":"<p><span style=\"line-height: 1.6em;\">Mersin\u2019in Silifke il\u00e7esine ba\u011fl\u0131 Ta\u015fucu Mahallesi&#8217;nde bulunan eski Seka Ka\u011f\u0131t Fabrikas\u0131\u2019ndaki alanda \u00e7\u0131kan yang\u0131n korkulu anlar ya\u015fatt\u0131.\u00a0<\/span><\/p>\n<p>Mersin B\u00fcy\u00fck\u015fehir Belediyesi \u0130tfaiye ekipleri yang\u0131na m\u00fcdahale ederken, i\u015f makineleri de yapt\u0131\u011f\u0131 \u00e7al\u0131\u015fmalarla yang\u0131n\u0131n b\u00fcy\u00fcy\u00fcp \u00e7evreye yay\u0131lmas\u0131n\u0131 \u00f6nledi. Yang\u0131n, 1 saat i\u00e7erisinde s\u00f6nd\u00fcr\u00fclerek kontrol alt\u0131na al\u0131nd\u0131. R\u00fczgar\u0131n etkisi ile b\u00fcy\u00fcyen yang\u0131nda 300 d\u00f6n\u00fcm otluk ve a\u011fa\u00e7l\u0131k alan zarar g\u00f6r\u00fcrken, so\u011futma \u00e7al\u0131\u015fmalar\u0131 s\u00fcrd\u00fcr\u00fcl\u00fcyor. Yang\u0131n \u00e7evrede bulunan ev ve bah\u00e7elere s\u0131\u00e7ramadan s\u00f6nd\u00fcr\u00fcl\u00fcrken, yang\u0131n\u0131n \u00e7\u0131k\u0131\u015f sebebi ara\u015ft\u0131r\u0131l\u0131yor.\u00a0<br \/>\nEski SEKA Akdeniz Ka\u011f\u0131t Fabrikas\u0131\u2019n\u0131n bin 300 d\u00f6n\u00fcm arazisi ile Akdeniz\u2019e a\u00e7\u0131lan bir de liman\u0131 bulunuyor. \u00d6zelle\u015ftirme \u0130daresi Ba\u015fkanl\u0131\u011f\u0131 taraf\u0131ndan 2006\u2019da \u00fcretimi durdurulan SEKA Ka\u011f\u0131t Fabrikas\u0131 alan\u0131 i\u00e7erisinde polis inceleme ba\u015flatt\u0131.\u00a0<\/p>\n","protected":false},"excerpt":{"rendered":"<p>Mersin\u2019in Silifke il\u00e7esine ba\u011fl\u0131 Ta\u015fucu Mahallesi&#8217;nde bulunan eski Seka Ka\u011f\u0131t Fabrikas\u0131\u2019ndaki alanda \u00e7\u0131kan yang\u0131n korkulu anlar ya\u015fatt\u0131.\u00a0 Mersin B\u00fcy\u00fck\u015fehir Belediyesi \u0130tfaiye ekipleri yang\u0131na m\u00fcdahale ederken, i\u015f makineleri de yapt\u0131\u011f\u0131 \u00e7al\u0131\u015fmalarla &hellip; <a href=\"https:\/\/akdenizolaygazetesi.com\/?p=6985\" class=\"more-link\">Devam\u0131n\u0131 Oku&#8230;<\/a><\/p>\n","protected":false},"author":1,"featured_media":0,"comment_status":"open","ping_status":"open","sticky":false,"template":"","format":"standard","meta":[],"categories":[],"tags":[],"_links":{"self":[{"href":"https:\/\/akdenizolaygazetesi.com\/index.php?rest_route=\/wp\/v2\/posts\/6985"}],"collection":[{"href":"https:\/\/akdenizolaygazetesi.com\/index.php?rest_route=\/wp\/v2\/posts"}],"about":[{"href":"https:\/\/akdenizolaygazetesi.com\/index.php?rest_route=\/wp\/v2\/types\/post"}],"author":[{"embeddable":true,"href":"https:\/\/akdenizolaygazetesi.com\/index.php?rest_route=\/wp\/v2\/users\/1"}],"replies":[{"embeddable":true,"href":"https:\/\/akdenizolaygazetesi.com\/index.php?rest_route=%2Fwp%2Fv2%2Fcomments&post=6985"}],"version-history":[{"count":0,"href":"https:\/\/akdenizolaygazetesi.com\/index.php?rest_route=\/wp\/v2\/posts\/6985\/revisions"}],"wp:attachment":[{"href":"https:\/\/akdenizolaygazetesi.com\/index.php?rest_route=%2Fwp%2Fv2%2Fmedia&parent=6985"}],"wp:term":[{"taxonomy":"category","embeddable":true,"href":"https:\/\/akdenizolaygazetesi.com\/index.php?rest_route=%2Fwp%2Fv2%2Fcategories&post=6985"},{"taxonomy":"post_tag","embeddable":true,"href":"https:\/\/akdenizolaygazetesi.com\/index.php?rest_route=%2Fwp%2Fv2%2Ftags&post=6985"}],"curies":[{"name":"wp","href":"https:\/\/api.w.org\/{rel}","templated":true}]}}