{"id":7004,"date":"2020-11-04T18:27:27","date_gmt":"2020-11-04T15:27:27","guid":{"rendered":"http:\/\/mersinekonomipolitikagazetesi.com\/?p=7004"},"modified":"2020-11-04T18:27:27","modified_gmt":"2020-11-04T15:27:27","slug":"vali-su-guvenlik-gucleriyle-bayramlasti","status":"publish","type":"post","link":"https:\/\/akdenizolaygazetesi.com\/?p=7004","title":{"rendered":"Vali Su, g\u00fcvenlik g\u00fc\u00e7leriyle bayramla\u015ft\u0131"},"content":{"rendered":"<p><span style=\"line-height: 1.6em;\">\u00a0Mersin Valisi Ali \u0130hsan Su, Ramazan Bayram\u0131 m\u00fcnasebetiyle Sahil G\u00fcvenlik Akdeniz B\u00f6lge Komutanl\u0131\u011f\u0131, \u0130l Jandarma Komutanl\u0131\u011f\u0131 ve \u0130l Emniyet M\u00fcd\u00fcrl\u00fc\u011f\u00fcn\u00fc ziyaret ederek g\u00fcvenlik g\u00fc\u00e7leriyle bayramla\u015ft\u0131.\u00a0<\/span><\/p>\n<p>\u00c7evik Kuvvet, \u00d6zel Harekat ve Trafik Denetleme \u015eube M\u00fcd\u00fcrl\u00fcklerine de birer ziyaret ger\u00e7ekle\u015ftirerek personelin bayram\u0131n\u0131 kutlayan Vali Su, b\u00fcy\u00fck bir \u00f6zveri ile \u00e7al\u0131\u015fmaya devam eden g\u00fcvenlik g\u00fc\u00e7lerine te\u015fekk\u00fcr ederek, \u00e7al\u0131\u015fmalar\u0131nda ba\u015far\u0131lar diledi.\u00a0<br \/>\nAyr\u0131ca, \u0130l Emniyet M\u00fcd\u00fcr\u00fc Mehmet \u015eahne ve \u0130l Jandarma Komutan\u0131 Necip \u00c7ar\u0131kc\u0131o\u011flu ile birlikte G\u00f6zne yolu jandarma kontrol noktas\u0131 ile Kazanl\u0131 polis kontrol noktas\u0131n\u0131 ziyaret ederek incelemelerde bulunan Vali Su, g\u00f6revlerini en iyi \u015fekilde yerine getirmeye gayret g\u00f6steren g\u00fcvenlik g\u00fc\u00e7lerine te\u015fekk\u00fcr ederek bayramlar\u0131n\u0131 kutlad\u0131.\u00a0<br \/>\n(HSK-HSK-Y)\u00a0<\/p>\n","protected":false},"excerpt":{"rendered":"<p>\u00a0Mersin Valisi Ali \u0130hsan Su, Ramazan Bayram\u0131 m\u00fcnasebetiyle Sahil G\u00fcvenlik Akdeniz B\u00f6lge Komutanl\u0131\u011f\u0131, \u0130l Jandarma Komutanl\u0131\u011f\u0131 ve \u0130l Emniyet M\u00fcd\u00fcrl\u00fc\u011f\u00fcn\u00fc ziyaret ederek g\u00fcvenlik g\u00fc\u00e7leriyle bayramla\u015ft\u0131.\u00a0 \u00c7evik Kuvvet, \u00d6zel Harekat ve &hellip; <a href=\"https:\/\/akdenizolaygazetesi.com\/?p=7004\" class=\"more-link\">Devam\u0131n\u0131 Oku&#8230;<\/a><\/p>\n","protected":false},"author":1,"featured_media":0,"comment_status":"open","ping_status":"open","sticky":false,"template":"","format":"standard","meta":[],"categories":[],"tags":[],"_links":{"self":[{"href":"https:\/\/akdenizolaygazetesi.com\/index.php?rest_route=\/wp\/v2\/posts\/7004"}],"collection":[{"href":"https:\/\/akdenizolaygazetesi.com\/index.php?rest_route=\/wp\/v2\/posts"}],"about":[{"href":"https:\/\/akdenizolaygazetesi.com\/index.php?rest_route=\/wp\/v2\/types\/post"}],"author":[{"embeddable":true,"href":"https:\/\/akdenizolaygazetesi.com\/index.php?rest_route=\/wp\/v2\/users\/1"}],"replies":[{"embeddable":true,"href":"https:\/\/akdenizolaygazetesi.com\/index.php?rest_route=%2Fwp%2Fv2%2Fcomments&post=7004"}],"version-history":[{"count":0,"href":"https:\/\/akdenizolaygazetesi.com\/index.php?rest_route=\/wp\/v2\/posts\/7004\/revisions"}],"wp:attachment":[{"href":"https:\/\/akdenizolaygazetesi.com\/index.php?rest_route=%2Fwp%2Fv2%2Fmedia&parent=7004"}],"wp:term":[{"taxonomy":"category","embeddable":true,"href":"https:\/\/akdenizolaygazetesi.com\/index.php?rest_route=%2Fwp%2Fv2%2Fcategories&post=7004"},{"taxonomy":"post_tag","embeddable":true,"href":"https:\/\/akdenizolaygazetesi.com\/index.php?rest_route=%2Fwp%2Fv2%2Ftags&post=7004"}],"curies":[{"name":"wp","href":"https:\/\/api.w.org\/{rel}","templated":true}]}}