{"id":7024,"date":"2020-11-04T18:27:28","date_gmt":"2020-11-04T15:27:28","guid":{"rendered":"http:\/\/mersinekonomipolitikagazetesi.com\/?p=7024"},"modified":"2020-11-04T18:27:28","modified_gmt":"2020-11-04T15:27:28","slug":"firtinada-168-ureticinin-510-dekar-serasi-hasar-gordu","status":"publish","type":"post","link":"https:\/\/akdenizolaygazetesi.com\/?p=7024","title":{"rendered":"F\u0131rt\u0131nada 168 \u00fcreticinin 510 dekar seras\u0131 hasar g\u00f6rd\u00fc"},"content":{"rendered":"<p>Mersin&#8217;in Erdemli il\u00e7esinde etkili olan \u015fiddetli f\u0131rt\u0131nan\u0131n verdi\u011fi hasar\u0131n \u00f6n tespit \u00e7al\u0131\u015fmas\u0131nda 168 \u00fcreticiye ait 510 dekar seran\u0131n hasar g\u00f6rd\u00fc\u011f\u00fc belirlindi.\u00a0<br \/>\n\u00a0 Bayram\u0131n ilk g\u00fcn\u00fc ba\u015flay\u0131p 2 g\u00fcn devam eden f\u0131rt\u0131na, Erdemli il\u00e7esinde bin 100 ile bin 400 rak\u0131m aras\u0131ndaki seralarda hasara neden oldu. \u0130l\u00e7e tar\u0131m ve orman m\u00fcd\u00fcrl\u00fc\u011f\u00fcnce f\u0131rt\u0131nan\u0131n verdi\u011fi hasar\u0131n belirlenmesi i\u00e7in \u00f6n tespit \u00e7al\u0131\u015fmas\u0131 yap\u0131ld\u0131. Erdemli \u0130l\u00e7e Tar\u0131m ve Orman M\u00fcd\u00fcrl\u00fc\u011f\u00fc ekipleri yapt\u0131klar\u0131 \u00f6n hasar tespitinde il\u00e7eye ba\u011fl\u0131 Yeniyurt, K\u00fcst\u00fcl\u00fc, Tapureli, Veyselli, Ya\u011fda, G\u00fcneyli, Harfilli, G\u00fczeloluk, Sar\u0131kaya ve Sorgun mahallelerinde toplam 510 dekar serada hasar\u0131n meydana geldi\u011fini belirledi. 168 \u00fcreticiden 8 \u00e7ift\u00e7iye ait seralarda hasar\u0131n b\u00fcy\u00fck oldu\u011fu tespit edilen \u00e7al\u0131\u015fman\u0131n devam etti\u011fi ifade edildi.\u00a0<br \/>\n\u00a0 Erdemli Belediye Ba\u015fkan\u0131 M\u00fckerrem Tollu da seralar\u0131 hasar g\u00f6ren \u00fcreticileri ziyaret etti. Ba\u015fkan Tollu belediye imkanlar\u0131 \u00f6l\u00e7\u00fcs\u00fcnde \u00fcreticilerin yanlar\u0131nda olacaklar\u0131n\u0131 s\u00f6yledi. Tollu, &#8220;Erdemli&#8217;de bin rak\u0131m\u0131n \u00fczerinde bulunan mahallelerimizde f\u0131rt\u0131nadan zarar g\u00f6ren \u00e7ift\u00e7ilerimizle birlikteyiz. \u0130nsanlar\u0131m\u0131z burada sebze meyve i\u015fiyle u\u011fra\u015f\u0131rlar. Buralar birazda r\u00fczgara maruz kalan b\u00f6lgeler oldu\u011fu i\u00e7in bir\u00e7ok \u00e7ift\u00e7imizin seras\u0131n\u0131 r\u00fczgar ald\u0131. \u00c7ok ciddi bir zarar var&#8221; dedi.\u00a0<br \/>\n\u00a0<br \/>\n\u00a0 &#8220;G\u00fcc\u00fcm\u00fcz nispetinde \u00fcreticilerimizin yan\u0131nday\u0131z&#8221;\u00a0<br \/>\n\u00a0 B\u00f6lgenin \u00e7al\u0131\u015fkan \u00fcreticilerinin \u00fclkenin kalk\u0131nmas\u0131na ciddi katk\u0131 sa\u011flad\u0131\u011f\u0131n\u0131 ifade eden Tollu, &#8220;\u015eu anda bu insanlar\u0131m\u0131z bu gelirlerinden mahrum durumdalar. Erdemli Belediyesi olarak \u00e7ift\u00e7ilerimizle alakal\u0131 elimizden gelen her t\u00fcrl\u00fc imkan\u0131 seferber edece\u011fiz. Bu seralar\u0131n yerine konmas\u0131 i\u00e7in elbette \u00e7ak\u0131l, \u00e7imento ihtiyac\u0131 var. Belediyemizin g\u00fcc\u00fc nispetinde \u00e7ift\u00e7ilerimize faydal\u0131 olmaya \u00e7al\u0131\u015faca\u011f\u0131z&#8221; diye konu\u015ftu.\u00a0<br \/>\n\u00a0<br \/>\n\u00a0 &#8220;R\u00fczgarla birlikte seram\u0131n havaya kalkt\u0131\u011f\u0131n\u0131 g\u00f6rd\u00fcm&#8221;\u00a0<br \/>\n\u00a0 \u00dcreticilerden Mahmut Kaya da bayram\u0131n birinci g\u00fcn\u00fc meydana gelen f\u0131rt\u0131nadan seras\u0131n\u0131n etkilendi\u011fini ve bir b\u00f6l\u00fcm\u00fcn\u00fcn y\u0131k\u0131larak zarar g\u00f6rd\u00fc\u011f\u00fcn\u00fc belirtti. Serada tamirata ba\u015flad\u0131klar\u0131n\u0131 anlatan Kaya, &#8220;Seram\u0131n r\u00fczgarla birlikte havaya kalkt\u0131\u011f\u0131n\u0131 g\u00f6rd\u00fcm. Ko\u015farak geldim, r\u00fczgar\u0131n b\u00fct\u00fcn seray\u0131 etkilememesi i\u00e7in naylona b\u0131\u00e7ak att\u0131m. Seram\u0131z\u0131n 500 metrekareye yak\u0131n bir b\u00f6l\u00fcm\u00fc y\u0131k\u0131ld\u0131. Allah&#8217;tan geldi, yapacak bir \u015fey yok, can\u0131m\u0131z sa\u011f olsun&#8221; \u015feklinde konu\u015ftu.\u00a0<\/p>\n","protected":false},"excerpt":{"rendered":"<p>Mersin&#8217;in Erdemli il\u00e7esinde etkili olan \u015fiddetli f\u0131rt\u0131nan\u0131n verdi\u011fi hasar\u0131n \u00f6n tespit \u00e7al\u0131\u015fmas\u0131nda 168 \u00fcreticiye ait 510 dekar seran\u0131n hasar g\u00f6rd\u00fc\u011f\u00fc belirlindi.\u00a0 \u00a0 Bayram\u0131n ilk g\u00fcn\u00fc ba\u015flay\u0131p 2 g\u00fcn devam eden &hellip; <a href=\"https:\/\/akdenizolaygazetesi.com\/?p=7024\" class=\"more-link\">Devam\u0131n\u0131 Oku&#8230;<\/a><\/p>\n","protected":false},"author":1,"featured_media":0,"comment_status":"open","ping_status":"open","sticky":false,"template":"","format":"standard","meta":[],"categories":[],"tags":[],"_links":{"self":[{"href":"https:\/\/akdenizolaygazetesi.com\/index.php?rest_route=\/wp\/v2\/posts\/7024"}],"collection":[{"href":"https:\/\/akdenizolaygazetesi.com\/index.php?rest_route=\/wp\/v2\/posts"}],"about":[{"href":"https:\/\/akdenizolaygazetesi.com\/index.php?rest_route=\/wp\/v2\/types\/post"}],"author":[{"embeddable":true,"href":"https:\/\/akdenizolaygazetesi.com\/index.php?rest_route=\/wp\/v2\/users\/1"}],"replies":[{"embeddable":true,"href":"https:\/\/akdenizolaygazetesi.com\/index.php?rest_route=%2Fwp%2Fv2%2Fcomments&post=7024"}],"version-history":[{"count":0,"href":"https:\/\/akdenizolaygazetesi.com\/index.php?rest_route=\/wp\/v2\/posts\/7024\/revisions"}],"wp:attachment":[{"href":"https:\/\/akdenizolaygazetesi.com\/index.php?rest_route=%2Fwp%2Fv2%2Fmedia&parent=7024"}],"wp:term":[{"taxonomy":"category","embeddable":true,"href":"https:\/\/akdenizolaygazetesi.com\/index.php?rest_route=%2Fwp%2Fv2%2Fcategories&post=7024"},{"taxonomy":"post_tag","embeddable":true,"href":"https:\/\/akdenizolaygazetesi.com\/index.php?rest_route=%2Fwp%2Fv2%2Ftags&post=7024"}],"curies":[{"name":"wp","href":"https:\/\/api.w.org\/{rel}","templated":true}]}}