{"id":7025,"date":"2020-11-04T18:27:29","date_gmt":"2020-11-04T15:27:29","guid":{"rendered":"http:\/\/mersinekonomipolitikagazetesi.com\/?p=7025"},"modified":"2020-11-04T18:27:29","modified_gmt":"2020-11-04T15:27:29","slug":"silifkeli-turizmciler-salgin-sonrasi-sezona-hazir","status":"publish","type":"post","link":"https:\/\/akdenizolaygazetesi.com\/?p=7025","title":{"rendered":"Silifkeli turizmciler salg\u0131n sonras\u0131 sezona haz\u0131r"},"content":{"rendered":"<p>Mersin\u2019in Silifke il\u00e7esinde turizmciler, korona vir\u00fcs salg\u0131n\u0131nda normalle\u015fmeye ba\u015flanmas\u0131yla sezona umutla haz\u0131rlan\u0131yor. Otel i\u015fletmecileri, K\u00fclt\u00fcr ve Turizm Bakanl\u0131\u011f\u0131 ile Sa\u011fl\u0131k Bakanl\u0131\u011f\u0131ndan gelecek turizmde normalle\u015fme haberlerini bekliyor.\u00a0<br \/>\n\u00a0 Silifke\u2019de \u00e7o\u011funlu\u011fu butik otellerden olu\u015fan konaklama tesisleri, bu y\u0131l gecikmeli de olsa yeniden yaz sezonu haz\u0131rl\u0131klar\u0131na ba\u015flad\u0131. \u0130\u00e7 ve d\u0131\u015f tadilatlar s\u00fcrerken, faaliyetlerini m\u00fc\u015fteri azalmas\u0131na ra\u011fmen devam ettiren oteller de var. Bu oteller de \u00f6zellikle hijyen \u00f6nlemlerine a\u011f\u0131rl\u0131k veriyor. Turizmciler al\u0131nan \u00f6nlemlerin etkili oldu\u011funu, turizmde normalle\u015fme s\u00fcrecine ge\u00e7ilece\u011fi umudunun do\u011fdu\u011funu s\u00f6yledi. Turizmciler bir\u00e7ok turizmcinin de haz\u0131rl\u0131klar\u0131n\u0131 tamamlad\u0131\u011f\u0131n\u0131 dile getirdi.\u00a0<br \/>\n\u00a0 Silifke il\u00e7esine ba\u011fl\u0131 Ta\u015fucu ve Atakent mahallelerinde bulunan turistik tesis i\u015fletmecileri her \u015feye ra\u011fmen turizm sezonu i\u00e7in hummal\u0131 \u00e7al\u0131\u015fmalara ba\u015flad\u0131lar. Her y\u0131l d\u00fcnyan\u0131n ve T\u00fcrkiye\u2019nin d\u00f6rt bir yan\u0131ndan yerli ve yabanc\u0131 turistleri a\u011f\u0131rlayan Silifke\u2019de, Haziran ay\u0131 itibariyle hareketlenmeye ba\u015flamas\u0131 beklenen turizm sezonu \u00f6ncesinde il\u00e7edeki turistik tesislerin i\u015fletmecileri umut dolu a\u00e7\u0131klamalar yapt\u0131.\u00a0<br \/>\n\u00a0 T\u00fcm d\u00fcnyada etkili olan korona vir\u00fcs ile m\u00fccadele kapsam\u0131nda T\u00fcrkiye\u2019de al\u0131nan \u00f6nlemler ile vaka say\u0131lar\u0131nda d\u00fc\u015f\u00fc\u015f g\u00f6r\u00fcld\u00fc. \u0130yile\u015fen hasta say\u0131s\u0131ndaki art\u0131\u015fla birlikte Cumhurba\u015fkan\u0131 Recep Tayyip Erdo\u011fan\u2019\u0131n Cumhurba\u015fkanl\u0131\u011f\u0131 kabine toplant\u0131s\u0131n\u0131n ard\u0131ndan normalle\u015fme takvimini a\u00e7\u0131klamas\u0131 ve seyahat yasa\u011f\u0131n\u0131n kald\u0131r\u0131lmas\u0131 sonras\u0131, Silifkeli turizmciler de sezona \u2018merhaba\u2019 diyebilmek i\u00e7in \u00e7al\u0131\u015fmalar\u0131n\u0131 h\u0131zland\u0131rd\u0131.\u00a0<br \/>\n\u00a0 Korona vir\u00fcs salg\u0131n\u0131ndan en \u00e7ok turizm sekt\u00f6r\u00fcn\u00fcn etkilendi\u011fini belirten Silifke Turizm Derne\u011fi Ba\u015fkan\u0131 Ali K\u00fc\u00e7\u00fck, \u201cBu s\u00fcre\u00e7te b\u00fct\u00fcn turizmciler yaz ay\u0131n\u0131 ve normalle\u015fme s\u00fcrecini bekliyorlar. \u015euanda da biz Silifkeli turizmciler olarak haz\u0131r\u0131z. B\u00fct\u00fcn otellerimiz, yatlar\u0131m\u0131z, pansiyonlar\u0131m\u0131z, yazl\u0131k villalar\u0131m\u0131z, kamp alanlar\u0131m\u0131z, su sporlar\u0131m\u0131z ve rafting gibi bunlar\u0131n hepsi sezon haz\u0131rl\u0131klar\u0131n\u0131 yapt\u0131lar. Turizm Bakanl\u0131\u011f\u0131m\u0131z\u0131n yay\u0131nlayaca\u011f\u0131 normalle\u015fme genelgesiyle, sosyal mesafe kurallar\u0131na uyarak \u00e7al\u0131\u015fmaya haz\u0131r\u0131z. Sosyal mesafe kurallar\u0131na g\u00f6re haz\u0131rl\u0131klar\u0131m\u0131z\u0131 tamamlad\u0131k. \u0130nsanlar\u0131n tatile de psikolojilerini de rahatlatmaya ihtiya\u00e7lar\u0131 var. Bu sebeple T\u00fcrkiye\u2019deki en uygun yerlerden biri Silifke. Sosyal Mesafeyi koruyarak tatil yap\u0131labilecek en \u00f6nemli ve tek yerin Silifke oldu\u011funa inan\u0131yoruz. G\u00f6rd\u00fc\u011f\u00fcn\u00fcz gibi kesintisiz bir \u015fekilde kum olarak d\u00fcnyada s\u0131ralamas\u0131 olan 36 kilometrelik bir kumsala sahibiz. Bu kumsalda dile\u011fimiz kadar sosyal mesafeyi ayarlayarak misafirleri a\u011f\u0131rlayabilir, kum plajlarda denize girebilirler. Ayn\u0131 zamanda k\u00fc\u00e7\u00fck butik oteller, pansiyonlar, yazl\u0131k villalar bunlar da yine sosyal mesafeyi koruyarak konaklama olanaklar\u0131d\u0131r. Yayla, orman, kamp olarak da butik tatil yap\u0131labilir. Her hangi bir tehlike olmadan kafalar\u0131 rahat bir \u015fekilde misafirlerimiz tatillerini yapabilirler. Yeni d\u00f6nem turizm anlay\u0131\u015f\u0131nda 1,5 metre ki\u015filer aras\u0131nda sosyal mesafe olmas\u0131 gerekiyor. Ama bizim o kadar b\u00fcy\u00fck plajlar\u0131m\u0131z var ki bunu 1,5 metre de\u011fil, 2 metre, 3 metre, 5 metre mesafeyi uygulayarak bu plajlardan faydalanabilirsiniz. K\u0131s\u0131tlamalar kalk\u0131nca misafirlerimizi cennet \u00fclkemizin en nadide turizm merkezi olan Silifke\u2019ye davet ediyorum\u201d dedi.\u00a0<\/p>\n","protected":false},"excerpt":{"rendered":"<p>Mersin\u2019in Silifke il\u00e7esinde turizmciler, korona vir\u00fcs salg\u0131n\u0131nda normalle\u015fmeye ba\u015flanmas\u0131yla sezona umutla haz\u0131rlan\u0131yor. Otel i\u015fletmecileri, K\u00fclt\u00fcr ve Turizm Bakanl\u0131\u011f\u0131 ile Sa\u011fl\u0131k Bakanl\u0131\u011f\u0131ndan gelecek turizmde normalle\u015fme haberlerini bekliyor.\u00a0 \u00a0 Silifke\u2019de \u00e7o\u011funlu\u011fu butik &hellip; <a href=\"https:\/\/akdenizolaygazetesi.com\/?p=7025\" class=\"more-link\">Devam\u0131n\u0131 Oku&#8230;<\/a><\/p>\n","protected":false},"author":1,"featured_media":0,"comment_status":"open","ping_status":"open","sticky":false,"template":"","format":"standard","meta":[],"categories":[],"tags":[],"_links":{"self":[{"href":"https:\/\/akdenizolaygazetesi.com\/index.php?rest_route=\/wp\/v2\/posts\/7025"}],"collection":[{"href":"https:\/\/akdenizolaygazetesi.com\/index.php?rest_route=\/wp\/v2\/posts"}],"about":[{"href":"https:\/\/akdenizolaygazetesi.com\/index.php?rest_route=\/wp\/v2\/types\/post"}],"author":[{"embeddable":true,"href":"https:\/\/akdenizolaygazetesi.com\/index.php?rest_route=\/wp\/v2\/users\/1"}],"replies":[{"embeddable":true,"href":"https:\/\/akdenizolaygazetesi.com\/index.php?rest_route=%2Fwp%2Fv2%2Fcomments&post=7025"}],"version-history":[{"count":0,"href":"https:\/\/akdenizolaygazetesi.com\/index.php?rest_route=\/wp\/v2\/posts\/7025\/revisions"}],"wp:attachment":[{"href":"https:\/\/akdenizolaygazetesi.com\/index.php?rest_route=%2Fwp%2Fv2%2Fmedia&parent=7025"}],"wp:term":[{"taxonomy":"category","embeddable":true,"href":"https:\/\/akdenizolaygazetesi.com\/index.php?rest_route=%2Fwp%2Fv2%2Fcategories&post=7025"},{"taxonomy":"post_tag","embeddable":true,"href":"https:\/\/akdenizolaygazetesi.com\/index.php?rest_route=%2Fwp%2Fv2%2Ftags&post=7025"}],"curies":[{"name":"wp","href":"https:\/\/api.w.org\/{rel}","templated":true}]}}