{"id":7045,"date":"2020-11-04T18:27:30","date_gmt":"2020-11-04T15:27:30","guid":{"rendered":"http:\/\/mersinekonomipolitikagazetesi.com\/?p=7045"},"modified":"2020-11-04T18:27:30","modified_gmt":"2020-11-04T15:27:30","slug":"gultak-tarihi-mersin-evlerinin-kente-kazandirilmasi-icin-mtso-ile-isbirligi-yapacak","status":"publish","type":"post","link":"https:\/\/akdenizolaygazetesi.com\/?p=7045","title":{"rendered":"G\u00fcltak, tarihi Mersin evlerinin kente kazand\u0131r\u0131lmas\u0131 i\u00e7in MTSO ile i\u015fbirli\u011fi yapacak"},"content":{"rendered":"<p><span style=\"line-height: 1.6em;\">\u00a0Akdeniz Belediye Ba\u015fkan\u0131 Muhammet Mustafa G\u00fcltak, tarihi Mersin evlerinin yeniden kente kazand\u0131r\u0131lmas\u0131 i\u00e7in projeler \u00fcrettiklerini belirterek, bu konuda Mersin Ticaret ve Sanayi Odas\u0131 (MTSO) ile de birlikte \u00e7al\u0131\u015fmak isteriklerini s\u00f6yledi.\u00a0<\/span><\/p>\n<p>Akdeniz belediye Ba\u015fkan\u0131 G\u00fcltak, MTSO\u2019yu ziyaret ederek, tarihi Mersin evleri ile ilgili g\u00f6r\u00fc\u015f al\u0131\u015fveri\u015finde bulundu. MTSO Y\u00f6netim Kurulu Ba\u015fkan\u0131 Ayhan K\u0131z\u0131ltan ve Meclis Ba\u015fkan\u0131 Hamit \u0130zol ile bir araya gelen G\u00fcltak\u2019a, Akdeniz Belediyesi Kent Konseyi Ba\u015fkan\u0131 Mustafa Erim de e\u015flik etti.\u00a0<\/p>\n<p>\u201cTarihi evlerimizi yeniden kullan\u0131labilir hale getirmek istiyoruz\u201d\u00a0<br \/>\nBa\u015fkan G\u00fcltak, ziyarette yapt\u0131\u011f\u0131 konu\u015fmada, Mersin\u2019de ge\u00e7mi\u015fe tan\u0131kl\u0131k etmi\u015f, kentin tarihsel ve k\u00fclt\u00fcrel dokusunu ta\u015f\u0131yan yap\u0131lar\u0131n oldu\u011funa dikkat \u00e7ekti. G\u00fcltak, \u201cAkdeniz Belediyesi olarak, bu tarihi yap\u0131lar\u0131m\u0131z\u0131 yeniden kullan\u0131labilir hale getirip, kentimize ve insanlar\u0131m\u0131za kazand\u0131rmak istiyoruz.\u00a0<br \/>\nBu konuda Valimizle, Ticaret ve Sanayi Odas\u0131 Ba\u015fkan\u0131m\u0131zla ve di\u011fer b\u00fcrokratlar\u0131m\u0131zla \u00e7al\u0131\u015f\u0131yor ve projeler \u00fcretiyoruz. Bu konuyu in\u015fallah bug\u00fcn burada da hep birlikte de\u011ferlendirece\u011fiz. Tarihi Mersin evlerini tekrar ya\u015fan\u0131labilir hale getirip Mersin\u2019e, Akdeniz\u2019e ve halk\u0131m\u0131za kazand\u0131rma noktas\u0131nda, Mersin Ticaret ve Sanayi Odam\u0131zla da birlikte \u00e7al\u0131\u015fmak istiyoruz\u201d dedi.\u00a0<\/p>\n<p>\u201cMersin i\u00e7in hep birlikte ad\u0131m atmal\u0131y\u0131z\u201d\u00a0<br \/>\nMTSO Ba\u015fkan\u0131 K\u0131z\u0131ltan da \u201cArt\u0131k Mersin&#8217;de herkes ta\u015f\u0131n alt\u0131na elini koymal\u0131. Bu birlik ve beraberli\u011fi mutlaka sa\u011flamal\u0131y\u0131z. Mersin\u2019i hep birlikte b\u00fcy\u00fctmenin ve geli\u015ftirmenin ad\u0131mlar\u0131n\u0131 atmam\u0131z gerekti\u011fini d\u00fc\u015f\u00fcn\u00fcyoruz. Bu y\u00f6nde Valimiz ile bir diyalo\u011fumuz oldu. Ard\u0131ndan Akdeniz Belediyesinin \u00e7al\u0131\u015fkan, dinamik Ba\u015fkan\u0131 Mustafa G\u00fcltak karde\u015fimizle g\u00f6r\u00fc\u015fece\u011fiz. \u0130n\u015fallah Mersin\u2019in g\u00fczelle\u015fmesi noktas\u0131nda ta\u015f\u0131n alt\u0131na birlikte elimizi koyaca\u011f\u0131z\u201d diye konu\u015ftu.\u00a0<\/p>\n","protected":false},"excerpt":{"rendered":"<p>\u00a0Akdeniz Belediye Ba\u015fkan\u0131 Muhammet Mustafa G\u00fcltak, tarihi Mersin evlerinin yeniden kente kazand\u0131r\u0131lmas\u0131 i\u00e7in projeler \u00fcrettiklerini belirterek, bu konuda Mersin Ticaret ve Sanayi Odas\u0131 (MTSO) ile de birlikte \u00e7al\u0131\u015fmak isteriklerini s\u00f6yledi.\u00a0 &hellip; <a href=\"https:\/\/akdenizolaygazetesi.com\/?p=7045\" class=\"more-link\">Devam\u0131n\u0131 Oku&#8230;<\/a><\/p>\n","protected":false},"author":1,"featured_media":0,"comment_status":"open","ping_status":"open","sticky":false,"template":"","format":"standard","meta":[],"categories":[],"tags":[],"_links":{"self":[{"href":"https:\/\/akdenizolaygazetesi.com\/index.php?rest_route=\/wp\/v2\/posts\/7045"}],"collection":[{"href":"https:\/\/akdenizolaygazetesi.com\/index.php?rest_route=\/wp\/v2\/posts"}],"about":[{"href":"https:\/\/akdenizolaygazetesi.com\/index.php?rest_route=\/wp\/v2\/types\/post"}],"author":[{"embeddable":true,"href":"https:\/\/akdenizolaygazetesi.com\/index.php?rest_route=\/wp\/v2\/users\/1"}],"replies":[{"embeddable":true,"href":"https:\/\/akdenizolaygazetesi.com\/index.php?rest_route=%2Fwp%2Fv2%2Fcomments&post=7045"}],"version-history":[{"count":0,"href":"https:\/\/akdenizolaygazetesi.com\/index.php?rest_route=\/wp\/v2\/posts\/7045\/revisions"}],"wp:attachment":[{"href":"https:\/\/akdenizolaygazetesi.com\/index.php?rest_route=%2Fwp%2Fv2%2Fmedia&parent=7045"}],"wp:term":[{"taxonomy":"category","embeddable":true,"href":"https:\/\/akdenizolaygazetesi.com\/index.php?rest_route=%2Fwp%2Fv2%2Fcategories&post=7045"},{"taxonomy":"post_tag","embeddable":true,"href":"https:\/\/akdenizolaygazetesi.com\/index.php?rest_route=%2Fwp%2Fv2%2Ftags&post=7045"}],"curies":[{"name":"wp","href":"https:\/\/api.w.org\/{rel}","templated":true}]}}