{"id":7084,"date":"2020-11-04T18:27:32","date_gmt":"2020-11-04T15:27:32","guid":{"rendered":"http:\/\/mersinekonomipolitikagazetesi.com\/?p=7084"},"modified":"2020-11-04T18:27:32","modified_gmt":"2020-11-04T15:27:32","slug":"gozlukculer-gunu-kutlandi","status":"publish","type":"post","link":"https:\/\/akdenizolaygazetesi.com\/?p=7084","title":{"rendered":"G\u00f6zl\u00fck\u00e7\u00fcler G\u00fcn\u00fc kutland\u0131"},"content":{"rendered":"<p><span style=\"line-height: 1.6em;\">Kamu niteli\u011finde kurulan T\u00fcrk Optisyen G\u00f6zl\u00fck\u00e7\u00fcler Birli\u011fi\u2019ne ba\u011fl\u0131 20 B\u00f6lge Odas\u0131, kendi b\u00f6lgelerinde &#8216;1 Haziran G\u00f6zl\u00fck\u00e7\u00fcler G\u00fcn\u2019\u00fcn\u00fc kutlad\u0131lar.\u00a0<\/span><\/p>\n<p>Bu kapsamda Cumhuriyet Alan\u0131&#8217;nda d\u00fczenlenen t\u00f6rende Atat\u00fcrk An\u0131t\u0131&#8217;na \u00e7elenk koyan 8. B\u00f6lge Mersin Optisyen ve G\u00f6zl\u00fck\u00e7\u00fcler Odas\u0131 Ba\u015fkan\u0131 Serkan Yakan, meslekta\u015flar\u0131n\u0131n Optisyenler ve G\u00f6zl\u00fck\u00e7\u00fcler G\u00fcn\u00fcn\u00fc kutlad\u0131.\u00a0<br \/>\nFederasyon faaliyetlerini s\u00fcrd\u00fcren ve dernek \u00e7at\u0131s\u0131 alt\u0131nda g\u00f6zl\u00fck\u00e7\u00fcl\u00fck mesle\u011finin 6 Aral\u0131k 2017 tarihinden itibaren TBMM\u2019de kamu niteli\u011finde odalar haline getirilmesinden sonra sa\u011fl\u0131k sunum hizmeti veren g\u00f6zl\u00fck\u00e7\u00fcl\u00fck mesle\u011finin kendine yak\u0131\u015fan itibar\u0131 ve \u00f6nemini tekrardan kazand\u0131\u011f\u0131n\u0131 s\u00f6yleyen Yakan, gelece\u011fin, meslekta\u015flar\u0131 i\u00e7in \u00e7ok daha g\u00fczel olaca\u011f\u0131n\u0131 ve hak etti\u011fi yeri bulaca\u011f\u0131n\u0131 ifade etti.\u00a0<\/p>\n","protected":false},"excerpt":{"rendered":"<p>Kamu niteli\u011finde kurulan T\u00fcrk Optisyen G\u00f6zl\u00fck\u00e7\u00fcler Birli\u011fi\u2019ne ba\u011fl\u0131 20 B\u00f6lge Odas\u0131, kendi b\u00f6lgelerinde &#8216;1 Haziran G\u00f6zl\u00fck\u00e7\u00fcler G\u00fcn\u2019\u00fcn\u00fc kutlad\u0131lar.\u00a0 Bu kapsamda Cumhuriyet Alan\u0131&#8217;nda d\u00fczenlenen t\u00f6rende Atat\u00fcrk An\u0131t\u0131&#8217;na \u00e7elenk koyan 8. B\u00f6lge &hellip; <a href=\"https:\/\/akdenizolaygazetesi.com\/?p=7084\" class=\"more-link\">Devam\u0131n\u0131 Oku&#8230;<\/a><\/p>\n","protected":false},"author":1,"featured_media":0,"comment_status":"open","ping_status":"open","sticky":false,"template":"","format":"standard","meta":[],"categories":[],"tags":[],"_links":{"self":[{"href":"https:\/\/akdenizolaygazetesi.com\/index.php?rest_route=\/wp\/v2\/posts\/7084"}],"collection":[{"href":"https:\/\/akdenizolaygazetesi.com\/index.php?rest_route=\/wp\/v2\/posts"}],"about":[{"href":"https:\/\/akdenizolaygazetesi.com\/index.php?rest_route=\/wp\/v2\/types\/post"}],"author":[{"embeddable":true,"href":"https:\/\/akdenizolaygazetesi.com\/index.php?rest_route=\/wp\/v2\/users\/1"}],"replies":[{"embeddable":true,"href":"https:\/\/akdenizolaygazetesi.com\/index.php?rest_route=%2Fwp%2Fv2%2Fcomments&post=7084"}],"version-history":[{"count":0,"href":"https:\/\/akdenizolaygazetesi.com\/index.php?rest_route=\/wp\/v2\/posts\/7084\/revisions"}],"wp:attachment":[{"href":"https:\/\/akdenizolaygazetesi.com\/index.php?rest_route=%2Fwp%2Fv2%2Fmedia&parent=7084"}],"wp:term":[{"taxonomy":"category","embeddable":true,"href":"https:\/\/akdenizolaygazetesi.com\/index.php?rest_route=%2Fwp%2Fv2%2Fcategories&post=7084"},{"taxonomy":"post_tag","embeddable":true,"href":"https:\/\/akdenizolaygazetesi.com\/index.php?rest_route=%2Fwp%2Fv2%2Ftags&post=7084"}],"curies":[{"name":"wp","href":"https:\/\/api.w.org\/{rel}","templated":true}]}}