{"id":7085,"date":"2020-11-04T18:27:33","date_gmt":"2020-11-04T15:27:33","guid":{"rendered":"http:\/\/mersinekonomipolitikagazetesi.com\/?p=7085"},"modified":"2020-11-04T18:27:33","modified_gmt":"2020-11-04T15:27:33","slug":"toroslar-belediyesi-kurs-merkezlerini-dezenfekte-etti","status":"publish","type":"post","link":"https:\/\/akdenizolaygazetesi.com\/?p=7085","title":{"rendered":"Toroslar Belediyesi, kurs merkezlerini dezenfekte etti"},"content":{"rendered":"<p><span style=\"line-height: 1.6em;\">Mersin\u2019in merkez il\u00e7e Toroslar Belediyesi, normalle\u015fme s\u00fcreciyle birlikte e\u011fitime 8 Haziran&#8217;da yeniden ba\u015flayacak olan Toroslar Teknik ve Mesleki E\u011fitim Kurslar\u0131n\u0131 (TORTEK) dezenfekte etti.\u00a0<\/span><\/p>\n<p>Toroslar Belediyesinden yap\u0131lan a\u00e7\u0131klamada, Temizlik \u0130\u015fleri M\u00fcd\u00fcrl\u00fc\u011f\u00fc ekiplerinin, 15 mahallede hizmet veren 23 kurs at\u00f6lyesini, korona vir\u00fcs \u00f6nlemleri kapsam\u0131nda d\u00fczenleyerek dezenfeksiyon i\u015flemlerini ger\u00e7ekle\u015ftirdi\u011fi bildirildi.\u00a0<\/p>\n<p>&#8220;Tedbiri elden b\u0131rakmayal\u0131m&#8221;\u00a0<br \/>\nToroslar Belediye Ba\u015fkan\u0131 Ats\u0131z Af\u015f\u0131n Y\u0131lmaz, il\u00e7eyi normalle\u015fme s\u00fcrecine haz\u0131rlad\u0131klar\u0131n\u0131 s\u00f6yledi. Y\u0131lmaz, 1 Haziran itibariyle ba\u015flayan normalle\u015fme s\u00fcreci ile belediyeye ait kurs merkezlerinin ve tesislerin pandemi kurallar\u0131na g\u00f6re faaliyete ba\u015flayaca\u011f\u0131n\u0131 belirtti. Toplum sa\u011fl\u0131\u011f\u0131n\u0131 korumak ad\u0131na temizlik ve dezenfeksiyonun yan\u0131 s\u0131ra gerekli olan maske kullan\u0131m\u0131, hijyen ve sosyal mesafenin korunmas\u0131 ilgili tedbirlerin en \u00fcst seviyede tutulaca\u011f\u0131n\u0131 da vurgulayan Ba\u015fkan Y\u0131lmaz, &#8220;Normalle\u015fme s\u00fcrecinde de devletimizin salg\u0131nla m\u00fccadelede ortaya koydu\u011fu her t\u00fcrl\u00fc \u00e7al\u0131\u015fmaya destek verece\u011fiz. Belediye olarak gerekli denetim ve kontrollerimizi yap\u0131yoruz. Hem\u015fehrilerimiz, iki ay\u0131 a\u015fk\u0131nd\u0131r s\u00fcren &#8216;Evde Kal&#8217; \u00e7a\u011fr\u0131lar\u0131na uyarak, sosyal izolasyonu sa\u011flad\u0131lar. \u00dclkemizde, 1 Haziran&#8217;dan itibaren ya\u015fam kontroll\u00fc bir s\u00fcrece girdi. Ancak halen salg\u0131ndan tamamen kurtulmu\u015f de\u011filiz. Sa\u011fl\u0131\u011f\u0131m\u0131z ve gelece\u011fimiz i\u00e7in tedbiri elden b\u0131rakmayal\u0131m. Bu s\u00fcreci kurallara uyarak ve ald\u0131\u011f\u0131m\u0131z s\u0131k\u0131 \u00f6nlemlerle en k\u0131sa zamanda atlataca\u011f\u0131z&#8221; dedi.\u00a0<\/p>\n","protected":false},"excerpt":{"rendered":"<p>Mersin\u2019in merkez il\u00e7e Toroslar Belediyesi, normalle\u015fme s\u00fcreciyle birlikte e\u011fitime 8 Haziran&#8217;da yeniden ba\u015flayacak olan Toroslar Teknik ve Mesleki E\u011fitim Kurslar\u0131n\u0131 (TORTEK) dezenfekte etti.\u00a0 Toroslar Belediyesinden yap\u0131lan a\u00e7\u0131klamada, Temizlik \u0130\u015fleri M\u00fcd\u00fcrl\u00fc\u011f\u00fc &hellip; <a href=\"https:\/\/akdenizolaygazetesi.com\/?p=7085\" class=\"more-link\">Devam\u0131n\u0131 Oku&#8230;<\/a><\/p>\n","protected":false},"author":1,"featured_media":0,"comment_status":"open","ping_status":"open","sticky":false,"template":"","format":"standard","meta":[],"categories":[],"tags":[],"_links":{"self":[{"href":"https:\/\/akdenizolaygazetesi.com\/index.php?rest_route=\/wp\/v2\/posts\/7085"}],"collection":[{"href":"https:\/\/akdenizolaygazetesi.com\/index.php?rest_route=\/wp\/v2\/posts"}],"about":[{"href":"https:\/\/akdenizolaygazetesi.com\/index.php?rest_route=\/wp\/v2\/types\/post"}],"author":[{"embeddable":true,"href":"https:\/\/akdenizolaygazetesi.com\/index.php?rest_route=\/wp\/v2\/users\/1"}],"replies":[{"embeddable":true,"href":"https:\/\/akdenizolaygazetesi.com\/index.php?rest_route=%2Fwp%2Fv2%2Fcomments&post=7085"}],"version-history":[{"count":0,"href":"https:\/\/akdenizolaygazetesi.com\/index.php?rest_route=\/wp\/v2\/posts\/7085\/revisions"}],"wp:attachment":[{"href":"https:\/\/akdenizolaygazetesi.com\/index.php?rest_route=%2Fwp%2Fv2%2Fmedia&parent=7085"}],"wp:term":[{"taxonomy":"category","embeddable":true,"href":"https:\/\/akdenizolaygazetesi.com\/index.php?rest_route=%2Fwp%2Fv2%2Fcategories&post=7085"},{"taxonomy":"post_tag","embeddable":true,"href":"https:\/\/akdenizolaygazetesi.com\/index.php?rest_route=%2Fwp%2Fv2%2Ftags&post=7085"}],"curies":[{"name":"wp","href":"https:\/\/api.w.org\/{rel}","templated":true}]}}