{"id":7124,"date":"2020-11-04T18:27:34","date_gmt":"2020-11-04T15:27:34","guid":{"rendered":"http:\/\/mersinekonomipolitikagazetesi.com\/?p=7124"},"modified":"2020-11-04T18:27:34","modified_gmt":"2020-11-04T15:27:34","slug":"mersin-il-guvenlik-ve-asayis-toplantisi-vali-su-baskanliginda-yapildi","status":"publish","type":"post","link":"https:\/\/akdenizolaygazetesi.com\/?p=7124","title":{"rendered":"Mersin \u0130l G\u00fcvenlik ve Asayi\u015f Toplant\u0131s\u0131, Vali Su ba\u015fkanl\u0131\u011f\u0131nda yap\u0131ld\u0131"},"content":{"rendered":"<p><span style=\"line-height: 1.6em;\">Mersin \u0130l G\u00fcvenlik ve Asayi\u015f Koordinasyon Toplant\u0131s\u0131, Vali Ali \u0130hsan Su ba\u015fkanl\u0131\u011f\u0131nda ger\u00e7ekle\u015ftirildi. Toplant\u0131da, \u0130\u00e7i\u015fleri Bakanl\u0131\u011f\u0131n\u0131n 81 il valili\u011fine g\u00f6nderdi\u011fi \u2018Yaz Mevsimi Trafik Tedbirleri Genelgesi\u2019 do\u011frultusundaki \u00e7al\u0131\u015fmalar ile \u2018G\u00f6\u00e7 Olaylar\u0131\u2019 ele al\u0131nd\u0131.\u00a0<\/span><\/p>\n<p>Mersin Valili\u011finden yap\u0131lan a\u00e7\u0131klamaya g\u00f6re, Valilik Meclis Salonunda d\u00fczenlenen toplant\u0131ya, Akdeniz B\u00f6lge ve Garnizon Komutan\u0131 Tu\u011famiral Ercan Kire\u00e7tepe, Vali Yard\u0131mc\u0131s\u0131 S\u00fcleyman Deniz, kaymakamlar ve il emniyet m\u00fcd\u00fcr\u00fc, il jandarma komutan\u0131, Sahil G\u00fcvenlik Akdeniz B\u00f6lge Komutan\u0131 ile di\u011fer ilgililer kat\u0131ld\u0131.\u00a0<br \/>\n\u0130\u00e7i\u015fleri Bakanl\u0131\u011f\u0131n\u0131n 81 il valili\u011fine g\u00f6nderdi\u011fi \u2018Yaz Mevsimi Trafik Tedbirleri Genelgesi\u2019 do\u011frultusundaki \u00e7al\u0131\u015fmalar ile \u2018G\u00f6\u00e7 Olaylar\u0131\u2019n\u0131n ele al\u0131nd\u0131\u011f\u0131 toplant\u0131da, Mersin genelinde al\u0131nan tedbirler ve yap\u0131lmas\u0131 gereken \u00e7al\u0131\u015fmalar ayr\u0131nt\u0131lar\u0131yla de\u011ferlendirildi.\u00a0<br \/>\n\u0130l Emniyet M\u00fcd\u00fcrl\u00fc\u011f\u00fc, \u0130l Jandarma Komutanl\u0131\u011f\u0131 ve \u0130l G\u00f6\u00e7 \u0130daresi M\u00fcd\u00fcrl\u00fc\u011f\u00fc yetkililerinin birer sunum yapt\u0131\u011f\u0131 toplant\u0131da, genel g\u00fcvenlik ve asayi\u015fi etkileyen konular de\u011ferlendirilerek, al\u0131nmas\u0131 gereken \u00f6nlemler hakk\u0131nda g\u00f6r\u00fc\u015f al\u0131\u015fveri\u015finde bulunuldu.\u00a0<\/p>\n","protected":false},"excerpt":{"rendered":"<p>Mersin \u0130l G\u00fcvenlik ve Asayi\u015f Koordinasyon Toplant\u0131s\u0131, Vali Ali \u0130hsan Su ba\u015fkanl\u0131\u011f\u0131nda ger\u00e7ekle\u015ftirildi. Toplant\u0131da, \u0130\u00e7i\u015fleri Bakanl\u0131\u011f\u0131n\u0131n 81 il valili\u011fine g\u00f6nderdi\u011fi \u2018Yaz Mevsimi Trafik Tedbirleri Genelgesi\u2019 do\u011frultusundaki \u00e7al\u0131\u015fmalar ile \u2018G\u00f6\u00e7 Olaylar\u0131\u2019 &hellip; <a href=\"https:\/\/akdenizolaygazetesi.com\/?p=7124\" class=\"more-link\">Devam\u0131n\u0131 Oku&#8230;<\/a><\/p>\n","protected":false},"author":1,"featured_media":0,"comment_status":"open","ping_status":"open","sticky":false,"template":"","format":"standard","meta":[],"categories":[],"tags":[],"_links":{"self":[{"href":"https:\/\/akdenizolaygazetesi.com\/index.php?rest_route=\/wp\/v2\/posts\/7124"}],"collection":[{"href":"https:\/\/akdenizolaygazetesi.com\/index.php?rest_route=\/wp\/v2\/posts"}],"about":[{"href":"https:\/\/akdenizolaygazetesi.com\/index.php?rest_route=\/wp\/v2\/types\/post"}],"author":[{"embeddable":true,"href":"https:\/\/akdenizolaygazetesi.com\/index.php?rest_route=\/wp\/v2\/users\/1"}],"replies":[{"embeddable":true,"href":"https:\/\/akdenizolaygazetesi.com\/index.php?rest_route=%2Fwp%2Fv2%2Fcomments&post=7124"}],"version-history":[{"count":0,"href":"https:\/\/akdenizolaygazetesi.com\/index.php?rest_route=\/wp\/v2\/posts\/7124\/revisions"}],"wp:attachment":[{"href":"https:\/\/akdenizolaygazetesi.com\/index.php?rest_route=%2Fwp%2Fv2%2Fmedia&parent=7124"}],"wp:term":[{"taxonomy":"category","embeddable":true,"href":"https:\/\/akdenizolaygazetesi.com\/index.php?rest_route=%2Fwp%2Fv2%2Fcategories&post=7124"},{"taxonomy":"post_tag","embeddable":true,"href":"https:\/\/akdenizolaygazetesi.com\/index.php?rest_route=%2Fwp%2Fv2%2Ftags&post=7124"}],"curies":[{"name":"wp","href":"https:\/\/api.w.org\/{rel}","templated":true}]}}