{"id":7125,"date":"2020-11-04T18:27:36","date_gmt":"2020-11-04T15:27:36","guid":{"rendered":"http:\/\/mersinekonomipolitikagazetesi.com\/?p=7125"},"modified":"2020-11-04T18:27:36","modified_gmt":"2020-11-04T15:27:36","slug":"afrika-sicaklari-narenciye-meyvelerini-kuruttu","status":"publish","type":"post","link":"https:\/\/akdenizolaygazetesi.com\/?p=7125","title":{"rendered":"Afrika s\u0131caklar\u0131 narenciye meyvelerini kuruttu"},"content":{"rendered":"<p><span style=\"line-height: 1.6em;\">Mersin&#8217;in Erdemli \u0130l\u00e7e Ziraat Odas\u0131 Meclis Ba\u015fkan\u0131 A\u015fk\u0131n \u015eahin, ge\u00e7ti\u011fimiz haftalarda ya\u015fanan Afrika s\u0131caklar\u0131n\u0131n narenciyede ve \u00f6zellikle limonda \u00fcr\u00fcn kayb\u0131na neden oldu\u011funu s\u00f6yledi. \u00dcreticilerin \u00fcr\u00fcn kayb\u0131n\u0131n artmas\u0131ndan endi\u015fe duydu\u011funu ifade eden \u015eahin, zarar g\u00f6ren \u00e7ift\u00e7ilerin su, elektrik faturas\u0131 ve kredi bor\u00e7lar\u0131n\u0131n ertelenmesi ya da faizlerinin silinmesini talep ettiklerini belirtti.\u00a0<\/span><\/p>\n<p>Ayn\u0131 zamanda ziraat m\u00fchendisi olan \u015eahin, &#8220;Ge\u00e7en haftalarda yurdumuzu kas\u0131p kavuran s\u0131cak hava dalgas\u0131 elbetteki b\u00f6lgemizi etkiledi. Erdemli&#8217;de de narenciye bah\u00e7elerine zarar verdi. \u015eu anda limonun ba\u015fkenti Erdemli&#8217;deyiz. Bizim b\u00f6lgemizde &#8216;yediveren&#8217; cinsi limonlar\u0131m\u0131z mevcut. Yani 12 ay a\u011fa\u00e7lar\u0131m\u0131zda limon g\u00f6rebiliyorduk. Ancak b\u00f6yle bir zarar olu\u015ftu&#8221; dedi.\u00a0<br \/>\n\u00c7i\u00e7eklenme d\u00f6neminin olumsuzluklarla ge\u00e7ti\u011fini anlatan \u015eahin, &#8220;Nisan ay\u0131nda ba\u015flay\u0131p may\u0131s ay\u0131nda devam eden \u00e7i\u00e7eklenme d\u00f6neminde \u00e7ok b\u00fcy\u00fck olumsuzluklar ya\u015fad\u0131k. Gece ile g\u00fcnd\u00fcz aras\u0131ndaki s\u0131cakl\u0131k fark\u0131n\u0131n a\u00e7\u0131lmas\u0131ndan dolay\u0131 g\u00fcnd\u00fcz 40-45 dereceye kadar s\u0131cakl\u0131\u011f\u0131n \u00e7\u0131kmas\u0131ndan dolay\u0131 narenciye bah\u00e7elerimiz \u00e7ok b\u00fcy\u00fck a\u011f\u0131r zararlar g\u00f6rd\u00fc&#8221; diye konu\u015ftu.\u00a0<\/p>\n<p>&#8220;Bor\u00e7lar ertelensin ya da faizleri silinsin&#8221;\u00a0<br \/>\nYetkililerden \u00fcreticilerin su, elektrik faturas\u0131 ve kredi bor\u00e7lar\u0131n\u0131n ertelenmesi ya da faizlerinin silinmesini beklediklerini dile getiren \u015eahin, &#8220;Yeni sene i\u00e7in y\u00fczde 30 verim kayb\u0131n\u0131n da olaca\u011f\u0131n\u0131 d\u00fc\u015f\u00fcnerek, Erdemli&#8217;deki \u00e7ift\u00e7ilerimiz bundan \u00e7ok zarar g\u00f6recek. Y\u00fczde 30 zarara u\u011frayan \u00e7ift\u00e7ilerimizin en az\u0131ndan tar\u0131m kredi kooperatiflerine olan bor\u00e7lar\u0131n\u0131n faizinin silinmesini ya da bor\u00e7lar\u0131n\u0131n \u00f6telenmesini talep ediyoruz. Sesimizin ula\u015ft\u0131\u011f\u0131 herkese bu derdimizi anlatmak istiyoruz&#8221; \u015feklinde konu\u015ftu.\u00a0<br \/>\n\u015eahin, \u00e7ift\u00e7ilere a\u011fa\u00e7lar\u0131n\u0131 susuz b\u0131rakmamalar\u0131 tavsiyesinde de bulundu.\u00a0<\/p>\n<p>&#8220;Meyveler halen d\u00f6k\u00fclmeye devam ediyor&#8221;\u00a0<br \/>\n\u00dcretici Akif Kar ise, her t\u00fcrl\u00fc m\u00fccadeleye ra\u011fmen meyve d\u00f6k\u00fclmelerinin devam etti\u011fini s\u00f6yledi.\u00a0<br \/>\nKar, &#8220;Ge\u00e7en y\u0131l bah\u00e7emden 20-25 ton \u00fcr\u00fcn ald\u0131m. Ge\u00e7en haftalardaki Afrika s\u0131caklar\u0131ndan dolay\u0131 y\u00fczde 30-40 dolay\u0131nda firemiz g\u00f6r\u00fcn\u00fcyor. Meyveler halen d\u00f6k\u00fclmeye devam ediyor. A\u011fa\u00e7lar\u0131 s\u0131k s\u0131k sulamam\u0131z gerekiyor ama sulad\u0131\u011f\u0131m\u0131z halde d\u00f6k\u00fclme devam ediyor&#8221; dedi.\u00a0<\/p>\n","protected":false},"excerpt":{"rendered":"<p>Mersin&#8217;in Erdemli \u0130l\u00e7e Ziraat Odas\u0131 Meclis Ba\u015fkan\u0131 A\u015fk\u0131n \u015eahin, ge\u00e7ti\u011fimiz haftalarda ya\u015fanan Afrika s\u0131caklar\u0131n\u0131n narenciyede ve \u00f6zellikle limonda \u00fcr\u00fcn kayb\u0131na neden oldu\u011funu s\u00f6yledi. \u00dcreticilerin \u00fcr\u00fcn kayb\u0131n\u0131n artmas\u0131ndan endi\u015fe duydu\u011funu ifade &hellip; <a href=\"https:\/\/akdenizolaygazetesi.com\/?p=7125\" class=\"more-link\">Devam\u0131n\u0131 Oku&#8230;<\/a><\/p>\n","protected":false},"author":1,"featured_media":0,"comment_status":"open","ping_status":"open","sticky":false,"template":"","format":"standard","meta":[],"categories":[],"tags":[],"_links":{"self":[{"href":"https:\/\/akdenizolaygazetesi.com\/index.php?rest_route=\/wp\/v2\/posts\/7125"}],"collection":[{"href":"https:\/\/akdenizolaygazetesi.com\/index.php?rest_route=\/wp\/v2\/posts"}],"about":[{"href":"https:\/\/akdenizolaygazetesi.com\/index.php?rest_route=\/wp\/v2\/types\/post"}],"author":[{"embeddable":true,"href":"https:\/\/akdenizolaygazetesi.com\/index.php?rest_route=\/wp\/v2\/users\/1"}],"replies":[{"embeddable":true,"href":"https:\/\/akdenizolaygazetesi.com\/index.php?rest_route=%2Fwp%2Fv2%2Fcomments&post=7125"}],"version-history":[{"count":0,"href":"https:\/\/akdenizolaygazetesi.com\/index.php?rest_route=\/wp\/v2\/posts\/7125\/revisions"}],"wp:attachment":[{"href":"https:\/\/akdenizolaygazetesi.com\/index.php?rest_route=%2Fwp%2Fv2%2Fmedia&parent=7125"}],"wp:term":[{"taxonomy":"category","embeddable":true,"href":"https:\/\/akdenizolaygazetesi.com\/index.php?rest_route=%2Fwp%2Fv2%2Fcategories&post=7125"},{"taxonomy":"post_tag","embeddable":true,"href":"https:\/\/akdenizolaygazetesi.com\/index.php?rest_route=%2Fwp%2Fv2%2Ftags&post=7125"}],"curies":[{"name":"wp","href":"https:\/\/api.w.org\/{rel}","templated":true}]}}