{"id":7144,"date":"2020-11-04T18:27:36","date_gmt":"2020-11-04T15:27:36","guid":{"rendered":"http:\/\/mersinekonomipolitikagazetesi.com\/?p=7144"},"modified":"2020-11-04T18:27:36","modified_gmt":"2020-11-04T15:27:36","slug":"alacak-verecek-yuzunden-yanlarindaki-arkadaslarini-oldurduler","status":"publish","type":"post","link":"https:\/\/akdenizolaygazetesi.com\/?p=7144","title":{"rendered":"Alacak verecek y\u00fcz\u00fcnden yanlar\u0131ndaki arkada\u015flar\u0131n\u0131 \u00f6ld\u00fcrd\u00fcler"},"content":{"rendered":"<p><span style=\"font-family: sans-serif; font-size: 14px; text-align: justify; background-color: rgb(242, 244, 245);\">Mersin&#8217;in Anamur il\u00e7esinde ara\u00e7tan inerek ka\u00e7an bir \u015fahs\u0131n, cinayet i\u015fledi\u011fi ortaya \u00e7\u0131kt\u0131. Jandarma ekipleri taraf\u0131ndan yap\u0131lan titiz \u00e7al\u0131\u015fma sonucunda cinayet olay\u0131 ayd\u0131nlat\u0131l\u0131rken, ka\u00e7an \u015fah\u0131sla birlikte 7 ki\u015fi g\u00f6zalt\u0131na al\u0131nd\u0131.<\/span><br style=\"box-sizing: border-box; font-family: sans-serif; font-size: 14px; text-align: justify; background-color: rgb(242, 244, 245);\" \/><br \/>\n<span style=\"font-family: sans-serif; font-size: 14px; text-align: justify; background-color: rgb(242, 244, 245);\">Edinilen bilgiye g\u00f6re, Anamur il\u00e7esi \u00c7eltik\u00e7i Mahallesi&#8217;nde devriye atan il\u00e7e Jandarma Komutanl\u0131\u011f\u0131 ekipleri, \u015f\u00fcphelenilen bir arac\u0131 takibe ald\u0131. Bir s\u00fcre takipten sonra orman yolunda kontrol etmek i\u00e7in araca yakla\u015fan ekipleri g\u00f6ren s\u00fcr\u00fcc\u00fc, karanl\u0131ktan faydalanarak ara\u00e7tan inip, ormanl\u0131k alanda izini kaybettirdi. Ara\u00e7 i\u00e7inde detayl\u0131 inceleme yapan ekipler, kan lekeleri, doku par\u00e7alar\u0131 ve ate\u015fli silah izi tespit etti. Bunun \u00fczerine ara\u00e7ta cinayet i\u015flendi\u011fi \u00fczerinde duran ekipler, \u00e7al\u0131\u015fma ba\u015flatt\u0131. Anamur il\u00e7e Jandarma Komutanl\u0131\u011f\u0131 ile Mersin \u0130l Jandarma Komutanl\u0131\u011f\u0131 taraf\u0131ndan kurulan \u00f6zel bir ekip, arac\u0131n kiral\u0131k oldu\u011funu, 1 Haziran&#8217;da ka\u00e7an \u015fah\u0131s ile birlikte 3 ki\u015finin Antalya&#8217;ya ba\u011fl\u0131 Alanya&#8217;ya gitti\u011fini ancak geri Anamur&#8217;a 2 ki\u015finin geldiklerini belirledi. \u015eah\u0131slar\u0131n geri d\u00f6nmeyen ki\u015fiyi \u00f6ld\u00fcrm\u00fc\u015f olabilece\u011fi \u00fczerine duran ekipler, arac\u0131 kiralayan ve ka\u00e7an \u015f\u00fcpheliyi Diyarbak\u0131r&#8217;da, ara\u00e7 i\u00e7esinde g\u00f6r\u00fclen di\u011fer \u015fahs\u0131 ile Anamur il\u00e7e merkezinde yakalad\u0131. G\u00f6zalt\u0131na al\u0131nan \u015fah\u0131slar Alanya&#8217;ya giderken yanlar\u0131nda bulunan \u015fahs\u0131 alacak verecek y\u00fcz\u00fcnden Alanya il\u00e7esinde \u00f6ld\u00fcrd\u00fcklerini, cesedi k\u0131sal alana att\u0131klar\u0131n\u0131 itiraf ettiler. Bunun \u00fczerine kiral\u0131k arac\u0131n GPSS kay\u0131tlar\u0131 incelenerek yap\u0131lan arama faaliyetleri sonucunda \u00f6ld\u00fcr\u00fclen \u015fahs\u0131n cesedi Alanya Ku\u015f Yuvas\u0131 mevkinde kayal\u0131klardan at\u0131lm\u0131\u015f vaziyette bulundu.<\/span><br style=\"box-sizing: border-box; font-family: sans-serif; font-size: 14px; text-align: justify; background-color: rgb(242, 244, 245);\" \/><br \/>\n<span style=\"font-family: sans-serif; font-size: 14px; text-align: justify; background-color: rgb(242, 244, 245);\">Y\u00fcr\u00fct\u00fclen soru\u015fturma kapsam\u0131nda \u00f6ld\u00fcrme olay\u0131 ile ilgili ba\u011flant\u0131s\u0131 oldu\u011fu tespit edilen 7 ki\u015fi g\u00f6zalt\u0131na al\u0131nd\u0131. Yakalanan \u015f\u00fcpheli \u015fah\u0131slar ve ele ge\u00e7irilen deliller Alanya il\u00e7e Jandarma Komutanl\u0131\u011f\u0131&#8217;na teslim edildi.<\/span><\/p>\n","protected":false},"excerpt":{"rendered":"<p>Mersin&#8217;in Anamur il\u00e7esinde ara\u00e7tan inerek ka\u00e7an bir \u015fahs\u0131n, cinayet i\u015fledi\u011fi ortaya \u00e7\u0131kt\u0131. Jandarma ekipleri taraf\u0131ndan yap\u0131lan titiz \u00e7al\u0131\u015fma sonucunda cinayet olay\u0131 ayd\u0131nlat\u0131l\u0131rken, ka\u00e7an \u015fah\u0131sla birlikte 7 ki\u015fi g\u00f6zalt\u0131na al\u0131nd\u0131. Edinilen &hellip; <a href=\"https:\/\/akdenizolaygazetesi.com\/?p=7144\" class=\"more-link\">Devam\u0131n\u0131 Oku&#8230;<\/a><\/p>\n","protected":false},"author":1,"featured_media":0,"comment_status":"open","ping_status":"open","sticky":false,"template":"","format":"standard","meta":[],"categories":[],"tags":[],"_links":{"self":[{"href":"https:\/\/akdenizolaygazetesi.com\/index.php?rest_route=\/wp\/v2\/posts\/7144"}],"collection":[{"href":"https:\/\/akdenizolaygazetesi.com\/index.php?rest_route=\/wp\/v2\/posts"}],"about":[{"href":"https:\/\/akdenizolaygazetesi.com\/index.php?rest_route=\/wp\/v2\/types\/post"}],"author":[{"embeddable":true,"href":"https:\/\/akdenizolaygazetesi.com\/index.php?rest_route=\/wp\/v2\/users\/1"}],"replies":[{"embeddable":true,"href":"https:\/\/akdenizolaygazetesi.com\/index.php?rest_route=%2Fwp%2Fv2%2Fcomments&post=7144"}],"version-history":[{"count":0,"href":"https:\/\/akdenizolaygazetesi.com\/index.php?rest_route=\/wp\/v2\/posts\/7144\/revisions"}],"wp:attachment":[{"href":"https:\/\/akdenizolaygazetesi.com\/index.php?rest_route=%2Fwp%2Fv2%2Fmedia&parent=7144"}],"wp:term":[{"taxonomy":"category","embeddable":true,"href":"https:\/\/akdenizolaygazetesi.com\/index.php?rest_route=%2Fwp%2Fv2%2Fcategories&post=7144"},{"taxonomy":"post_tag","embeddable":true,"href":"https:\/\/akdenizolaygazetesi.com\/index.php?rest_route=%2Fwp%2Fv2%2Ftags&post=7144"}],"curies":[{"name":"wp","href":"https:\/\/api.w.org\/{rel}","templated":true}]}}