{"id":7145,"date":"2020-11-04T18:27:37","date_gmt":"2020-11-04T15:27:37","guid":{"rendered":"http:\/\/mersinekonomipolitikagazetesi.com\/?p=7145"},"modified":"2020-11-04T18:27:37","modified_gmt":"2020-11-04T15:27:37","slug":"limon-ve-motosiklet-hirsizlari-yakalandi","status":"publish","type":"post","link":"https:\/\/akdenizolaygazetesi.com\/?p=7145","title":{"rendered":"Limon ve motosiklet h\u0131rs\u0131zlar\u0131 yakaland\u0131"},"content":{"rendered":"<p><span style=\"font-family: sans-serif; font-size: 14px; text-align: justify; background-color: rgb(242, 244, 245);\">\u00a0Mersin\u2019de jandarma ekipleri, limon ve motosiklet h\u0131rs\u0131zl\u0131\u011f\u0131 yapt\u0131klar\u0131 iddia edilen 4 ki\u015fiyi g\u00f6zalt\u0131na ald\u0131.<\/span><br style=\"box-sizing: border-box; font-family: sans-serif; font-size: 14px; text-align: justify; background-color: rgb(242, 244, 245);\" \/><br \/>\n<span style=\"font-family: sans-serif; font-size: 14px; text-align: justify; background-color: rgb(242, 244, 245);\">Edinilen bilgiye g\u00f6re, Mersin \u0130l Jandarma Komutanl\u0131\u011f\u0131\u2019na ba\u011fl\u0131 ekipleri, merkez Mezitli il\u00e7esi Boz\u00f6n Mahallesi\u2019ne ara\u00e7 ile gelen \u015fah\u0131slar\u0131n limon h\u0131rs\u0131zl\u0131\u011f\u0131 yapaca\u011f\u0131n\u0131n bilgisine ula\u015ft\u0131. Bunun \u00fczerine b\u00f6lgede devriye atan ekipler, limon bah\u00e7esi yan\u0131nda park halinde bulanan bir arac\u0131n bagaj\u0131n\u0131n a\u00e7\u0131k oldu\u011funu ve i\u00e7inde 1 \u00e7uval limon oldu\u011funu g\u00f6rd\u00fc. Bah\u00e7e i\u00e7erisinde de arama yapan ekipler, 3 \u015f\u00fcpheli \u015fahs\u0131 s\u0131rtlar\u0131nda limon \u00e7uvallar\u0131n\u0131 yol kenar\u0131na do\u011fru getirdikleri s\u0131rada su\u00e7 \u00fcst\u00fc yakalad\u0131. \u015e\u00fcpheli \u015fah\u0131slar, arac\u0131 kiralad\u0131klar\u0131n\u0131 ve limonlar\u0131n kendilerine ait olmad\u0131\u011f\u0131n\u0131, h\u0131rs\u0131zl\u0131k amac\u0131yla geldiklerini itiraf ettiler.<\/span><br style=\"box-sizing: border-box; font-family: sans-serif; font-size: 14px; text-align: justify; background-color: rgb(242, 244, 245);\" \/><br \/>\n<span style=\"font-family: sans-serif; font-size: 14px; text-align: justify; background-color: rgb(242, 244, 245);\">G\u00f6zalt\u0131na al\u0131nan 3 ki\u015fi, ifadelerinin al\u0131nmas\u0131n\u0131n ard\u0131ndan serbest b\u0131rak\u0131ld\u0131.<\/span><br style=\"box-sizing: border-box; font-family: sans-serif; font-size: 14px; text-align: justify; background-color: rgb(242, 244, 245);\" \/><br \/>\n<span style=\"font-family: sans-serif; font-size: 14px; text-align: justify; background-color: rgb(242, 244, 245);\">\u00d6te yandan, Silifke il\u00e7esi Ye\u015filovac\u0131k Mahallesi\u2019nde ger\u00e7ekle\u015ftirilen motosiklet h\u0131rs\u0131zl\u0131\u011f\u0131 olay\u0131yla ilgilide \u00e7al\u0131\u015fma y\u00fcr\u00fcten ekipler, g\u00fcvenlik kameralar\u0131ndan h\u0131rs\u0131zl\u0131k \u015f\u00fcphelisini belirledi. \u015eahs\u0131n bulundu\u011fu adrese operasyon yapan ekipler, \u015f\u00fcpheliyi g\u00f6zalt\u0131na al\u0131rken, \u00e7ald\u0131\u011f\u0131 motosikleti de ele ge\u00e7irdi.<\/span><br style=\"box-sizing: border-box; font-family: sans-serif; font-size: 14px; text-align: justify; background-color: rgb(242, 244, 245);\" \/><br \/>\n<span style=\"font-family: sans-serif; font-size: 14px; text-align: justify; background-color: rgb(242, 244, 245);\">G\u00f6zalt\u0131na al\u0131nan \u015fah\u0131s ifadesinin al\u0131nmas\u0131n\u0131n ard\u0131ndan serbest b\u0131rak\u0131l\u0131rken, motosiklet ise sahibine teslim edildi.<\/span><\/p>\n","protected":false},"excerpt":{"rendered":"<p>\u00a0Mersin\u2019de jandarma ekipleri, limon ve motosiklet h\u0131rs\u0131zl\u0131\u011f\u0131 yapt\u0131klar\u0131 iddia edilen 4 ki\u015fiyi g\u00f6zalt\u0131na ald\u0131. Edinilen bilgiye g\u00f6re, Mersin \u0130l Jandarma Komutanl\u0131\u011f\u0131\u2019na ba\u011fl\u0131 ekipleri, merkez Mezitli il\u00e7esi Boz\u00f6n Mahallesi\u2019ne ara\u00e7 ile &hellip; <a href=\"https:\/\/akdenizolaygazetesi.com\/?p=7145\" class=\"more-link\">Devam\u0131n\u0131 Oku&#8230;<\/a><\/p>\n","protected":false},"author":1,"featured_media":0,"comment_status":"open","ping_status":"open","sticky":false,"template":"","format":"standard","meta":[],"categories":[],"tags":[],"_links":{"self":[{"href":"https:\/\/akdenizolaygazetesi.com\/index.php?rest_route=\/wp\/v2\/posts\/7145"}],"collection":[{"href":"https:\/\/akdenizolaygazetesi.com\/index.php?rest_route=\/wp\/v2\/posts"}],"about":[{"href":"https:\/\/akdenizolaygazetesi.com\/index.php?rest_route=\/wp\/v2\/types\/post"}],"author":[{"embeddable":true,"href":"https:\/\/akdenizolaygazetesi.com\/index.php?rest_route=\/wp\/v2\/users\/1"}],"replies":[{"embeddable":true,"href":"https:\/\/akdenizolaygazetesi.com\/index.php?rest_route=%2Fwp%2Fv2%2Fcomments&post=7145"}],"version-history":[{"count":0,"href":"https:\/\/akdenizolaygazetesi.com\/index.php?rest_route=\/wp\/v2\/posts\/7145\/revisions"}],"wp:attachment":[{"href":"https:\/\/akdenizolaygazetesi.com\/index.php?rest_route=%2Fwp%2Fv2%2Fmedia&parent=7145"}],"wp:term":[{"taxonomy":"category","embeddable":true,"href":"https:\/\/akdenizolaygazetesi.com\/index.php?rest_route=%2Fwp%2Fv2%2Fcategories&post=7145"},{"taxonomy":"post_tag","embeddable":true,"href":"https:\/\/akdenizolaygazetesi.com\/index.php?rest_route=%2Fwp%2Fv2%2Ftags&post=7145"}],"curies":[{"name":"wp","href":"https:\/\/api.w.org\/{rel}","templated":true}]}}