{"id":7165,"date":"2020-11-04T18:27:38","date_gmt":"2020-11-04T15:27:38","guid":{"rendered":"http:\/\/mersinekonomipolitikagazetesi.com\/?p=7165"},"modified":"2020-11-04T18:27:38","modified_gmt":"2020-11-04T15:27:38","slug":"sarikecili-yoruklerinin-yasami-film-oluyor","status":"publish","type":"post","link":"https:\/\/akdenizolaygazetesi.com\/?p=7165","title":{"rendered":"Sar\u0131ke\u00e7ili Y\u00f6r\u00fcklerinin ya\u015fam\u0131 film oluyor"},"content":{"rendered":"<p><span style=\"line-height: 1.6em;\">\u00a0Sar\u0131ke\u00e7ili Y\u00f6r\u00fcklerinin ya\u015fam\u0131 ve g\u00f6\u00e7 yolculu\u011fu, \u2018Turna Misali\u2019 filmiyle sinemaya ta\u015f\u0131n\u0131yor. Mersin B\u00fcy\u00fck\u015fehir Belediyesinin, K\u00fclt\u00fcr ve Turizm Bakanl\u0131\u011f\u0131 ile birlikte ana destek\u00e7i oldu\u011fu filmin \u00e7ekimleri Silifke il\u00e7esinde s\u00fcrerken, B\u00fcy\u00fck\u015fehir Belediye Ba\u015fkan\u0131 Vahap Se\u00e7er, film setini ziyaret ederek, y\u00f6netmen ve oyuncularla bir araya geldi.\u00a0<\/span><\/p>\n<p>Mersin B\u00fcy\u00fck\u015fehir Belediyesi, son konarg\u00f6\u00e7erler olan Sar\u0131ke\u00e7ili Y\u00f6r\u00fcklerinin ya\u015fam\u0131n\u0131n anlat\u0131ld\u0131\u011f\u0131 \u2018Turna Misali\u2019 filminin ana destek\u00e7isi oldu. Yak\u0131n zamanda vizyona girecek olan film, son konarg\u00f6\u00e7erler olan, bin y\u0131ll\u0131k bir gelene\u011fi \u0131srarla ya\u015fatan Sar\u0131ke\u00e7ili Y\u00f6r\u00fcklerinin Mersin ve Karaman aras\u0131ndaki g\u00f6\u00e7 yolculu\u011funu anlatan ilk drama eserlerden biri olacak.\u00a0<br \/>\nMersin B\u00fcy\u00fck\u015fehir Belediye Ba\u015fkan\u0131 Vahap Se\u00e7er, filmin Silifke il\u00e7e merkezindeki setini ziyaret etti. Silifke Kaymakam\u0131 Ersin Emiro\u011flu ve Silifke Belediye Ba\u015fkanvekili Sad\u0131k Alt\u0131nok ile birlikte seti gezen Ba\u015fkan Se\u00e7er, filmin y\u00f6netmeni \u0130ffet Eren Dan\u0131\u015fman Boz\u2019dan film hakk\u0131nda bilgi ald\u0131. Ba\u015fkan Se\u00e7er, Sar\u0131ke\u00e7ili Y\u00f6r\u00fckleri Dernek Ba\u015fkan\u0131 Pervin \u00c7oban Sarvan\u2019la da sohbet ederek, Y\u00f6r\u00fcklerin g\u00f6\u00e7 yollar\u0131nda ya\u015fad\u0131\u011f\u0131 s\u0131k\u0131nt\u0131lar hakk\u0131nda bilgi ald\u0131.\u00a0<\/p>\n<p>\u201cKadim k\u00fclt\u00fcrler yok oluyor\u201d\u00a0<br \/>\nSar\u0131ke\u00e7ili Y\u00f6r\u00fcklerinin ya\u015fam\u0131ndan kesitler sunan film ve konarg\u00f6\u00e7er k\u00fclt\u00fcr\u00fc hakk\u0131nda de\u011ferlendirmelerde bulunan Se\u00e7er, \u201cYa\u015fanan geli\u015fmeler kadim k\u00fclt\u00fcrleri bir bir yok ediyor. Sar\u0131ke\u00e7ililerin geleneksel ya\u015fam bi\u00e7imi de bu geli\u015fmelerden nasibini al\u0131yor. Burada g\u00fczel bir \u00e7al\u0131\u015fma var. Y\u00f6netmenden oyuncusuna, destek veren kurumlar\u0131na kadar eme\u011fi ge\u00e7en herkese te\u015fekk\u00fcr ediyorum\u201d dedi.\u00a0<br \/>\nY\u00f6r\u00fck T\u00fcrkmenlerin sadece Mersin\u2019de de\u011fil, t\u00fcm T\u00fcrkiye\u2019de \u00f6nemli bir k\u00fclt\u00fcr, \u00f6nemli bir kitle oldu\u011funu belirten Se\u00e7er, \u201cMustafa Kemal Atat\u00fcrk\u2019\u00fcn veciz s\u00f6z\u00fcnde oldu\u011fu gibi, \u2018Gidin Toroslar\u2019\u0131n tepesine bak\u0131n. Bir Y\u00f6r\u00fck \u00e7ad\u0131r\u0131nda dumanlar t\u00fct\u00fcyorsa hi\u00e7bir kuvvet bu \u00fclkeye zarar veremez.\u2019 Mersinimizde de bu yerle\u015fik k\u00fclt\u00fcr \u00f6nemli bir n\u00fcfus. Tabi art\u0131k kentle\u015fmeyle beraber bu k\u00fclt\u00fcr ortadan kalk\u0131yor. Konarg\u00f6\u00e7erler d\u00f6nemsel sorunlar ya\u015fad\u0131klar\u0131 gibi mevzuat sorunu da ya\u015f\u0131yor. Art\u0131k eski mera alanlar\u0131 yok. Hayvanlar\u0131n\u0131 otlatacaklar\u0131 alanlar bulam\u0131yorlar. Orman farkl\u0131 bir mevzuat, \u015fehir farkl\u0131 bir mevzuat, tar\u0131m farkl\u0131 bir mevzuat. B\u00fct\u00fcn bu mevzuat da ya\u015fam alanlar\u0131n\u0131 ortadan kald\u0131rm\u0131\u015f durumda\u201d diye konu\u015ftu.\u00a0<\/p>\n<p>\u201cMersin\u2019in tan\u0131t\u0131m\u0131 a\u00e7\u0131s\u0131ndan \u00f6nemli\u201d\u00a0<br \/>\nTurna Misali filminin, kadim k\u00fclt\u00fcr\u00fcn tan\u0131t\u0131lmas\u0131 a\u00e7\u0131s\u0131ndan \u00f6nemli oldu\u011funa i\u015faret eden Se\u00e7er, \u201cBu \u00e7al\u0131\u015fma Mersin\u2019in tan\u0131t\u0131m\u0131 a\u00e7\u0131s\u0131ndan da \u00f6nemli. Bizi ilgilendiren taraflar\u0131ndan biri de bu. Kentimizin tan\u0131t\u0131lmas\u0131n\u0131 istiyoruz. Bu g\u00fczel bir ara\u00e7 olacak. Mersin\u2019in, tabiri caizse da\u011f\u0131n ba\u015f\u0131nda, tam anlam\u0131yla ke\u015ffedilmemi\u015f nadide bir \u00e7i\u00e7ek oldu\u011funu d\u00fc\u015f\u00fcn\u00fcyorum. Bunu sadece T\u00fcrkiye\u2019ye de\u011fil, d\u00fcnyaya tan\u0131tmak i\u00e7in \u00e7aba g\u00f6steriyoruz. \u0130\u015fte bu tip \u00e7al\u0131\u015fmalar buna \u00e7ok b\u00fcy\u00fck katk\u0131 sunacak diye d\u00fc\u015f\u00fcn\u00fcyorum\u201d ifadelerini kulland\u0131.\u00a0<\/p>\n<p>\u201cFilm fikri 12 y\u0131l \u00f6nce ortaya \u00e7\u0131kt\u0131\u201d\u00a0<br \/>\nFilmin y\u00f6netmeni Boz da film fikrinin 12 y\u0131l \u00f6nce do\u011fdu\u011funu s\u00f6yledi. G\u00f6r\u00fcnt\u00fc y\u00f6netmeni Ey\u00fcp Boz\u2019un, g\u00f6\u00e7 yollar\u0131nda engellerle kar\u015f\u0131la\u015fan Sar\u0131ke\u00e7ililerle ilgili belgesel \u00e7ekti\u011fini hat\u0131rlatan Boz, daha sonraki s\u00fcre\u00e7te Sar\u0131ke\u00e7ili k\u00fclt\u00fcr\u00fcn\u00fc daha iyi anlatabilmek i\u00e7in drama bir eser \u00fcretilmesi gerekti\u011fi fikrine ula\u015ft\u0131klar\u0131n\u0131 anlatt\u0131. Filmin \u00e7ekimi i\u00e7in Ey\u00fcp Boz\u2019un \u00f6nce kendisini, daha sonra Y\u00f6r\u00fck k\u00fclt\u00fcr\u00fcnden gelen oyuncu Y\u00fcksel Aksu\u2019yu ikna etti\u011fini belirten Boz, \u201cFilmin kaba kurgusu TRT\u2019de izlendi ve \u00e7ok be\u011fenildi. Korona salg\u0131n\u0131 nedeniyle baz\u0131 gecikmeler oldu. Film \u00e7ekimi i\u00e7in bize her t\u00fcrl\u00fc kolayl\u0131\u011f\u0131 sa\u011flayan Mersin B\u00fcy\u00fck\u015fehir Belediyesine te\u015fekk\u00fcr ediyorum\u201d \u015feklinde konu\u015ftu.\u00a0<br \/>\nFilminin senaristi ve y\u00f6netmeni Ey\u00fcp Boz ise \u201cBenim en b\u00fcy\u00fck hayalim bu k\u00fclt\u00fcr\u00fcn, \u00f6zellikle geleneksel \u015fekilde deveyle g\u00f6\u00e7\u00fcn yok olmamas\u0131. Bu koruma alt\u0131na al\u0131n\u0131rsa bu film amac\u0131na ula\u015fm\u0131\u015f olacak\u201d dedi.\u00a0<\/p>\n<p>\u201cBir Y\u00f6r\u00fck olarak Y\u00f6r\u00fck olmay\u0131 bu belgesel \u00e7ekimlerinde \u00f6\u011frendim\u201d\u00a0<br \/>\nTurna Misali filminin oyuncular\u0131 aras\u0131nda yer alan ve kendisi de Sar\u0131ke\u00e7ili bir Y\u00f6r\u00fck olan Y\u00fcksel Aksu da \u201cBiz 12 y\u0131l \u00f6nce buraya belgesel \u00e7ekmeye gelmi\u015ftik. Ben de Sar\u0131ke\u00e7ili k\u00f6kenli bir Y\u00f6r\u00fc\u011f\u00fcm, Mu\u011flal\u0131y\u0131m. Bir Y\u00f6r\u00fck olarak Y\u00f6r\u00fck olmay\u0131 bu belgesel \u00e7ekimlerinde \u00f6\u011frendim ve \u00e7ok \u00e7ok b\u00fcy\u00fck bir k\u0131ymet oldu\u011funu anlad\u0131m. Nenemin de lakab\u0131 Y\u00f6r\u00fck Ay\u015fayd\u0131. Onunla gurur duymay\u0131 \u00f6\u011frendim. \u015eimdi bu 12 y\u0131l i\u00e7inde Ey\u00fcp ve \u0130ffet demlendirdi g\u00fczel bir senaryo yazd\u0131lar. Evrensel ya da yerel k\u00fclt\u00fcr\u00fcm\u00fcz\u00fc nak\u015fetmek, yans\u0131tmak bizlerin sanat\u00e7\u0131 olarak sorumlulu\u011fu\u201d ifadelerini kulland\u0131.\u00a0<\/p>\n<p>\u201cDo\u011faya de\u011fer veren bize de de\u011fer vermi\u015f olur\u201d\u00a0<br \/>\nSar\u0131ke\u00e7ili Y\u00f6r\u00fckleri Derne\u011fi Ba\u015fkan\u0131 Pervin \u00c7oban Sarvan da \u201cBiz akl\u0131m\u0131z erdi\u011finden beri bu k\u00fclt\u00fcr\u00fcn ya\u015fat\u0131lmas\u0131 i\u00e7in feryat figan kopard\u0131k. Bizim i\u00e7in makamlar, mevkiler, r\u00fctbeler gelip ge\u00e7icidir. Bizde kal\u0131c\u0131 olan do\u011fad\u0131r. Do\u011faya de\u011fer veren bize de de\u011fer vermi\u015f olur. Bu kadim k\u00fclt\u00fcr b\u00fct\u00fcn canl\u0131lar\u0131 ilgilendiriyor. Korona vir\u00fcs salg\u0131n\u0131 bu k\u00fclt\u00fcr\u00fcn de\u011ferini bir kez daha ortaya \u00e7\u0131kard\u0131. Bu k\u00fclt\u00fcre, bu ya\u015fam bi\u00e7imine eninde sonunda herkes uyacak. Sesimize ses olun ki, bu k\u00fclt\u00fcr sonsuza dek ya\u015fas\u0131n\u201d dedi.\u00a0<\/p>\n<p>G\u00f6\u00e7 yollar\u0131ndaki \u00e7\u00f6p sorunu \u00e7\u00f6z\u00fcl\u00fcyor\u00a0<br \/>\nSarvan\u2019\u0131n, \u201cMersin\u2019den ge\u00e7en g\u00f6\u00e7 yolumuzun baz\u0131 yerlerine il\u00e7e belediyeleri \u00e7\u00f6p d\u00f6k\u00fcyor\u201d y\u00f6n\u00fcndeki s\u00f6zleri \u00fczerine Ba\u015fkan Se\u00e7er, sorundan haberdar olur olmaz \u00e7\u00f6z\u00fcm i\u00e7in d\u00fc\u011fmeye bast\u0131klar\u0131n\u0131 s\u00f6yledi. Anamur, Ayd\u0131nc\u0131k, Bozyaz\u0131 ve Mut\u2019un kat\u0131 at\u0131klar\u0131n\u0131n bundan sonra Silifke\u2019deki aktarma istasyonuna getirilece\u011fini, ad\u0131 ge\u00e7en il\u00e7elerde vah\u015fi \u00e7\u00f6p depolamas\u0131na izin vermeyeceklerini ifade eden Se\u00e7er, Y\u00f6r\u00fcklerin g\u00f6\u00e7 yollar\u0131nda bundan sonra \u00e7\u00f6p sorunu ya\u015famayaca\u011f\u0131n\u0131 kaydetti.\u00a0<\/p>\n<p>Mersin B\u00fcy\u00fck\u015fehir filmin ana destek\u00e7ilerinden\u00a0<br \/>\nMersin B\u00fcy\u00fck\u015fehir Belediyesi, filmin ana destek\u00e7isi oldu. B\u00fcy\u00fck\u015fehir Belediyesi ekipleri, \u00e7ekimleri yapan set ekibinin konaklama ve beslenme ihtiya\u00e7lar\u0131n\u0131, \u00e7ekim s\u0131ras\u0131nda gerekli olan mobil tuvalet, \u00e7ad\u0131r, sandalye gibi ihtiya\u00e7lar\u0131n\u0131 kar\u015f\u0131l\u0131yor. Set ekibinin ekipmanlar\u0131 ve \u00e7ekim yap\u0131lacak alanlar dezenfekte ediliyor. \u00c7ekimlerin s\u00fcrd\u00fc\u011f\u00fc ve ikinci b\u00f6lge olarak adland\u0131r\u0131lan b\u00f6lgede ekipler taraf\u0131ndan zemin iyile\u015ftirme \u00e7al\u0131\u015fmalar\u0131 yap\u0131larak, \u00e7ekim \u015fartlar\u0131 kolayla\u015ft\u0131r\u0131l\u0131yor.\u00a0<\/p>\n","protected":false},"excerpt":{"rendered":"<p>\u00a0Sar\u0131ke\u00e7ili Y\u00f6r\u00fcklerinin ya\u015fam\u0131 ve g\u00f6\u00e7 yolculu\u011fu, \u2018Turna Misali\u2019 filmiyle sinemaya ta\u015f\u0131n\u0131yor. Mersin B\u00fcy\u00fck\u015fehir Belediyesinin, K\u00fclt\u00fcr ve Turizm Bakanl\u0131\u011f\u0131 ile birlikte ana destek\u00e7i oldu\u011fu filmin \u00e7ekimleri Silifke il\u00e7esinde s\u00fcrerken, B\u00fcy\u00fck\u015fehir Belediye &hellip; <a href=\"https:\/\/akdenizolaygazetesi.com\/?p=7165\" class=\"more-link\">Devam\u0131n\u0131 Oku&#8230;<\/a><\/p>\n","protected":false},"author":1,"featured_media":0,"comment_status":"open","ping_status":"open","sticky":false,"template":"","format":"standard","meta":[],"categories":[],"tags":[],"_links":{"self":[{"href":"https:\/\/akdenizolaygazetesi.com\/index.php?rest_route=\/wp\/v2\/posts\/7165"}],"collection":[{"href":"https:\/\/akdenizolaygazetesi.com\/index.php?rest_route=\/wp\/v2\/posts"}],"about":[{"href":"https:\/\/akdenizolaygazetesi.com\/index.php?rest_route=\/wp\/v2\/types\/post"}],"author":[{"embeddable":true,"href":"https:\/\/akdenizolaygazetesi.com\/index.php?rest_route=\/wp\/v2\/users\/1"}],"replies":[{"embeddable":true,"href":"https:\/\/akdenizolaygazetesi.com\/index.php?rest_route=%2Fwp%2Fv2%2Fcomments&post=7165"}],"version-history":[{"count":0,"href":"https:\/\/akdenizolaygazetesi.com\/index.php?rest_route=\/wp\/v2\/posts\/7165\/revisions"}],"wp:attachment":[{"href":"https:\/\/akdenizolaygazetesi.com\/index.php?rest_route=%2Fwp%2Fv2%2Fmedia&parent=7165"}],"wp:term":[{"taxonomy":"category","embeddable":true,"href":"https:\/\/akdenizolaygazetesi.com\/index.php?rest_route=%2Fwp%2Fv2%2Fcategories&post=7165"},{"taxonomy":"post_tag","embeddable":true,"href":"https:\/\/akdenizolaygazetesi.com\/index.php?rest_route=%2Fwp%2Fv2%2Ftags&post=7165"}],"curies":[{"name":"wp","href":"https:\/\/api.w.org\/{rel}","templated":true}]}}