{"id":7184,"date":"2020-11-04T18:27:38","date_gmt":"2020-11-04T15:27:38","guid":{"rendered":"http:\/\/mersinekonomipolitikagazetesi.com\/?p=7184"},"modified":"2020-11-04T18:27:38","modified_gmt":"2020-11-04T15:27:38","slug":"mersinde-toplu-tasimalarda-virus-riskine-karsi-klimalar-calistirilmiyor","status":"publish","type":"post","link":"https:\/\/akdenizolaygazetesi.com\/?p=7184","title":{"rendered":"Mersin&#8217;de toplu ta\u015f\u0131malarda vir\u00fcs riskine kar\u015f\u0131 klimalar \u00e7al\u0131\u015ft\u0131r\u0131lm\u0131yor"},"content":{"rendered":"<p><span style=\"line-height: 1.6em;\">\u00a0Mersin B\u00fcy\u00fck\u015fehir Belediyesi\u2019nin toplu ta\u015f\u0131ma ara\u00e7lar\u0131nda, korona vir\u00fcs riskine kar\u015f\u0131 klimalar\u0131n \u00e7al\u0131\u015ft\u0131r\u0131lmad\u0131\u011f\u0131 bildirildi.\u00a0<\/span><\/p>\n<p>B\u00fcy\u00fck\u015fehir Belediyesinden yap\u0131lan a\u00e7\u0131klamaya g\u00f6re, Ula\u015f\u0131m Dairesi Ba\u015fkanl\u0131\u011f\u0131 ile Engelliler ve Sa\u011fl\u0131k Hizmetleri Dairesi Ba\u015fkanl\u0131\u011f\u0131 taraf\u0131ndan al\u0131nan \u00f6nlemler kapsam\u0131nda, klima yolu ile vir\u00fcs\u00fcn yay\u0131l\u0131m\u0131n\u0131n engellenmesi amac\u0131yla toplu ta\u015f\u0131ma ara\u00e7lar\u0131nda klimalar \u00e7al\u0131\u015ft\u0131r\u0131lm\u0131yor.\u00a0<br \/>\nKlima kullan\u0131m\u0131n\u0131n vir\u00fcs\u00fcn yay\u0131lmas\u0131nda bir etken olabilece\u011fi tehlikesi \u00fczerine tedbiri elden b\u0131rakmayan g\u00f6revliler, klima yerine do\u011fal havaland\u0131rma yolu ile i\u00e7erideki havay\u0131 temiz tutmaya \u00e7al\u0131\u015f\u0131yor.\u00a0<br \/>\nPencerelerin a\u00e7\u0131k tutulmas\u0131 gerekti\u011fi konusunda Mersinliler\u2019i uyaran Engelliler ve Sa\u011fl\u0131k Hizmetleri Dairesi Ba\u015fkanl\u0131\u011f\u0131nda g\u00f6revli doktor Serhat Kandemir, vatanda\u015flar\u0131n klimalar\u0131n a\u00e7\u0131lmas\u0131 y\u00f6n\u00fcnde \u0131srar etmemesi gerekti\u011fini s\u00f6yledi.\u00a0<br \/>\n\u201cKlimalar\u0131m\u0131z i\u00e7 hava ile \u00e7al\u0131\u015fan klimalar\u201d\u00a0<br \/>\nKlimalar\u0131n ortamdaki mevcut havay\u0131 mekan i\u00e7inde da\u011f\u0131tt\u0131\u011f\u0131 i\u00e7in hijyenik olmad\u0131\u011f\u0131n\u0131 belirten doktor Kandemir, korona vir\u00fcs salg\u0131n\u0131n\u0131n ba\u015flad\u0131\u011f\u0131 g\u00fcnden bu yana B\u00fcy\u00fck\u015fehir Belediyesi olarak toplu ta\u015f\u0131ma ara\u00e7lar\u0131nda her t\u00fcrl\u00fc tedbirin al\u0131nd\u0131\u011f\u0131n\u0131 ifade etti. Kandemir, yeni tedbirlerden birinin de toplu ta\u015f\u0131ma ara\u00e7lar\u0131nda klimalar\u0131n \u00e7al\u0131\u015ft\u0131r\u0131lmamas\u0131 oldu\u011funu belirterek, havan\u0131n \u0131s\u0131nmas\u0131na ra\u011fmen toplu ta\u015f\u0131ma otob\u00fcslerinde klimalar\u0131n neden a\u00e7\u0131lmad\u0131\u011f\u0131 konusunda Mersinliler\u2019i bilgilendirdi. Kandemir, \u201cBizim klimalar\u0131m\u0131z i\u00e7 hava ile \u00e7al\u0131\u015fan klimalar. Dolay\u0131s\u0131yla i\u00e7erideki havay\u0131 emiyor ve belirli bir sistemden ge\u00e7irdikten sonra tekrar i\u00e7eriye \u00fcfl\u00fcyor. \u0130\u015fte e\u011fer bir hastal\u0131k ta\u015f\u0131yan birisi arac\u0131m\u0131zda seyahat ediyorsa, ondan damlac\u0131k yolu enfeksiyonuyla havaya sa\u00e7\u0131lm\u0131\u015f partik\u00fcl, klimam\u0131z taraf\u0131ndan emilip tekrar otob\u00fcs\u00fcn i\u00e7ine p\u00fcsk\u00fcrt\u00fcld\u00fc\u011f\u00fcnde, o vir\u00fcs t\u00fcm otob\u00fcs\u00fcn i\u00e7ini kaplayabilmekte ve seyahat eden b\u00fct\u00fcn vatanda\u015flar\u0131m\u0131za bula\u015fabilme ihtimalini art\u0131rmaktad\u0131r. Bu s\u0131caklarda klimas\u0131z herhangi bir ara\u00e7ta, otomobilde bile seyahat etmemiz \u00e7ok g\u00fc\u00e7 olabilir ama bu s\u00fcre\u00e7te belirli \u015feylere biraz daha hassasiyet g\u00f6sterece\u011fiz\u201d dedi.\u00a0<br \/>\nVir\u00fcs damlac\u0131k yolu ile bula\u015ft\u0131\u011f\u0131 i\u00e7in toplu ta\u015f\u0131ma ara\u00e7lar\u0131nda seyahat eden vatanda\u015flar\u0131n, maske kullan\u0131m\u0131n\u0131n yan\u0131 s\u0131ra konu\u015furken y\u00fcksek sesle, ba\u011f\u0131rarak konu\u015fmamaya \u00f6zen g\u00f6stermeleri gerekti\u011fini de vurgulayan Kandemir, 1 Haziran 2020 tarihinden itibaren girilen yeni normalle\u015fme s\u00fcrecine ili\u015fkin de \u015funlar\u0131 s\u00f6yledi; \u201cAma bu normalle\u015fme 3-4 ay \u00f6ncesi, yani korona vir\u00fcs \u00f6ncesi gibi olmayacak. Maske, mesafe ve hijyene mutlak suretle daha \u00e7ok dikkat edece\u011fiz. Devletimizin b\u00fct\u00fcn kurumlar\u0131, b\u00fct\u00fcn \u00e7al\u0131\u015fanlar b\u00fcy\u00fck gayretler i\u00e7erisinde bu seviyeye geldik. \u00dclkemiz olduk\u00e7a ucuz atlat\u0131yor durumda ve Mersin olarak da yine hepimizin gayreti ile olduk\u00e7a ba\u015far\u0131l\u0131 sonu\u00e7 al\u0131nan, yani az vaka, az \u00f6l\u00fcm oranlar\u0131 ile olduk\u00e7a iyi yerde. Dolay\u0131s\u0131yla bu ba\u015far\u0131m\u0131za g\u00f6lge d\u00fc\u015f\u00fcrmeyelim. Tabi bu ba\u015far\u0131n\u0131n sa\u011flanmas\u0131nda en b\u00fcy\u00fck pay da bu kurallara, uygulamalara uyan vatanda\u015flar\u0131m\u0131z\u0131n.\u201d\u00a0<br \/>\n\u201cPencereler a\u00e7\u0131k halde seyahat edece\u011fiz\u201d\u00a0<br \/>\nKandemir, alacaklar\u0131 tedbirler ile vatanda\u015flar\u0131n ikinci bir dalgalanmaya m\u00fcsaade etmemeleri gerekti\u011fini ifade ederek, bu d\u00f6nemde do\u011fal havaland\u0131rma y\u00f6ntemlerinden biri olan pencerelerin a\u00e7\u0131k tutularak, i\u00e7eriyi serinletmenin daha sa\u011fl\u0131kl\u0131 oldu\u011funu s\u00f6yledi. Kandemir, \u201cKap\u0131lar hari\u00e7 neredeyse b\u00fct\u00fcn pencerelerin \u00fczerinde k\u00fc\u00e7\u00fck pencerecikler var. Bunlar a\u00e7\u0131k halde seyahat edece\u011fiz ki, hi\u00e7 olmazsa biraz daha i\u00e7eride serinlik sa\u011flayabilelim, d\u0131\u015far\u0131dan taze ve temiz hava ile bu yolculu\u011fumuzu tamamlayal\u0131m&#8221; diye konu\u015ftu.\u00a0<\/p>\n","protected":false},"excerpt":{"rendered":"<p>\u00a0Mersin B\u00fcy\u00fck\u015fehir Belediyesi\u2019nin toplu ta\u015f\u0131ma ara\u00e7lar\u0131nda, korona vir\u00fcs riskine kar\u015f\u0131 klimalar\u0131n \u00e7al\u0131\u015ft\u0131r\u0131lmad\u0131\u011f\u0131 bildirildi.\u00a0 B\u00fcy\u00fck\u015fehir Belediyesinden yap\u0131lan a\u00e7\u0131klamaya g\u00f6re, Ula\u015f\u0131m Dairesi Ba\u015fkanl\u0131\u011f\u0131 ile Engelliler ve Sa\u011fl\u0131k Hizmetleri Dairesi Ba\u015fkanl\u0131\u011f\u0131 taraf\u0131ndan al\u0131nan &hellip; <a href=\"https:\/\/akdenizolaygazetesi.com\/?p=7184\" class=\"more-link\">Devam\u0131n\u0131 Oku&#8230;<\/a><\/p>\n","protected":false},"author":1,"featured_media":0,"comment_status":"open","ping_status":"open","sticky":false,"template":"","format":"standard","meta":[],"categories":[],"tags":[],"_links":{"self":[{"href":"https:\/\/akdenizolaygazetesi.com\/index.php?rest_route=\/wp\/v2\/posts\/7184"}],"collection":[{"href":"https:\/\/akdenizolaygazetesi.com\/index.php?rest_route=\/wp\/v2\/posts"}],"about":[{"href":"https:\/\/akdenizolaygazetesi.com\/index.php?rest_route=\/wp\/v2\/types\/post"}],"author":[{"embeddable":true,"href":"https:\/\/akdenizolaygazetesi.com\/index.php?rest_route=\/wp\/v2\/users\/1"}],"replies":[{"embeddable":true,"href":"https:\/\/akdenizolaygazetesi.com\/index.php?rest_route=%2Fwp%2Fv2%2Fcomments&post=7184"}],"version-history":[{"count":0,"href":"https:\/\/akdenizolaygazetesi.com\/index.php?rest_route=\/wp\/v2\/posts\/7184\/revisions"}],"wp:attachment":[{"href":"https:\/\/akdenizolaygazetesi.com\/index.php?rest_route=%2Fwp%2Fv2%2Fmedia&parent=7184"}],"wp:term":[{"taxonomy":"category","embeddable":true,"href":"https:\/\/akdenizolaygazetesi.com\/index.php?rest_route=%2Fwp%2Fv2%2Fcategories&post=7184"},{"taxonomy":"post_tag","embeddable":true,"href":"https:\/\/akdenizolaygazetesi.com\/index.php?rest_route=%2Fwp%2Fv2%2Ftags&post=7184"}],"curies":[{"name":"wp","href":"https:\/\/api.w.org\/{rel}","templated":true}]}}