{"id":7185,"date":"2020-11-04T18:27:39","date_gmt":"2020-11-04T15:27:39","guid":{"rendered":"http:\/\/mersinekonomipolitikagazetesi.com\/?p=7185"},"modified":"2020-11-04T18:27:39","modified_gmt":"2020-11-04T15:27:39","slug":"mevsimlik-tarim-iscileri-icin-konteyner-kent-projesini-hayata-gecirecegiz","status":"publish","type":"post","link":"https:\/\/akdenizolaygazetesi.com\/?p=7185","title":{"rendered":"&#8211; &#8220;Mevsimlik tar\u0131m i\u015f\u00e7ileri i\u00e7in konteyner kent projesini hayata ge\u00e7irece\u011fiz&#8221;"},"content":{"rendered":"<p><span style=\"line-height: 1.6em;\">Mersin B\u00fcy\u00fck\u015fehir Belediye Ba\u015fkan\u0131 Vahap Se\u00e7er, Tarsus&#8217;a ad\u0131na yak\u0131\u015f\u0131r bir k\u00fclt\u00fcr merkezi in\u015fa edeceklerini belirtirken, mevsimlik tar\u0131m i\u015f\u00e7ileri i\u00e7in de konteyner kent projesinin m\u00fcjdesini verdi.\u00a0<\/span><\/p>\n<p>Se\u00e7er, korona vir\u00fcs salg\u0131n\u0131 s\u00fcrecinde ekonomik anlamda b\u00fcy\u00fck s\u0131k\u0131nt\u0131 ya\u015fayan ve 1 Haziran\u2019da yeni normalle\u015fme s\u00fcrecine ge\u00e7ilmesiyle birlikte normal hayata d\u00f6nmeye \u00e7al\u0131\u015fan Tarsus Hal Kompleksindeki esnaf\u0131 ziyaret etti. Burada Tarsus Ya\u015f Sebze ve Meyve Halciler Derne\u011fi y\u00f6neticileri ile bir araya gelen Se\u00e7er, &#8220;Tarsus\u2019u ziyaret etmemizin ama\u00e7lar\u0131ndan bir tanesi ve en temeli, buraya \u00e7ok g\u00fczel bir k\u00fclt\u00fcr ve sanat merkezi yapaca\u011f\u0131z. Tarsus\u2019ta \u00e7ok eskiden kalma, \u015fu anda Tarsus\u2019a kapasite ve mimari olarak yeterli olmayan bir k\u00fclt\u00fcr merkezi var. Arkada\u015flar\u0131mla beraber yer tespiti i\u00e7in geldik. Hangi b\u00f6lgede olmas\u0131 gerekti\u011fi \u00f6nemli \u00e7\u00fcnk\u00fc gelecek 50 y\u0131l\u0131 programl\u0131yoruz. Kentin geli\u015fmeye a\u00e7\u0131k b\u00f6lgelerine do\u011fru bu yat\u0131r\u0131m\u0131 yapmam\u0131z laz\u0131m. Parasal olarak da \u00e7ok de\u011ferli yat\u0131r\u0131mlar. \u0130n\u015fallah k\u0131sa s\u00fcre i\u00e7erisinde Tarsuslulara k\u00fclt\u00fcr ve sanat etkinliklerinin oldu\u011fu muazzam bir k\u00fclt\u00fcr merkezi yapaca\u011f\u0131z\u201d dedi.\u00a0<br \/>\n\u201cMevsimlik tar\u0131m i\u015f\u00e7ileri i\u00e7in konteyner kent kuraca\u011f\u0131z\u201d\u00a0<br \/>\nTar\u0131m\u0131n, Mersin\u2019in \u00f6nemli bir ger\u00e7e\u011fi ve gelir kayna\u011f\u0131 oldu\u011funun alt\u0131n\u0131 \u00e7izen Ba\u015fkan Se\u00e7er, mevsimlik tar\u0131m i\u015f\u00e7ileri i\u00e7in yapacaklar\u0131 konteyner kent projesinin m\u00fcjdesini de verdi. Mevsimlik tar\u0131m i\u015f\u00e7ilerinin ya\u015fam \u015fartlar\u0131n\u0131 iyile\u015ftireceklerini, tuvaleti, banyosu bulunan, hava \u015fartlar\u0131ndan etkilenmeyecekleri konteynerlar olu\u015fturacaklar\u0131n\u0131 ifade eden Se\u00e7er, \u201cYapaca\u011f\u0131m\u0131z bir \u00e7al\u0131\u015fman\u0131n daha m\u00fcjdesini verebiliriz, \u00e7\u00fcnk\u00fc \u00f6nemli ve \u00f6rnek bir \u00e7al\u0131\u015fma. Bizim bir \u2018konteyner kent\u2019 projemiz var. Biliyorsunuz mevsimlik i\u015f\u00e7iler var. Burada \u00e7ok zor ko\u015fullarda, \u00e7ad\u0131rlarda ya\u015f\u0131yorlar. Bunlar medeni toplumlarda g\u00f6r\u00fclmeyen sahneler. Tarsus b\u00f6lgesinde burada belediyemize ait alanda Karg\u0131l\u0131 b\u00f6lgesinde bir pilot \u00e7al\u0131\u015fma yap\u0131yoruz. \u015eu anda proje a\u015famas\u0131nda o y\u00fczden net bir bilgi veremiyorum ama ilk etapta 100 konteynerlik bir konteyner kent kuraca\u011f\u0131z. \u00c7ad\u0131r kent olarak kullan\u0131lan alanlar art\u0131k konteyner kent olacak. Daha medeni ko\u015fullarda konteynerlerin i\u00e7erisinde mevsimlik i\u015f\u00e7ilerin ya\u015famalar\u0131n\u0131 sa\u011flamak i\u00e7in bu projeyi hayata ge\u00e7irece\u011fiz\u201d diye konu\u015ftu.\u00a0<br \/>\n\u201cHer yerde oldu\u011fu gibi toptanc\u0131 hallerinde de i\u015fbirli\u011fi halinde \u00e7al\u0131\u015f\u0131p d\u00fczeni sa\u011flar\u0131z\u201d\u00a0<br \/>\nBa\u015fkan Se\u00e7er, m\u00fcstahsil \u00fccretlerinin al\u0131nmamas\u0131 talebi ve karpuz sergileri sorununun iletilmesi \u00fczerine ise d\u00fc\u015f\u00fcncelerini \u015fu s\u00f6zlerle ifade etti; \u201cM\u00fcstahsil giri\u015f-\u00e7\u0131k\u0131\u015f \u00fccretlerini de\u011ferlendirece\u011fiz. Meclis karar\u0131na g\u00f6re bu \u00fccretleri al\u0131yoruz. Belediyelerin tahsil etti\u011fi ya da tahakkuk etti\u011fi hi\u00e7bir \u00fccret keyfi olamaz. Belirli yasalara, y\u00f6netmeliklere, genelgelere, meclis kararlar\u0131na dayal\u0131d\u0131r. Yeniden karar almak gerekiyorsa biz bunu yapar\u0131z. Karpuz sergileri konusu ise kural\u0131n kaidenin olmad\u0131\u011f\u0131 yerde ya da yasad\u0131\u015f\u0131 davranman\u0131n m\u00fceyyidesinin olmad\u0131\u011f\u0131 yerde e\u015fk\u0131ya d\u00fcnyaya h\u00fck\u00fcmdar olur. Hi\u00e7 buna m\u00fcsaade edemeyiz. Hele biz hi\u00e7 edemeyiz. Biz hukuk devleti pe\u015finde, demokrasi pe\u015finde ko\u015farken, belediye olarak b\u00f6yle anti hukuki, g\u00fcc\u00fc g\u00fcc\u00fc yetene bir d\u00fczene m\u00fcsaade edemeyiz. Her yerde sa\u011flad\u0131\u011f\u0131m\u0131z gibi toptanc\u0131 meyve sebze hallerinde de komisyoncular\u0131m\u0131zla, esnaf\u0131m\u0131zla \u00e7al\u0131\u015f\u0131p, ekmek yiyen her kim ise onlarla i\u015fbirli\u011fi halinde \u00e7al\u0131\u015f\u0131p orada d\u00fczeni sa\u011flar\u0131z. Ama bir ba\u015f\u0131m\u0131za yapamay\u0131z. Burada size hizmet veren arkada\u015flar\u0131m sahipsiz olmamal\u0131. Sizlerin onlara sahip \u00e7\u0131kman\u0131z gerekiyor ki onlar size hizmet edebilsin, size cesurca yard\u0131mc\u0131 olabilsin.\u201d\u00a0<br \/>\n\u201cOSB demek kentin ekonomisinin, sosyal ve k\u00fclt\u00fcrel hayat\u0131n canlanmas\u0131 demek\u201d\u00a0<br \/>\nTarsus il\u00e7esinin farkl\u0131 geli\u015fmelere a\u00e7\u0131k, potansiyeli fazla olan bir il\u00e7e oldu\u011funu ve bu potansiyeli ortaya \u00e7\u0131karmak i\u00e7in yap\u0131lan yat\u0131r\u0131mlara gerekli destekleri verdiklerini s\u00f6yleyen Se\u00e7er, &#8220;\u015eimdi yeni iki OSB kuruluyor. Bir tanesi tar\u0131m \u00fcr\u00fcnlerini i\u015fleme organize sanayi b\u00f6lgesi, di\u011feri de karma OSB. \u00d6zellikle son g\u00fcnlerde karma OSB ile ilgili \u00e7ok yo\u011fun \u00e7al\u0131\u015fmalar oldu. Ben OSB\u2019nin kurulu\u015funda ilk y\u00f6netiminde yer alan hem i\u015f insan\u0131 olma s\u0131fat\u0131yla hem milletvekili olma s\u0131fat\u0131yla da destek vermeye \u00e7al\u0131\u015ft\u0131m. \u00c7ok k\u0131sa s\u00fcrede orada fabrika temelleri at\u0131ld\u0131\u011f\u0131 zaman \u00e7ok mutlu olaca\u011f\u0131z. \u00c7ok s\u00fcratle orada \u00e7al\u0131\u015fmalar yap\u0131l\u0131yor. \u00c7ok say\u0131da de\u011ferli i\u015fletme oradan arazi sat\u0131n ald\u0131. Bizler de bu konuda OSB\u2019nin y\u00f6netimine yard\u0131mc\u0131 olmaya \u00e7al\u0131\u015ft\u0131k. Herkes orada bir an \u00f6nce i\u015fyerlerinin, sanayi tesislerinin kurulmas\u0131 i\u00e7in \u00e7aba sarf ediyor. Bu \u00fcretim, istihdam, refah, ihracat demek. Muazzam bir \u015fey. Kentin ekonomisinin, sosyal ve k\u00fclt\u00fcrel hayat\u0131n canlanmas\u0131 demek. Tarsus ak\u015fam saat 7\u2019den sonra k\u00f6y h\u00fcviyetine b\u00fcr\u00fcn\u00fcr diye Tarsuslular \u015fikayet eder. Herkes evine gider ve Tarsus\u2019ta in cin top oynar. Tarsus\u2019un daha canl\u0131 bir yer olmas\u0131 laz\u0131m. Bunun i\u00e7in \u00fcreten, kazanan, refah d\u00fczeyi y\u00fcksek bir Tarsus\u2019a ihtiya\u00e7 var. O zaman k\u00fclt\u00fcr\u00fc, sanat\u0131 ve canl\u0131 hayat\u0131 geli\u015ftirebilirsiniz. O y\u00fczden bu y\u00f6nde \u00f6nemli ad\u0131mlar ataca\u011f\u0131z. Fabrika demek istihdam demek, tar\u0131m \u00fcr\u00fcnlerinin de\u011ferlendirilmesi ve katma de\u011fer sa\u011flamak demek&#8221; ifadelerini kulland\u0131.\u00a0<\/p>\n","protected":false},"excerpt":{"rendered":"<p>Mersin B\u00fcy\u00fck\u015fehir Belediye Ba\u015fkan\u0131 Vahap Se\u00e7er, Tarsus&#8217;a ad\u0131na yak\u0131\u015f\u0131r bir k\u00fclt\u00fcr merkezi in\u015fa edeceklerini belirtirken, mevsimlik tar\u0131m i\u015f\u00e7ileri i\u00e7in de konteyner kent projesinin m\u00fcjdesini verdi.\u00a0 Se\u00e7er, korona vir\u00fcs salg\u0131n\u0131 s\u00fcrecinde &hellip; <a href=\"https:\/\/akdenizolaygazetesi.com\/?p=7185\" class=\"more-link\">Devam\u0131n\u0131 Oku&#8230;<\/a><\/p>\n","protected":false},"author":1,"featured_media":0,"comment_status":"open","ping_status":"open","sticky":false,"template":"","format":"standard","meta":[],"categories":[],"tags":[],"_links":{"self":[{"href":"https:\/\/akdenizolaygazetesi.com\/index.php?rest_route=\/wp\/v2\/posts\/7185"}],"collection":[{"href":"https:\/\/akdenizolaygazetesi.com\/index.php?rest_route=\/wp\/v2\/posts"}],"about":[{"href":"https:\/\/akdenizolaygazetesi.com\/index.php?rest_route=\/wp\/v2\/types\/post"}],"author":[{"embeddable":true,"href":"https:\/\/akdenizolaygazetesi.com\/index.php?rest_route=\/wp\/v2\/users\/1"}],"replies":[{"embeddable":true,"href":"https:\/\/akdenizolaygazetesi.com\/index.php?rest_route=%2Fwp%2Fv2%2Fcomments&post=7185"}],"version-history":[{"count":0,"href":"https:\/\/akdenizolaygazetesi.com\/index.php?rest_route=\/wp\/v2\/posts\/7185\/revisions"}],"wp:attachment":[{"href":"https:\/\/akdenizolaygazetesi.com\/index.php?rest_route=%2Fwp%2Fv2%2Fmedia&parent=7185"}],"wp:term":[{"taxonomy":"category","embeddable":true,"href":"https:\/\/akdenizolaygazetesi.com\/index.php?rest_route=%2Fwp%2Fv2%2Fcategories&post=7185"},{"taxonomy":"post_tag","embeddable":true,"href":"https:\/\/akdenizolaygazetesi.com\/index.php?rest_route=%2Fwp%2Fv2%2Ftags&post=7185"}],"curies":[{"name":"wp","href":"https:\/\/api.w.org\/{rel}","templated":true}]}}