{"id":7204,"date":"2020-11-04T18:27:39","date_gmt":"2020-11-04T15:27:39","guid":{"rendered":"http:\/\/mersinekonomipolitikagazetesi.com\/?p=7204"},"modified":"2020-11-04T18:27:39","modified_gmt":"2020-11-04T15:27:39","slug":"mersin-iskur-engelli-ve-eski-hukumlulerin-yaninda-2","status":"publish","type":"post","link":"https:\/\/akdenizolaygazetesi.com\/?p=7204","title":{"rendered":"MERS\u0130N \u0130\u015eKUR ENGELL\u0130 VE ESK\u0130 H\u00dcK\u00dcML\u00dcLER\u0130N YANINDA"},"content":{"rendered":"<p>Mersin \u00c7al\u0131\u015fma ve \u0130\u015f Kurumu \u0130l M\u00fcd\u00fcrl\u00fc\u011f\u00fc i\u015f arayan ve i\u015fverenlerin yan\u0131nda dezavantajl\u0131 gruplar\u0131n sosyo-ekonomik hayata uyumlar\u0131n\u0131n artt\u0131r\u0131lmas\u0131, i\u015fg\u00fcc\u00fc piyasas\u0131nda istihdam edilmeleri ve kendi i\u015flerini kurmalar\u0131na y\u00f6nelik \u00e7al\u0131\u015fmalar\u0131 s\u00fcrd\u00fcrmeye devam ediyor.<\/p>\n<p><span style=\"line-height: 1.6em;\">Mersin \u00c7al\u0131\u015fma ve \u0130\u015f Kurumu \u0130l M\u00fcd\u00fcr\u00fc Vekili Halil BOZKURT yapm\u0131\u015f oldu\u011fu a\u00e7\u0131klamada; kurum olarak \u00f6zellikle dezavantajl\u0131 grupta yer alan engelli, eski h\u00fck\u00fcml\u00fc, kad\u0131nlar, gen\u00e7ler ba\u015fta olmak \u00fczere bu gruplar\u0131n i\u015fg\u00fcc\u00fcne dahil olmalar\u0131 amac\u0131yla i\u015f ve meslek dan\u0131\u015fmanl\u0131\u011f\u0131 hizmeti, mesleki e\u011fitim kurslar\u0131, i\u015fba\u015f\u0131 e\u011fitim program\u0131 gibi hizmetleri sunduklar\u0131n\u0131 belirtti.<\/span><\/p>\n<p>Engelli vatanda\u015flar\u0131m\u0131z\u0131n istihdam edilebilirli\u011fini art\u0131rmak ve firmalara ula\u015f\u0131m konusunda kolayl\u0131k sa\u011flanmas\u0131 amac\u0131yla her hafta Per\u015fembe g\u00fcn\u00fcn\u00fc engelli se\u00e7melerine ay\u0131rd\u0131klar\u0131n\u0131, bunun yan\u0131nda engelli vatanda\u015flar\u0131m\u0131z\u0131n i\u015f ba\u015fvurular\u0131ndaki etkinli\u011finin artt\u0131r\u0131lmas\u0131 amac\u0131yla \u0130\u015f Kul\u00fcb\u00fc liderlerince i\u015f arama becerileri e\u011fitimi verilerek kurumsal olarak destek sunduklar\u0131n\u0131 s\u00f6yledi.<br \/>\nEngelli vatanda\u015flar\u0131m\u0131za verdikleri hizmetin bununla s\u0131n\u0131rl\u0131 olmad\u0131\u011f\u0131n\u0131; \u0130\u015eKUR Kendi \u0130\u015fini kurmak isteyen Engelli ve Eski H\u00fck\u00fcml\u00fclere y\u00f6nelik 2020 y\u0131l\u0131\/2. D\u00f6nemine ait hibe proje ba\u015fvurular\u0131n\u0131n kas\u0131m ay\u0131 itibariyle ba\u015flad\u0131\u011f\u0131n\u0131, Engelli ve Eski H\u00fck\u00fcml\u00fc \u00e7al\u0131\u015ft\u0131rmayan i\u015fverenlerden tahsil edilen idari para cezalar\u0131 fonundan engellilerin mesleki e\u011fitim ve rehabilitasyonu ile i\u015fe ve i\u015fyerine uyumlar\u0131n\u0131n sa\u011flanmas\u0131 ve kendi i\u015fini kurmalar\u0131 i\u00e7in haz\u0131rlanacak projelere destek verdiklerini belirten BOZKURT;<br \/>\nProje sunmak isteyenlerin www.iskur.gov.tr adresindeki &#8220;Duyurular&#8221; b\u00f6l\u00fcm\u00fcnde yay\u0131mlanan ba\u015fvuru rehberi ve formuna g\u00f6re projelerini haz\u0131rlayarak 08 Haziran 2020 tarihinden itibaren 17 Temmuz 2020 tarihi mesai bitimine kadar Mersin \u00c7al\u0131\u015fma ve \u0130\u015f Kurumu \u0130l M\u00fcd\u00fcrl\u00fc\u011f\u00fcne ve Erdemli, Silifke, Tarsus, Anamur Hizmet Merkezlerine ve bulunduklar\u0131 illerdeki \u00c7al\u0131\u015fma ve \u0130\u015f Kurumu \u0130l M\u00fcd\u00fcrl\u00fcklerimize elden teslim etmeleri gerekti\u011fini belirten BOZKURT Ayr\u0131ca Projeden yararlanmak isteyenlerin \u0130l M\u00fcd\u00fcrl\u00fcklerinden Proje deste\u011fi hakk\u0131nda gerekli bilgileri alabileceklerini, Hibe proje deste\u011finin Engellilerin ve Eski H\u00fck\u00fcml\u00fclerin kendi i\u015flerini kurmas\u0131na ve engellilerin mesleki e\u011fitim alarak istihdam edilmeleri yoluyla rehabilitasyonlar\u0131na yard\u0131mc\u0131 olmay\u0131 ama\u00e7land\u0131\u011f\u0131n\u0131, Proje deste\u011fi kapsam\u0131nda Engellilere \u00a065 bin liraya kadar hibe deste\u011fi, eski H\u00fck\u00fcml\u00fclere de br\u00fct asgari \u00fccretin 15 kat\u0131na (44 bin 145 lira) kadar i\u015f kurma deste\u011fi sunulaca\u011f\u0131n\u0131 s\u00f6yledi.\u00a0<\/p>\n","protected":false},"excerpt":{"rendered":"<p>Mersin \u00c7al\u0131\u015fma ve \u0130\u015f Kurumu \u0130l M\u00fcd\u00fcrl\u00fc\u011f\u00fc i\u015f arayan ve i\u015fverenlerin yan\u0131nda dezavantajl\u0131 gruplar\u0131n sosyo-ekonomik hayata uyumlar\u0131n\u0131n artt\u0131r\u0131lmas\u0131, i\u015fg\u00fcc\u00fc piyasas\u0131nda istihdam edilmeleri ve kendi i\u015flerini kurmalar\u0131na y\u00f6nelik \u00e7al\u0131\u015fmalar\u0131 s\u00fcrd\u00fcrmeye devam &hellip; <a href=\"https:\/\/akdenizolaygazetesi.com\/?p=7204\" class=\"more-link\">Devam\u0131n\u0131 Oku&#8230;<\/a><\/p>\n","protected":false},"author":1,"featured_media":0,"comment_status":"open","ping_status":"open","sticky":false,"template":"","format":"standard","meta":[],"categories":[],"tags":[],"_links":{"self":[{"href":"https:\/\/akdenizolaygazetesi.com\/index.php?rest_route=\/wp\/v2\/posts\/7204"}],"collection":[{"href":"https:\/\/akdenizolaygazetesi.com\/index.php?rest_route=\/wp\/v2\/posts"}],"about":[{"href":"https:\/\/akdenizolaygazetesi.com\/index.php?rest_route=\/wp\/v2\/types\/post"}],"author":[{"embeddable":true,"href":"https:\/\/akdenizolaygazetesi.com\/index.php?rest_route=\/wp\/v2\/users\/1"}],"replies":[{"embeddable":true,"href":"https:\/\/akdenizolaygazetesi.com\/index.php?rest_route=%2Fwp%2Fv2%2Fcomments&post=7204"}],"version-history":[{"count":0,"href":"https:\/\/akdenizolaygazetesi.com\/index.php?rest_route=\/wp\/v2\/posts\/7204\/revisions"}],"wp:attachment":[{"href":"https:\/\/akdenizolaygazetesi.com\/index.php?rest_route=%2Fwp%2Fv2%2Fmedia&parent=7204"}],"wp:term":[{"taxonomy":"category","embeddable":true,"href":"https:\/\/akdenizolaygazetesi.com\/index.php?rest_route=%2Fwp%2Fv2%2Fcategories&post=7204"},{"taxonomy":"post_tag","embeddable":true,"href":"https:\/\/akdenizolaygazetesi.com\/index.php?rest_route=%2Fwp%2Fv2%2Ftags&post=7204"}],"curies":[{"name":"wp","href":"https:\/\/api.w.org\/{rel}","templated":true}]}}