{"id":7205,"date":"2020-11-04T18:27:41","date_gmt":"2020-11-04T15:27:41","guid":{"rendered":"http:\/\/mersinekonomipolitikagazetesi.com\/?p=7205"},"modified":"2020-11-04T18:27:41","modified_gmt":"2020-11-04T15:27:41","slug":"yapilan-elestiriler-haksiz-ve-yersizdir","status":"publish","type":"post","link":"https:\/\/akdenizolaygazetesi.com\/?p=7205","title":{"rendered":"\u201cYap\u0131lan ele\u015ftiriler haks\u0131z ve yersizdir\u201d"},"content":{"rendered":"<p>Mersin Valili\u011fi&#8217;nden Cennet Ma\u011faras\u0131na yap\u0131lan asans\u00f6r a\u00e7\u0131klamas\u0131 geldi.<\/p>\n<p><span style=\"line-height: 1.6em;\">Mersin Valili\u011fi, Cennet-Cehennem \u00f6ren yerine yap\u0131lan asans\u00f6rle ilgili son g\u00fcnlerde yap\u0131lan ele\u015ftirilerin, bu projeyi onaylayan uzmanlara haks\u0131zl\u0131k, engellilere de duyars\u0131zl\u0131k oldu\u011funu bildirdi.\u00a0<\/span><\/p>\n<p>Mersin Valili\u011fi, Silifke il\u00e7esinde bulunan Cennet-Cehennem \u00f6ren yerlerinde yap\u0131lan \u00e7al\u0131\u015fmalarla ilgili olarak baz\u0131 \u015fah\u0131s beyanlar\u0131 ile bas\u0131n-yay\u0131n organlar\u0131nda \u00e7\u0131kan birtak\u0131m iddia ve haberlerle ilgili olarak yaz\u0131l\u0131 a\u00e7\u0131klama yapt\u0131. \u00d6ren yerlerinde yap\u0131lan t\u00fcm \u00e7al\u0131\u015fma ve projelerin, ki\u015filerin \u015fahsi g\u00f6r\u00fc\u015fleri do\u011frultusunda de\u011fil, mevzuat\u0131n \u00f6ng\u00f6rd\u00fc\u011f\u00fc uzman ki\u015filerden olu\u015fan ve bu projeleri inceleyip onaylayan K\u00fclt\u00fcr Varl\u0131klar\u0131n\u0131 Koruma Kurullar\u0131 ve Tabiat Varl\u0131klar\u0131n\u0131 Koruma Komisyonlar\u0131 taraf\u0131ndan yerine getirildi\u011fi vurgulanan a\u00e7\u0131klamada, &#8220;Bu bak\u0131mdan ilimizdeki Cennet-Cehennem \u00f6ren yerine yap\u0131lan t\u00fcm yap\u0131lar seyir teras\u0131 ve asans\u00f6r de dahil olmak \u00fczere Adana K\u00fclt\u00fcr Varl\u0131klar\u0131n\u0131 Koruma B\u00f6lge Kurulu ve Adana Tabiat Varl\u0131klar\u0131n\u0131 Koruma B\u00f6lge Komisyonu&#8217;nun onaylad\u0131\u011f\u0131 projeler \u00e7er\u00e7evesinde yap\u0131lm\u0131\u015ft\u0131r. Herkesin malumudur ki, bu kurullar her projeyi en ince detay\u0131na kadar incelemekte ve bu anlamda bu \u00f6ren yerlerine zarar verecek ihtiya\u00e7 d\u0131\u015f\u0131 hi\u00e7 bir \u00e7al\u0131\u015fmaya izin vermemektedirler. Ayr\u0131ca d\u00fcnyan\u0131n da bir\u00e7ok \u00f6ren yerinde de bu t\u00fcr projeler bulunmaktad\u0131r&#8221; denildi.\u00a0<br \/>\nKonuyu istismar etmeye \u00e7al\u0131\u015fan, konunun uzman\u0131 olmayan ki\u015filerin bu kurullardaki uzmanlar\u0131n g\u00f6r\u00fc\u015flerine de sayg\u0131l\u0131 olmalar\u0131 gerekti\u011fi ifade edilen a\u00e7\u0131klamada, mevcut yere yap\u0131lan asans\u00f6r\u00fcn, d\u00fcnya n\u00fcfusunun yakla\u015f\u0131k y\u00fczde 13\u2019\u00fcne tekab\u00fcl eden engelli bireylerin de bu do\u011fa harikas\u0131 g\u00fczellikleri g\u00f6rmesini sa\u011flayaca\u011f\u0131 gibi, ayn\u0131 zamanda engelsiz d\u00fcnya olu\u015fturma d\u00fc\u015f\u00fcncesinin de uygulamas\u0131n\u0131 ortaya koydu\u011fu belirtildi.\u00a0<br \/>\nValilik a\u00e7\u0131klamas\u0131nda, ayr\u0131ca \u015fu g\u00f6r\u00fc\u015flere yer verildi:\u00a0<br \/>\n&#8220;450 merdiven basama\u011f\u0131yla inilen ve proje kapsam\u0131nda asl\u0131na uygun \u015fekilde restorasyonu yap\u0131larak daha sa\u011fl\u0131kl\u0131 ve g\u00fcvenli bir \u015fekilde Cennet Obru\u011funa inmeyi sa\u011flayan merdivenlerden tekrar \u00e7\u0131k\u0131\u015f\u0131n bu haliyle bile kolay olmad\u0131\u011f\u0131, bu \u00e7er\u00e7evede ya\u015fl\u0131 insanlar\u0131n \u00e7\u0131kmakta zorland\u0131\u011f\u0131, hatta rahats\u0131zland\u0131\u011f\u0131 ve bunun da buraya gelecek turistleri olumsuz etkiledi\u011fi bir ger\u00e7ektir. Bu projelere kar\u015f\u0131 \u00e7\u0131kanlar\u0131n a\u015fa\u011f\u0131da rahats\u0131zlanan bir ki\u015finin yukar\u0131ya nas\u0131l \u00e7\u0131kar\u0131laca\u011f\u0131n\u0131 veya engelli bireylerin buray\u0131 nas\u0131l ziyaret edeceklerini de ifade etmeleri gerekmektedir. Yoksa kuru kuruya kar\u015f\u0131 \u00e7\u0131kmak, herhangi bir bilimsel veri ortaya koymadan ve bu sorulara cevap vermeden ele\u015ftirmek, hem bu onaylar\u0131 veren kuruldaki uzmanlara kar\u015f\u0131 haks\u0131zl\u0131k hem de ya\u015fl\u0131 ve engellilerimize kar\u015f\u0131 duyars\u0131zl\u0131kt\u0131r. Bu bak\u0131mdan yap\u0131lan projeyle ilgili baz\u0131 \u015fah\u0131slar\u0131n ortaya koydu\u011fu kar\u015f\u0131t fikirler haks\u0131z ve yersiz a\u00e7\u0131klamalard\u0131r.&#8221;\u00a0<\/p>\n","protected":false},"excerpt":{"rendered":"<p>Mersin Valili\u011fi&#8217;nden Cennet Ma\u011faras\u0131na yap\u0131lan asans\u00f6r a\u00e7\u0131klamas\u0131 geldi. Mersin Valili\u011fi, Cennet-Cehennem \u00f6ren yerine yap\u0131lan asans\u00f6rle ilgili son g\u00fcnlerde yap\u0131lan ele\u015ftirilerin, bu projeyi onaylayan uzmanlara haks\u0131zl\u0131k, engellilere de duyars\u0131zl\u0131k oldu\u011funu bildirdi.\u00a0 &hellip; <a href=\"https:\/\/akdenizolaygazetesi.com\/?p=7205\" class=\"more-link\">Devam\u0131n\u0131 Oku&#8230;<\/a><\/p>\n","protected":false},"author":1,"featured_media":0,"comment_status":"open","ping_status":"open","sticky":false,"template":"","format":"standard","meta":[],"categories":[],"tags":[],"_links":{"self":[{"href":"https:\/\/akdenizolaygazetesi.com\/index.php?rest_route=\/wp\/v2\/posts\/7205"}],"collection":[{"href":"https:\/\/akdenizolaygazetesi.com\/index.php?rest_route=\/wp\/v2\/posts"}],"about":[{"href":"https:\/\/akdenizolaygazetesi.com\/index.php?rest_route=\/wp\/v2\/types\/post"}],"author":[{"embeddable":true,"href":"https:\/\/akdenizolaygazetesi.com\/index.php?rest_route=\/wp\/v2\/users\/1"}],"replies":[{"embeddable":true,"href":"https:\/\/akdenizolaygazetesi.com\/index.php?rest_route=%2Fwp%2Fv2%2Fcomments&post=7205"}],"version-history":[{"count":0,"href":"https:\/\/akdenizolaygazetesi.com\/index.php?rest_route=\/wp\/v2\/posts\/7205\/revisions"}],"wp:attachment":[{"href":"https:\/\/akdenizolaygazetesi.com\/index.php?rest_route=%2Fwp%2Fv2%2Fmedia&parent=7205"}],"wp:term":[{"taxonomy":"category","embeddable":true,"href":"https:\/\/akdenizolaygazetesi.com\/index.php?rest_route=%2Fwp%2Fv2%2Fcategories&post=7205"},{"taxonomy":"post_tag","embeddable":true,"href":"https:\/\/akdenizolaygazetesi.com\/index.php?rest_route=%2Fwp%2Fv2%2Ftags&post=7205"}],"curies":[{"name":"wp","href":"https:\/\/api.w.org\/{rel}","templated":true}]}}