{"id":7224,"date":"2020-11-04T18:27:41","date_gmt":"2020-11-04T15:27:41","guid":{"rendered":"http:\/\/mersinekonomipolitikagazetesi.com\/?p=7224"},"modified":"2020-11-04T18:27:41","modified_gmt":"2020-11-04T15:27:41","slug":"yilmaz-yeni-dunya-duzeninde-turkiyenin-liderligi-basliyor","status":"publish","type":"post","link":"https:\/\/akdenizolaygazetesi.com\/?p=7224","title":{"rendered":"Y\u0131lmaz: &#8220;Yeni d\u00fcnya d\u00fczeninde T\u00fcrkiye&#8217;nin liderli\u011fi ba\u015fl\u0131yor&#8221;"},"content":{"rendered":"<p><span style=\"line-height: 1.6em;\">Toroslar Belediye Ba\u015fkan\u0131 Ats\u0131z Af\u015f\u0131n Y\u0131lmaz, T\u00fcrkiye Odalar ve Borsalar Birli\u011fi taraf\u0131ndan d\u00fczenlenen, &#8216;Covid-19 sonras\u0131 T\u00fcrkiye-AB \u0130ktisadi ve Ticari \u0130li\u015fkileri&#8217; webinar\u0131na kat\u0131ld\u0131.\u00a0<\/span><\/p>\n<p>Salg\u0131n\u0131n d\u00fcnya ekonomisi \u00fczerine etkisinin konu\u015fuldu\u011fu webinar, D\u0131\u015fi\u015fleri Bakan Yard\u0131mc\u0131s\u0131 ve AB Ba\u015fkan\u0131 Faruk Kaymak\u00e7\u0131, Avrupa Birli\u011fi (AB) T\u00fcrkiye Delegasyonu Ba\u015fkan\u0131 B\u00fcy\u00fckel\u00e7i Christian Berger, EUROCHAMBRES Genel Sekreteri Arnaldo Abruzzini ve T\u00fcrkiye Odalar ve Borsalar Birli\u011fi (TOBB) Ba\u015fkan\u0131 Rifat Hisarc\u0131kl\u0131o\u011flu\u2019nun kat\u0131l\u0131m\u0131yla yap\u0131ld\u0131.\u00a0<br \/>\nT\u00fcrkiye ile AB\u2019nin ekonomik ve ticari ili\u015fkilerinin de masaya yat\u0131r\u0131ld\u0131\u011f\u0131 toplant\u0131yla ilgili a\u00e7\u0131klama yapan Ba\u015fkan Y\u0131lmaz, T\u00fcrk milletinin sahip oldu\u011fu en \u00f6nemli \u00f6zelli\u011fin birlik ve beraberlik ruhu oldu\u011funu belirterek, &#8220;D\u00fcnya, korona vir\u00fcse kar\u015f\u0131 \u00e7ok zorlu bir s\u0131navdan ge\u00e7iyor. T\u00fcrkiye bu noktada uygulad\u0131\u011f\u0131 tedbir ve izledi\u011fi y\u00f6ntemlerle t\u00fcm d\u00fcnya taraf\u0131ndan en iyi notu alan \u00fclkelerden biri\u201d dedi.\u00a0<br \/>\nYeni d\u00fcnya d\u00fczeninde T\u00fcrkiye&#8217;nin, d\u00fcnyan\u0131n en \u00f6nemli akt\u00f6rlerinden olmaya namzet oldu\u011funu gururla vurgulad\u0131klar\u0131n\u0131 ifade eden Y\u0131lmaz, Covid-19 sonras\u0131nda T\u00fcrkiye&#8217;nin liderli\u011finin ba\u015flayaca\u011f\u0131n\u0131, bu s\u00fcre\u00e7ten en g\u00fc\u00e7l\u00fc \u00e7\u0131kacak \u00fclkelerin ba\u015f\u0131nda T\u00fcrkiye\u2019nin geldi\u011fini kaydetti.\u00a0<\/p>\n","protected":false},"excerpt":{"rendered":"<p>Toroslar Belediye Ba\u015fkan\u0131 Ats\u0131z Af\u015f\u0131n Y\u0131lmaz, T\u00fcrkiye Odalar ve Borsalar Birli\u011fi taraf\u0131ndan d\u00fczenlenen, &#8216;Covid-19 sonras\u0131 T\u00fcrkiye-AB \u0130ktisadi ve Ticari \u0130li\u015fkileri&#8217; webinar\u0131na kat\u0131ld\u0131.\u00a0 Salg\u0131n\u0131n d\u00fcnya ekonomisi \u00fczerine etkisinin konu\u015fuldu\u011fu webinar, D\u0131\u015fi\u015fleri &hellip; <a href=\"https:\/\/akdenizolaygazetesi.com\/?p=7224\" class=\"more-link\">Devam\u0131n\u0131 Oku&#8230;<\/a><\/p>\n","protected":false},"author":1,"featured_media":0,"comment_status":"open","ping_status":"open","sticky":false,"template":"","format":"standard","meta":[],"categories":[],"tags":[],"_links":{"self":[{"href":"https:\/\/akdenizolaygazetesi.com\/index.php?rest_route=\/wp\/v2\/posts\/7224"}],"collection":[{"href":"https:\/\/akdenizolaygazetesi.com\/index.php?rest_route=\/wp\/v2\/posts"}],"about":[{"href":"https:\/\/akdenizolaygazetesi.com\/index.php?rest_route=\/wp\/v2\/types\/post"}],"author":[{"embeddable":true,"href":"https:\/\/akdenizolaygazetesi.com\/index.php?rest_route=\/wp\/v2\/users\/1"}],"replies":[{"embeddable":true,"href":"https:\/\/akdenizolaygazetesi.com\/index.php?rest_route=%2Fwp%2Fv2%2Fcomments&post=7224"}],"version-history":[{"count":0,"href":"https:\/\/akdenizolaygazetesi.com\/index.php?rest_route=\/wp\/v2\/posts\/7224\/revisions"}],"wp:attachment":[{"href":"https:\/\/akdenizolaygazetesi.com\/index.php?rest_route=%2Fwp%2Fv2%2Fmedia&parent=7224"}],"wp:term":[{"taxonomy":"category","embeddable":true,"href":"https:\/\/akdenizolaygazetesi.com\/index.php?rest_route=%2Fwp%2Fv2%2Fcategories&post=7224"},{"taxonomy":"post_tag","embeddable":true,"href":"https:\/\/akdenizolaygazetesi.com\/index.php?rest_route=%2Fwp%2Fv2%2Ftags&post=7224"}],"curies":[{"name":"wp","href":"https:\/\/api.w.org\/{rel}","templated":true}]}}