{"id":7245,"date":"2020-11-04T18:27:43","date_gmt":"2020-11-04T15:27:43","guid":{"rendered":"http:\/\/mersinekonomipolitikagazetesi.com\/?p=7245"},"modified":"2020-11-04T18:27:43","modified_gmt":"2020-11-04T15:27:43","slug":"akdeniz-belediyesinde-7-personelin-test-sonuclari-negatif-cikti","status":"publish","type":"post","link":"https:\/\/akdenizolaygazetesi.com\/?p=7245","title":{"rendered":"Akdeniz Belediyesi&#8217;nde 7 personelin test sonu\u00e7lar\u0131 negatif \u00e7\u0131kt\u0131"},"content":{"rendered":"<p><span style=\"line-height: 1.6em;\">Mersin\u2019in merkez il\u00e7e Akdeniz Belediyesi&#8217;nde bir personelin korona vir\u00fcs (Covid-19) testinin pozitif \u00e7\u0131kmas\u0131n\u0131n ard\u0131ndan, evlerinde karantinaya al\u0131nan ve teste tabi tutulan temas etti\u011fi 7 personelin ise test sonu\u00e7lar\u0131n\u0131n negatif \u00e7\u0131kt\u0131\u011f\u0131 bildirildi.\u00a0<\/span><\/p>\n<p>Akdeniz Belediye Ba\u015fkan\u0131 Mustafa G\u00fcltak, konuya ili\u015fkin yapt\u0131\u011f\u0131 yaz\u0131l\u0131 a\u00e7\u0131klamada, korona vir\u00fcs testi pozitif \u00e7\u0131kan bir belediye personelinin tedavisinin s\u00fcrd\u00fc\u011f\u00fcn\u00fc, kontrol ama\u00e7l\u0131 test yapt\u0131r\u0131lan di\u011fer 7 personelin test sonu\u00e7lar\u0131n\u0131n da negatif \u00e7\u0131kt\u0131\u011f\u0131n\u0131 s\u00f6yledi. G\u00fcltak, Mersin \u015eehir E\u011fitim ve Ara\u015ft\u0131rma Hastanesi\u2019nde tedavi alt\u0131na al\u0131nan, belediyenin Bilgi \u0130\u015flem M\u00fcd\u00fcrl\u00fc\u011f\u00fc\u2019nde g\u00f6revli 1 personelin genel sa\u011fl\u0131k durumunun iyi oldu\u011funu ifade etti. G\u00fcltak, hasta personelle temas eden, yap\u0131lan korona vir\u00fcs test sonu\u00e7lar\u0131 negatif \u00e7\u0131kan 7 belediye personelinin de tedbir ama\u00e7l\u0131 olarak evlerinde 14 g\u00fcn karantina alt\u0131nda olacaklar\u0131n\u0131 kaydetti.\u00a0<br \/>\n\u201cBelediyemiz a\u00e7\u0131k ve hizmete devam ediyor\u201d\u00a0<br \/>\nBelediye merkez binas\u0131n\u0131n a\u00e7\u0131k oldu\u011funu ve vatanda\u015flara hizmet vermeye devam etti\u011fini ifade ederek, panik yap\u0131lacak bir durum olmad\u0131\u011f\u0131n\u0131n alt\u0131n\u0131 G\u00fcltak, salg\u0131na kar\u015f\u0131 belediye binas\u0131nda tedbirlerin en \u00fcst seviyeye \u00e7\u0131kar\u0131ld\u0131\u011f\u0131n\u0131n da alt\u0131n\u0131 \u00e7izdi. Belediye binas\u0131n\u0131n ve t\u00fcm odalar\u0131n dezenfektanl\u0131 su ile ila\u00e7land\u0131\u011f\u0131n\u0131 belirten G\u00fcltak, i\u015f ve i\u015flemleri i\u00e7in belediye merkez binas\u0131na gelen vatanda\u015flara y\u00f6nelik olarak da en \u00fcst seviyede tedbir al\u0131nd\u0131\u011f\u0131n\u0131, belediyeye maskesiz giri\u015fin yasakland\u0131\u011f\u0131n\u0131 ve gelen vatanda\u015flar\u0131n yan\u0131 s\u0131ra t\u00fcm belediye personelinin de ate\u015finin \u00f6l\u00e7\u00fclmeye devam edildi\u011fini s\u00f6zlerine ekledi.\u00a0<\/p>\n","protected":false},"excerpt":{"rendered":"<p>Mersin\u2019in merkez il\u00e7e Akdeniz Belediyesi&#8217;nde bir personelin korona vir\u00fcs (Covid-19) testinin pozitif \u00e7\u0131kmas\u0131n\u0131n ard\u0131ndan, evlerinde karantinaya al\u0131nan ve teste tabi tutulan temas etti\u011fi 7 personelin ise test sonu\u00e7lar\u0131n\u0131n negatif \u00e7\u0131kt\u0131\u011f\u0131 &hellip; <a href=\"https:\/\/akdenizolaygazetesi.com\/?p=7245\" class=\"more-link\">Devam\u0131n\u0131 Oku&#8230;<\/a><\/p>\n","protected":false},"author":1,"featured_media":0,"comment_status":"open","ping_status":"open","sticky":false,"template":"","format":"standard","meta":[],"categories":[],"tags":[],"_links":{"self":[{"href":"https:\/\/akdenizolaygazetesi.com\/index.php?rest_route=\/wp\/v2\/posts\/7245"}],"collection":[{"href":"https:\/\/akdenizolaygazetesi.com\/index.php?rest_route=\/wp\/v2\/posts"}],"about":[{"href":"https:\/\/akdenizolaygazetesi.com\/index.php?rest_route=\/wp\/v2\/types\/post"}],"author":[{"embeddable":true,"href":"https:\/\/akdenizolaygazetesi.com\/index.php?rest_route=\/wp\/v2\/users\/1"}],"replies":[{"embeddable":true,"href":"https:\/\/akdenizolaygazetesi.com\/index.php?rest_route=%2Fwp%2Fv2%2Fcomments&post=7245"}],"version-history":[{"count":0,"href":"https:\/\/akdenizolaygazetesi.com\/index.php?rest_route=\/wp\/v2\/posts\/7245\/revisions"}],"wp:attachment":[{"href":"https:\/\/akdenizolaygazetesi.com\/index.php?rest_route=%2Fwp%2Fv2%2Fmedia&parent=7245"}],"wp:term":[{"taxonomy":"category","embeddable":true,"href":"https:\/\/akdenizolaygazetesi.com\/index.php?rest_route=%2Fwp%2Fv2%2Fcategories&post=7245"},{"taxonomy":"post_tag","embeddable":true,"href":"https:\/\/akdenizolaygazetesi.com\/index.php?rest_route=%2Fwp%2Fv2%2Ftags&post=7245"}],"curies":[{"name":"wp","href":"https:\/\/api.w.org\/{rel}","templated":true}]}}