{"id":7265,"date":"2020-11-04T18:27:44","date_gmt":"2020-11-04T15:27:44","guid":{"rendered":"http:\/\/mersinekonomipolitikagazetesi.com\/?p=7265"},"modified":"2020-11-04T18:27:44","modified_gmt":"2020-11-04T15:27:44","slug":"mersinde-vatandaslara-fidan-ve-agac-bakimi-egitimi","status":"publish","type":"post","link":"https:\/\/akdenizolaygazetesi.com\/?p=7265","title":{"rendered":"Mersin&#8217;de vatanda\u015flara fidan ve a\u011fa\u00e7 bak\u0131m\u0131 e\u011fitimi"},"content":{"rendered":"<p><span style=\"line-height: 1.6em;\">Mersin&#8217;in Erdemli il\u00e7esinde orman k\u00f6yl\u00fcs\u00fcne, fidan ve a\u011fa\u00e7 bak\u0131m\u0131 e\u011fitimi verildi\u011fi bildirildi.\u00a0<\/span><\/p>\n<p>Mersin Orman B\u00f6lge M\u00fcd\u00fcrl\u00fc\u011f\u00fcnden yap\u0131lan a\u00e7\u0131klamaya g\u00f6re, &#8216;Gelir Getirici T\u00fcr A\u011fa\u00e7land\u0131rmalar\u0131 Eylem Planlar\u0131&#8217; kapsam\u0131nda a\u011fa\u00e7land\u0131rmas\u0131 yap\u0131larak faydalanma hakk\u0131 y\u00f6rede ya\u015fayan k\u00f6yl\u00fclere verilen Tozlu Mahallesi&#8217;ndeki orman k\u00f6yl\u00fcs\u00fcne, sahalardaki fidan ve a\u011fa\u00e7lar\u0131n bak\u0131m\u0131 konusunda e\u011fitim verildi.\u00a0<br \/>\nErdemli Orman \u0130\u015fletme M\u00fcd\u00fcrl\u00fc\u011f\u00fc ile \u0130l Tar\u0131m Orman M\u00fcd\u00fcrl\u00fc\u011f\u00fc ekiplerince verilen e\u011fitimde, \u00f6zellikle ceviz ve badem a\u011fa\u00e7lar\u0131nda budama, g\u00fcbreleme, sulama, \u00e7e\u015fit de\u011fi\u015ftirme a\u015f\u0131s\u0131 ve zararl\u0131larla m\u00fccadele konusunda bilgiler verildi.\u00a0<br \/>\nArazi e\u011fitimine Orman B\u00f6lge M\u00fcd\u00fcr Yard\u0131mc\u0131s\u0131 Mehmet \u00d6zdemir, A\u011fa\u00e7land\u0131rma \u015eube M\u00fcd\u00fcr\u00fc R\u0131za G\u00fcle\u00e7, Erdemli Orman \u0130\u015fletme M\u00fcd\u00fcr\u00fc Murat K\u00f6rl\u00fc, Mersin \u0130l Tar\u0131m ve Orman M\u00fcd\u00fcrl\u00fc\u011f\u00fcnden teknik elemanlar, \u015fefler, m\u00fchendisler, muhtarlar ve vatanda\u015flar kat\u0131ld\u0131.\u00a0<\/p>\n","protected":false},"excerpt":{"rendered":"<p>Mersin&#8217;in Erdemli il\u00e7esinde orman k\u00f6yl\u00fcs\u00fcne, fidan ve a\u011fa\u00e7 bak\u0131m\u0131 e\u011fitimi verildi\u011fi bildirildi.\u00a0 Mersin Orman B\u00f6lge M\u00fcd\u00fcrl\u00fc\u011f\u00fcnden yap\u0131lan a\u00e7\u0131klamaya g\u00f6re, &#8216;Gelir Getirici T\u00fcr A\u011fa\u00e7land\u0131rmalar\u0131 Eylem Planlar\u0131&#8217; kapsam\u0131nda a\u011fa\u00e7land\u0131rmas\u0131 yap\u0131larak faydalanma hakk\u0131 &hellip; <a href=\"https:\/\/akdenizolaygazetesi.com\/?p=7265\" class=\"more-link\">Devam\u0131n\u0131 Oku&#8230;<\/a><\/p>\n","protected":false},"author":1,"featured_media":0,"comment_status":"open","ping_status":"open","sticky":false,"template":"","format":"standard","meta":[],"categories":[],"tags":[],"_links":{"self":[{"href":"https:\/\/akdenizolaygazetesi.com\/index.php?rest_route=\/wp\/v2\/posts\/7265"}],"collection":[{"href":"https:\/\/akdenizolaygazetesi.com\/index.php?rest_route=\/wp\/v2\/posts"}],"about":[{"href":"https:\/\/akdenizolaygazetesi.com\/index.php?rest_route=\/wp\/v2\/types\/post"}],"author":[{"embeddable":true,"href":"https:\/\/akdenizolaygazetesi.com\/index.php?rest_route=\/wp\/v2\/users\/1"}],"replies":[{"embeddable":true,"href":"https:\/\/akdenizolaygazetesi.com\/index.php?rest_route=%2Fwp%2Fv2%2Fcomments&post=7265"}],"version-history":[{"count":0,"href":"https:\/\/akdenizolaygazetesi.com\/index.php?rest_route=\/wp\/v2\/posts\/7265\/revisions"}],"wp:attachment":[{"href":"https:\/\/akdenizolaygazetesi.com\/index.php?rest_route=%2Fwp%2Fv2%2Fmedia&parent=7265"}],"wp:term":[{"taxonomy":"category","embeddable":true,"href":"https:\/\/akdenizolaygazetesi.com\/index.php?rest_route=%2Fwp%2Fv2%2Fcategories&post=7265"},{"taxonomy":"post_tag","embeddable":true,"href":"https:\/\/akdenizolaygazetesi.com\/index.php?rest_route=%2Fwp%2Fv2%2Ftags&post=7265"}],"curies":[{"name":"wp","href":"https:\/\/api.w.org\/{rel}","templated":true}]}}