{"id":7284,"date":"2020-11-04T18:27:44","date_gmt":"2020-11-04T15:27:44","guid":{"rendered":"http:\/\/mersinekonomipolitikagazetesi.com\/?p=7284"},"modified":"2020-11-04T18:27:44","modified_gmt":"2020-11-04T15:27:44","slug":"lojistik-aktarma-merkezi-kargolarin-teslim-surelerini-kisaltacak","status":"publish","type":"post","link":"https:\/\/akdenizolaygazetesi.com\/?p=7284","title":{"rendered":"\u2018Lojistik Aktarma Merkezi\u2019 kargolar\u0131n teslim s\u00fcrelerini k\u0131saltacak"},"content":{"rendered":"<p>T\u00fcrkiye\u2019nin en b\u00fcy\u00fck elektronik ticaret sitelerinden birinin lojistik aktarma merkezi deposu Adana\u2019ya in\u015fa edildi. 7 ilin kargo transferini ger\u00e7ekle\u015ftirecek depoda 150 ki\u015fi istihdam edilirken art\u0131k internetten sipari\u015f verilen \u00fcr\u00fcnlerin teslim s\u00fcreleri de k\u0131salacak.\u00a0<br \/>\nKorona vir\u00fcs ile m\u00fccadele kapsam\u0131nda \u00fclkemizde vatanda\u015flar devletin \u2018Evde kal\u2019 \u00e7a\u011fr\u0131s\u0131na b\u00fcy\u00fck oranda uydu. Bu s\u00fcrede ise vatanda\u015flar ihtiya\u00e7lar\u0131n\u0131 internetteki al\u0131\u015fveri\u015f sitelerinden kar\u015f\u0131lad\u0131. \u0130stanbul merkezli T\u00fcrkiye\u2019nin en b\u00fcy\u00fck elektronik ticaret sitelerinden birinin lojistik aktarma merkezide Adana Kamu M\u00fcteahhitleri Derne\u011fi (AKAMDER) \u00fcyelerinden birisi taraf\u0131ndan Y\u00fcre\u011fir il\u00e7esine in\u015fa edildi. 2019 y\u0131l\u0131n\u0131n Kas\u0131m ay\u0131nda ilk kazma vurulan tesis 2020 y\u0131l\u0131n\u0131n May\u0131s ay\u0131nda faaliyete ge\u00e7ti.\u00a0<br \/>\n\u015euan y\u00fczde 30 kapasiteyle \u00e7al\u0131\u015fan lojistik tesis, pandemi s\u00fcrecinden sonra tam kapasiteyle \u00e7al\u0131\u015fmaya ba\u015flad\u0131\u011f\u0131nda 150 ki\u015fiye istihdam sa\u011flayacak. \u0130stanbul\u2019dan gelen \u00fcr\u00fcnler Adana\u2019daki aktarma merkezinden Gaziantep, Kilis, Kahramanmara\u015f, Hatay, Mersin ve Osmaniye olmak \u00fczere toplam 7 ile g\u00f6nderilebilecek.\u00a0<br \/>\n10 d\u00f6n\u00fcml\u00fck arazide 6 bin 500 metrekare kapal\u0131 alan \u00fczerine kurulan tesis, kargo s\u00fcrelerini ve olas\u0131 hatalar\u0131 minimuma indirip kentin ekonomisine katk\u0131 sa\u011flayacak.\u00a0<\/p>\n<p>\u201cAdana\u2019ya b\u00fcy\u00fck katk\u0131\u201d\u00a0<br \/>\nAKAMDER Ba\u015fkan\u0131 Mustafa Karsl\u0131o\u011flu konuyla ilgili \u0130HA muhabirine yapt\u0131\u011f\u0131 a\u00e7\u0131klamada, tesisin kent ekonomisine katk\u0131 sunaca\u011f\u0131n\u0131 belirtti. Karsl\u0131o\u011flu, \u201cKorona vir\u00fcsten dolay\u0131 pandemi s\u00fcreci ya\u015fad\u0131k. Pandemi s\u00fcrecinde insanlar internetten al\u0131\u015fveri\u015fe y\u00f6neldi. \u0130nsanlar\u0131n daha kolay, sorunsuz ve ucuza buralardan \u00fcr\u00fcn ald\u0131klar\u0131n\u0131 g\u00f6rd\u00fck. Bizlerde in\u015faat\u00e7\u0131lar olarak neler yapabiliriz diye d\u00fc\u015f\u00fcn\u00fcrken uluslararas\u0131 bir firmaya Adana\u2019da depo yap\u0131ld\u0131. Adanam\u0131za g\u00fczel bir proje kazand\u0131rm\u0131\u015f olduk. Burada 150 personel \u00e7al\u0131\u015facak ve ticaret anlam\u0131nda Adana\u2019m\u0131za b\u00fcy\u00fck katk\u0131s\u0131 olaca\u011f\u0131n\u0131 d\u00fc\u015f\u00fcn\u00fcyorum\u201d diye konu\u015ftu.\u00a0<\/p>\n<p>\u201cUcuz ve h\u0131zl\u0131 \u00fcr\u00fcn tedariki\u201d\u00a0<br \/>\nTesis sayesinde \u00fcr\u00fcnlerin ula\u015f\u0131m s\u00fcrelerinin daha da k\u0131salaca\u011f\u0131n\u0131 aktaran Mustafa Karsl\u0131o\u011flu, \u201c2019 y\u0131l\u0131n\u0131n Kas\u0131m ay\u0131nda ba\u015flayan in\u015faat\u0131m\u0131z 6 ayl\u0131k bir s\u00fcrede tamamland\u0131. Adana&#8217;n\u0131n stratejik konumu sayesinde \u00e7evresindeki illere hizmet verecek. Bu hem Adana\u2019n\u0131n hem de di\u011fer illerin daha ucuza ve h\u0131zl\u0131ca \u00fcr\u00fcn almas\u0131n\u0131 sa\u011flayacak. 150 personelin \u00e7al\u0131\u015fmas\u0131 ortalama bin ki\u015finin ge\u00e7im kayna\u011f\u0131 demektir. Mutluyuz\u201d dedi.\u00a0<br \/>\nDepoyu in\u015fa eden firman\u0131n orta\u011f\u0131 Bar\u0131\u015f Y\u0131ld\u0131r\u0131m ise pandemi s\u00fcrecinde in\u015faat\u0131n biraz aksad\u0131\u011f\u0131n\u0131 ancak yine de 6 ayda tamamlad\u0131klar\u0131n\u0131 belirterek, \u201cBurada art\u0131k operasyona ba\u015flad\u0131k. Kargo aktarma tesisi olarak T\u00fcrkiye\u2019nin en b\u00fcy\u00fck elektronik ticaret platformuna hizmet vermekteyiz. \u0130stanbul\u2019dan gelen \u00fcr\u00fcnlerin 7 ile da\u011f\u0131t\u0131lmas\u0131yla operasyonumuz ger\u00e7ekle\u015fiyor. Burada m\u00fc\u015fteri memnuniyetini y\u00fckseltip geri d\u00f6n\u00fc\u015fleri ve hatalar\u0131 minimuma indirmek i\u00e7in \u00e7abal\u0131yoruz. T\u00fcm operasyon ve teknolojik altyap\u0131lar\u0131 tamamlad\u0131k\u201d \u015feklinde konu\u015ftu.\u00a0<\/p>\n<p>\u201c\u00d6nceli\u011fimiz h\u0131zl\u0131 ve sorunsuz teslimat\u201d\u00a0<br \/>\nAyn\u0131 anda 28 t\u0131rdan gelen \u00fcr\u00fcnleri depoya alabilecek kapasiteleri oldu\u011funu vurgulayan Y\u0131ld\u0131r\u0131m, \u201c28 ara\u00e7l\u0131k t\u0131r rampas\u0131 say\u0131m\u0131z var. Ayn\u0131 anda 28 ara\u00e7tan \u00fcr\u00fcn indirebiliriz. \u015euan pandemi nedeniyle tek vardiya \u00e7al\u0131\u015f\u0131yoruz ama s\u00fcre\u00e7 bittikten sonra 3 vardiya halinde 150 personel ile \u00e7al\u0131\u015faca\u011f\u0131z. Mersin\u2019in Anamur il\u00e7esinden Kilis\u2019e kadar yakla\u015f\u0131k 10 milyon vatanda\u015fa hizmet verece\u011fiz. Kargo s\u00fcrelerinde tabi ki de\u011fi\u015fim olacak. Birinci \u00f6nceli\u011fimiz h\u0131zl\u0131 ve sorunsuz teslimat\u201d ifadelerini kulland\u0131.\u00a0<\/p>\n","protected":false},"excerpt":{"rendered":"<p>T\u00fcrkiye\u2019nin en b\u00fcy\u00fck elektronik ticaret sitelerinden birinin lojistik aktarma merkezi deposu Adana\u2019ya in\u015fa edildi. 7 ilin kargo transferini ger\u00e7ekle\u015ftirecek depoda 150 ki\u015fi istihdam edilirken art\u0131k internetten sipari\u015f verilen \u00fcr\u00fcnlerin teslim &hellip; <a href=\"https:\/\/akdenizolaygazetesi.com\/?p=7284\" class=\"more-link\">Devam\u0131n\u0131 Oku&#8230;<\/a><\/p>\n","protected":false},"author":1,"featured_media":0,"comment_status":"open","ping_status":"open","sticky":false,"template":"","format":"standard","meta":[],"categories":[],"tags":[],"_links":{"self":[{"href":"https:\/\/akdenizolaygazetesi.com\/index.php?rest_route=\/wp\/v2\/posts\/7284"}],"collection":[{"href":"https:\/\/akdenizolaygazetesi.com\/index.php?rest_route=\/wp\/v2\/posts"}],"about":[{"href":"https:\/\/akdenizolaygazetesi.com\/index.php?rest_route=\/wp\/v2\/types\/post"}],"author":[{"embeddable":true,"href":"https:\/\/akdenizolaygazetesi.com\/index.php?rest_route=\/wp\/v2\/users\/1"}],"replies":[{"embeddable":true,"href":"https:\/\/akdenizolaygazetesi.com\/index.php?rest_route=%2Fwp%2Fv2%2Fcomments&post=7284"}],"version-history":[{"count":0,"href":"https:\/\/akdenizolaygazetesi.com\/index.php?rest_route=\/wp\/v2\/posts\/7284\/revisions"}],"wp:attachment":[{"href":"https:\/\/akdenizolaygazetesi.com\/index.php?rest_route=%2Fwp%2Fv2%2Fmedia&parent=7284"}],"wp:term":[{"taxonomy":"category","embeddable":true,"href":"https:\/\/akdenizolaygazetesi.com\/index.php?rest_route=%2Fwp%2Fv2%2Fcategories&post=7284"},{"taxonomy":"post_tag","embeddable":true,"href":"https:\/\/akdenizolaygazetesi.com\/index.php?rest_route=%2Fwp%2Fv2%2Ftags&post=7284"}],"curies":[{"name":"wp","href":"https:\/\/api.w.org\/{rel}","templated":true}]}}