{"id":7304,"date":"2020-11-04T18:27:45","date_gmt":"2020-11-04T15:27:45","guid":{"rendered":"http:\/\/mersinekonomipolitikagazetesi.com\/?p=7304"},"modified":"2020-11-04T18:27:45","modified_gmt":"2020-11-04T15:27:45","slug":"akdenizde-okullar-lgsye-hazirlaniyor","status":"publish","type":"post","link":"https:\/\/akdenizolaygazetesi.com\/?p=7304","title":{"rendered":"Akdeniz&#8217;de okullar LGS\u2019ye haz\u0131rlan\u0131yor"},"content":{"rendered":"<p><span style=\"line-height: 1.6em;\">Akdeniz Belediye Ba\u015fkan\u0131 Mustafa G\u00fcltak\u2019\u0131n talimat\u0131yla mobil ila\u00e7lama ekipleri, 20 Haziran Cumartesi yap\u0131lacak Liselere Ge\u00e7i\u015f S\u0131nav\u0131 (LGS) \u00f6ncesi, \u00f6\u011frencilerin sa\u011fl\u0131kl\u0131 ve hijyenik ortamda s\u0131nava girebilmelerini sa\u011flamak amac\u0131yla, korona vir\u00fcs salg\u0131n\u0131na kar\u015f\u0131 okullarda dezenfekte \u00e7al\u0131\u015fmas\u0131 ger\u00e7ekle\u015ftiriyor.\u00a0<\/span><\/p>\n<p>\u00d6zel k\u0131yafetler giyen mobil ekipler, hafta sonu yap\u0131lacak olan LGS s\u0131nav\u0131nda Akdeniz il\u00e7esinde bulunan 122 okul aras\u0131ndan, s\u0131nav merkezi olarak belirlenen 40 ortaokul ve ilkokulda dezenfekte \u00e7al\u0131\u015fmalar\u0131 ba\u015flatt\u0131. Ekipler, s\u0131nav\u0131n yap\u0131laca\u011f\u0131 s\u0131n\u0131flar\u0131, insan sa\u011fl\u0131\u011f\u0131na zarar vermeyen kimyasallarla ila\u00e7larken, \u00f6\u011fretmenler odas\u0131, okullar\u0131n bah\u00e7esi, koridorlar, tuvalet ve lavabo gibi yerler ile \u00e7\u00f6p kovalar\u0131 dezenfekte ediliyor.\u00a0<br \/>\n\u201cT\u00fcm \u00f6\u011frencilerimize ba\u015far\u0131lar diliyorum\u201d\u00a0<br \/>\nAkdeniz Belediye Ba\u015fkan\u0131 Mustafa G\u00fcltak, LGS\u2019ye girecek \u00f6\u011frencilerin daha temiz, sa\u011fl\u0131kl\u0131 ve vir\u00fcsten ar\u0131nd\u0131r\u0131lm\u0131\u015f bir ortamda s\u0131nava girebilmelerinin \u00f6nemine dikkat \u00e7ekti. Toplum sa\u011fl\u0131\u011f\u0131n\u0131n korunmas\u0131 ve s\u00fcrd\u00fcr\u00fclmesi amac\u0131yla, korona vir\u00fcs salg\u0131n\u0131na kar\u015f\u0131 Akdeniz il\u00e7e genelinde topyekun m\u00fccadele vermeye devam ettiklerini belirten G\u00fcltak, &#8220;Bu hafta sonu liselere ge\u00e7i\u015f s\u0131nav\u0131na girecek olan \u00e7ocuklar\u0131m\u0131z\u0131n sa\u011fl\u0131\u011f\u0131n\u0131n korunmas\u0131 amac\u0131yla da mobil ila\u00e7lama ekiplerimiz, korona vir\u00fcs salg\u0131n\u0131na kar\u015f\u0131 okullarda dezenfekte \u00e7al\u0131\u015fmalar\u0131 ba\u015flatt\u0131. S\u0131nav\u0131n yap\u0131laca\u011f\u0131 g\u00fcne dek bu \u00e7al\u0131\u015fmalar tamamlanm\u0131\u015f olacak. \u00c7ocuklar\u0131m\u0131z, en de\u011ferli varl\u0131\u011f\u0131m\u0131z ve gelece\u011fimiz. Onlar\u0131n sa\u011fl\u0131\u011f\u0131n\u0131 korumak da g\u00f6revimiz. Ben \u015fimdiden s\u0131nava girecek \u00f6\u011frencilerimize ba\u015far\u0131lar diliyor, istedikleri liseyi kazan\u0131p, aileleriyle birlikte sa\u011fl\u0131kl\u0131, huzurlu, mutlu bir gelecek temenni ediyorum\u201d dedi.\u00a0<\/p>\n","protected":false},"excerpt":{"rendered":"<p>Akdeniz Belediye Ba\u015fkan\u0131 Mustafa G\u00fcltak\u2019\u0131n talimat\u0131yla mobil ila\u00e7lama ekipleri, 20 Haziran Cumartesi yap\u0131lacak Liselere Ge\u00e7i\u015f S\u0131nav\u0131 (LGS) \u00f6ncesi, \u00f6\u011frencilerin sa\u011fl\u0131kl\u0131 ve hijyenik ortamda s\u0131nava girebilmelerini sa\u011flamak amac\u0131yla, korona vir\u00fcs salg\u0131n\u0131na &hellip; <a href=\"https:\/\/akdenizolaygazetesi.com\/?p=7304\" class=\"more-link\">Devam\u0131n\u0131 Oku&#8230;<\/a><\/p>\n","protected":false},"author":1,"featured_media":0,"comment_status":"open","ping_status":"open","sticky":false,"template":"","format":"standard","meta":[],"categories":[],"tags":[],"_links":{"self":[{"href":"https:\/\/akdenizolaygazetesi.com\/index.php?rest_route=\/wp\/v2\/posts\/7304"}],"collection":[{"href":"https:\/\/akdenizolaygazetesi.com\/index.php?rest_route=\/wp\/v2\/posts"}],"about":[{"href":"https:\/\/akdenizolaygazetesi.com\/index.php?rest_route=\/wp\/v2\/types\/post"}],"author":[{"embeddable":true,"href":"https:\/\/akdenizolaygazetesi.com\/index.php?rest_route=\/wp\/v2\/users\/1"}],"replies":[{"embeddable":true,"href":"https:\/\/akdenizolaygazetesi.com\/index.php?rest_route=%2Fwp%2Fv2%2Fcomments&post=7304"}],"version-history":[{"count":0,"href":"https:\/\/akdenizolaygazetesi.com\/index.php?rest_route=\/wp\/v2\/posts\/7304\/revisions"}],"wp:attachment":[{"href":"https:\/\/akdenizolaygazetesi.com\/index.php?rest_route=%2Fwp%2Fv2%2Fmedia&parent=7304"}],"wp:term":[{"taxonomy":"category","embeddable":true,"href":"https:\/\/akdenizolaygazetesi.com\/index.php?rest_route=%2Fwp%2Fv2%2Fcategories&post=7304"},{"taxonomy":"post_tag","embeddable":true,"href":"https:\/\/akdenizolaygazetesi.com\/index.php?rest_route=%2Fwp%2Fv2%2Ftags&post=7304"}],"curies":[{"name":"wp","href":"https:\/\/api.w.org\/{rel}","templated":true}]}}