{"id":7305,"date":"2020-11-04T18:27:46","date_gmt":"2020-11-04T15:27:46","guid":{"rendered":"http:\/\/mersinekonomipolitikagazetesi.com\/?p=7305"},"modified":"2020-11-04T18:27:46","modified_gmt":"2020-11-04T15:27:46","slug":"erdemlideki-ureticilere-sulama-borusu-destegi","status":"publish","type":"post","link":"https:\/\/akdenizolaygazetesi.com\/?p=7305","title":{"rendered":"Erdemli&#8217;deki \u00fcreticilere sulama borusu deste\u011fi"},"content":{"rendered":"<p><span style=\"line-height: 1.6em;\">Mersin B\u00fcy\u00fck\u015fehir Belediye Ba\u015fkan\u0131 Vahap Se\u00e7er, tar\u0131ma b\u00fcy\u00fck \u00f6nem verdiklerini belirterek, &#8220;Belediye Ba\u015fkan\u0131 olarak her ge\u00e7en y\u0131l daha da fazla kaynak ay\u0131rarak tar\u0131ma, hayvanc\u0131l\u0131\u011fa destek vermek istiyorum. Bu y\u0131l i\u00e7in 60 bin metre sulama borusu da\u011f\u0131t\u0131m\u0131 \u00f6ng\u00f6rm\u00fc\u015f\u00fcz. Erdemli\u2019ye bug\u00fcn 10 bin 174 metre sulama borusu da\u011f\u0131tt\u0131k. Daha \u00f6nce de 12 bin 180 metre boru da\u011f\u0131tm\u0131\u015ft\u0131k&#8221; dedi.\u00a0<\/span><\/p>\n<p>Se\u00e7er, Erdemli il\u00e7esinde \u00fcreticilere verilen \u00e7elik sulama borusu da\u011f\u0131t\u0131m t\u00f6renine kat\u0131ld\u0131. Bir\u00e7ok tar\u0131m \u00fcr\u00fcnlerine ev sahipli\u011fi yapan Erdemli\u2019nin, T\u00fcrkiye\u2019de limon denilince ilk akla gelen yer oldu\u011funu s\u00f6yleyen Se\u00e7er, tar\u0131m\u0131n d\u00fcnyada vazge\u00e7ilmeyecek bir alan oldu\u011funu vurgulad\u0131. B\u00fcy\u00fck\u015fehir Belediyesi olarak stratejik planda tar\u0131m sekt\u00f6r\u00fc i\u00e7in \u00f6nemli desteklere yer verdiklerini belirten Se\u00e7er, \u201cTar\u0131m kazan\u0131lan her kuru\u015fun \u00e7ok de\u011ferli oldu\u011fu, helal oldu\u011fu bir sekt\u00f6rd\u00fcr. Ya\u015fam\u0131n ta kendisidir. Silah\u0131n\u0131z olabilir, petrol\u00fcn\u00fcz olabilir, \u00e7uvalla paran\u0131z olursa, sanayiniz geli\u015fmi\u015f olabilir ama tar\u0131msal \u00fcr\u00fcnlerde d\u0131\u015fa ba\u011f\u0131ml\u0131 bir \u00fclkeyseniz, siz asl\u0131nda zay\u0131f bir \u00fclkesiniz. Pandemi d\u00f6neminde ortaya \u00e7\u0131kt\u0131 bu. D\u00fcnyan\u0131n neresine giderseniz gidin devletler mutlaka \u00e7ift\u00e7isine destek olmak zorundad\u0131r\u201d ifadelerini kulland\u0131.\u00a0<br \/>\n\u201cKendi \u00f6l\u00e7e\u011fimizde tar\u0131ma en iyi deste\u011fi vermek istiyoruz\u201d\u00a0<br \/>\nT\u00fcrkiye\u2019nin toplam cirosunda tar\u0131m\u0131n katk\u0131s\u0131n\u0131n d\u00fc\u015f\u00fck oldu\u011funu aktaran Se\u00e7er, her 100 lirada ciroya tar\u0131m\u0131n katk\u0131s\u0131n\u0131n \u015fu an 6 lira civar\u0131nda oldu\u011funu kaydetti. Se\u00e7er, \u201cHer d\u00f6rt ki\u015fiden biri de tar\u0131mda \u00e7al\u0131\u015f\u0131yor. Onun i\u00e7in tar\u0131m\u0131 sadece ekonomik bir sekt\u00f6r olarak de\u011ferlendirmek yanl\u0131\u015ft\u0131r. Tar\u0131m k\u00fc\u00e7\u00fcl\u00fcrse, yap\u0131lmazsa, tarlalar ekilmezse, her d\u00f6rt ki\u015fiden biri i\u015fsiz kal\u0131r, her d\u00f6rt ki\u015fiden biri Mersin\u2019in merkezine gelir, i\u015f arar. Herkese i\u015f bulamazs\u0131n\u0131z. \u0130\u015fte o zaman sorun ba\u015flar. Tar\u0131m \u00f6nemli, tar\u0131m\u0131 \u00f6nemseyece\u011fiz. B\u00fcy\u00fck projeler, T\u00fcrkiye\u2019deki tar\u0131m sekt\u00f6r\u00fcne ili\u015fkin, tar\u0131m\u0131n yol haritas\u0131na ili\u015fkin kararlar\u0131 Ankara alacak ama biz de kendi \u00f6l\u00e7e\u011fimizde, yasalar\u0131n bize sa\u011flad\u0131\u011f\u0131 imkanlar\u0131 ve b\u00fct\u00e7emizi kullanarak en iyi deste\u011fi vermek istiyoruz\u201d diye konu\u015ftu.\u00a0<br \/>\n\u201cBu y\u0131l i\u00e7in 60 bin metre sulama borusu da\u011f\u0131t\u0131m\u0131 \u00f6ng\u00f6r\u00fcyoruz\u201d\u00a0<br \/>\nPandemi ile birlikte tar\u0131m\u0131n ne kadar \u00f6nemli oldu\u011funu g\u00f6steren bir s\u00fcre\u00e7ten ge\u00e7ildi\u011fini dile getiren Se\u00e7er, tar\u0131m i\u00e7in program\u0131na ald\u0131klar\u0131 t\u00fcm hizmetleri ger\u00e7ekle\u015ftireceklerini belirtti. Se\u00e7er, \u201cTar\u0131msal ve Veteriner Hizmetleri Dairesi Ba\u015fkanl\u0131\u011f\u0131\u2019n\u0131n plana ald\u0131\u011f\u0131 b\u00fct\u00fcn uygulamalar harfiyen ger\u00e7ekle\u015fecek. Bu y\u0131l i\u00e7in 60 bin metre sulama borusu da\u011f\u0131t\u0131m\u0131 \u00f6ng\u00f6rm\u00fc\u015f\u00fcz. Bunun i\u00e7inde HDPE\u2019si var, \u00e7elik borusu var. \u00d6zellikle siz \u00e7ift\u00e7ilerin ve de\u011ferli muhtarlar\u0131m\u0131z\u0131n bizlerden istedi\u011fi grup yollar\u0131, k\u00f6y yollar\u0131 ile ilgili talepleri de\u011ferlendirdik. \u00c7ok daha yo\u011fun yol projelerimizi hayata ge\u00e7irece\u011fiz. Bu konuya ayr\u0131 bir \u00f6nem veriyoruz. Her \u015feyin en iyisini yapaca\u011f\u0131z. Bu bize yara\u015f\u0131r. Bu \u00fclkeye bu yara\u015f\u0131r\u201d \u015feklinde konu\u015ftu.\u00a0<br \/>\n\u201cY\u00f6netim anlay\u0131\u015f\u0131m\u0131z se\u00e7imden se\u00e7ime vatanda\u015f\u0131n oyunu almaya y\u00f6nelik hizmetler i\u00e7ermiyor\u201d\u00a0<br \/>\nBa\u015fkan Se\u00e7er, Mersin i\u00e7in kal\u0131c\u0131 ve gelece\u011fe y\u00f6nelik hizmetler planlad\u0131klar\u0131n\u0131 da belirterek \u015f\u00f6yle devam etti; &#8220;Bizim y\u00f6netim anlay\u0131\u015f\u0131m\u0131z sadece se\u00e7imden se\u00e7ime vatanda\u015f\u0131n oyunu almaya y\u00f6nelik hizmetler i\u00e7ermiyor. Bizim i\u00e7in her kuru\u015fun de\u011feri var. Vatanda\u015f\u0131n ho\u015funa gidiyor diye israf olabilecek bir yat\u0131r\u0131m\u0131 asla yapmam. Bana oy getirecek diye ama ger\u00e7ekte yanl\u0131\u015f bir yat\u0131r\u0131m ise ben o yat\u0131r\u0131mdan uzak dururum. Hat\u0131ra g\u00f6n\u00fcle benden 2 bin metre boru isteniyor diye boru veremeyiz. Ben paras\u0131n\u0131 \u00f6demiyorum. Sizin paran\u0131z. Her \u015fey proje kapsam\u0131nda. Ger\u00e7ekten att\u0131\u011f\u0131m\u0131z ta\u015f gedi\u011fine oturacak, i\u015fe yarayacak, \u00fcretime katk\u0131 yapacak.\u201d\u00a0<br \/>\nKonu\u015fmalar\u0131n ard\u0131ndan sulama borular\u0131 hak sahiplerine teslim edildi.<\/p>\n","protected":false},"excerpt":{"rendered":"<p>Mersin B\u00fcy\u00fck\u015fehir Belediye Ba\u015fkan\u0131 Vahap Se\u00e7er, tar\u0131ma b\u00fcy\u00fck \u00f6nem verdiklerini belirterek, &#8220;Belediye Ba\u015fkan\u0131 olarak her ge\u00e7en y\u0131l daha da fazla kaynak ay\u0131rarak tar\u0131ma, hayvanc\u0131l\u0131\u011fa destek vermek istiyorum. Bu y\u0131l i\u00e7in &hellip; <a href=\"https:\/\/akdenizolaygazetesi.com\/?p=7305\" class=\"more-link\">Devam\u0131n\u0131 Oku&#8230;<\/a><\/p>\n","protected":false},"author":1,"featured_media":0,"comment_status":"open","ping_status":"open","sticky":false,"template":"","format":"standard","meta":[],"categories":[],"tags":[],"_links":{"self":[{"href":"https:\/\/akdenizolaygazetesi.com\/index.php?rest_route=\/wp\/v2\/posts\/7305"}],"collection":[{"href":"https:\/\/akdenizolaygazetesi.com\/index.php?rest_route=\/wp\/v2\/posts"}],"about":[{"href":"https:\/\/akdenizolaygazetesi.com\/index.php?rest_route=\/wp\/v2\/types\/post"}],"author":[{"embeddable":true,"href":"https:\/\/akdenizolaygazetesi.com\/index.php?rest_route=\/wp\/v2\/users\/1"}],"replies":[{"embeddable":true,"href":"https:\/\/akdenizolaygazetesi.com\/index.php?rest_route=%2Fwp%2Fv2%2Fcomments&post=7305"}],"version-history":[{"count":0,"href":"https:\/\/akdenizolaygazetesi.com\/index.php?rest_route=\/wp\/v2\/posts\/7305\/revisions"}],"wp:attachment":[{"href":"https:\/\/akdenizolaygazetesi.com\/index.php?rest_route=%2Fwp%2Fv2%2Fmedia&parent=7305"}],"wp:term":[{"taxonomy":"category","embeddable":true,"href":"https:\/\/akdenizolaygazetesi.com\/index.php?rest_route=%2Fwp%2Fv2%2Fcategories&post=7305"},{"taxonomy":"post_tag","embeddable":true,"href":"https:\/\/akdenizolaygazetesi.com\/index.php?rest_route=%2Fwp%2Fv2%2Ftags&post=7305"}],"curies":[{"name":"wp","href":"https:\/\/api.w.org\/{rel}","templated":true}]}}