{"id":7324,"date":"2020-11-04T18:27:46","date_gmt":"2020-11-04T15:27:46","guid":{"rendered":"http:\/\/mersinekonomipolitikagazetesi.com\/?p=7324"},"modified":"2020-11-04T18:27:46","modified_gmt":"2020-11-04T15:27:46","slug":"yetenek-kapisi-tum-ogrenci-mezun-ve-isverenlerin-hizmetine-sunuldu","status":"publish","type":"post","link":"https:\/\/akdenizolaygazetesi.com\/?p=7324","title":{"rendered":"\u2018Yetenek Kap\u0131s\u0131\u2019, t\u00fcm \u00f6\u011frenci, mezun ve i\u015fverenlerin hizmetine sunuldu"},"content":{"rendered":"<p><span style=\"line-height: 1.6em;\">Mersin \u00dcniversitesi, bug\u00fcne kadar 340 binin \u00fczerinde \u00f6\u011frenci ve mezun, bin 400&#8217;\u00fcn \u00fczerinde i\u015fveren ile 178 \u00fcniversitenin kay\u0131t yapt\u0131rd\u0131\u011f\u0131, Cumhurba\u015fkanl\u0131\u011f\u0131 \u0130nsan Kaynaklar\u0131 Ofisinin \u00e7al\u0131\u015fmalar\u0131yla olu\u015fturulan \u2018Yetenek Kap\u0131s\u0131\u2019 kariyer platformunun; t\u00fcm \u00f6\u011frenci, mezun, i\u015fveren ve \u00fcniversitelerin hizmetine a\u00e7\u0131ld\u0131\u011f\u0131n\u0131 bildirdi.\u00a0<\/span><\/p>\n<p>Mersin \u00dcniversitesi (ME\u00dc), Cumhurba\u015fkanl\u0131\u011f\u0131 \u0130nsan Kaynaklar\u0131 Ofisinden \u2018Yetenek Kap\u0131s\u0131\u2019 kariyer platformunun a\u00e7\u0131klamas\u0131n\u0131 kamuoyu ile payla\u015ft\u0131. Cumhurba\u015fkanl\u0131\u011f\u0131 \u0130nsan Kaynaklar\u0131 Ofisinden yap\u0131lan a\u00e7\u0131klamaya g\u00f6re, Cumhurba\u015fkan\u0131 Recep Tayyip Erdo\u011fan&#8217;\u0131n talimat\u0131yla t\u00fcm \u00fcniversitelerde yayg\u0131nla\u015ft\u0131r\u0131lan kariyer merkezlerini desteklemek i\u00e7in hayata ge\u00e7irilen \u00e7evrim i\u00e7i kariyer platformu \u2018Yetenek Kap\u0131s\u0131\u2019n\u0131n pilot uygulamas\u0131na Eyl\u00fcl 2019 itibar\u0131yla ba\u015fland\u0131. Platform, ilk olarak \u015eubat-Mart 2020&#8217;de \u2018Yetenek Her Yerde\u2019 kariyer fuarlar\u0131nda, 130 \u00fcniversite taraf\u0131ndan kullan\u0131lmaya ba\u015fland\u0131.\u00a0<\/p>\n<p>Korona vir\u00fcs s\u00fcrecinde herkese a\u00e7\u0131ld\u0131\u00a0<br \/>\nYeni tip koronavir\u00fcs (Covid-19) nedeniyle evde kal\u0131nan bug\u00fcnlerde, \u00fcniversiteli gen\u00e7lerin kariyerlerine y\u00f6n vermesine destek olmak ve i\u015fverenlerin \u00fcniversitelilere eri\u015fimini kolayla\u015ft\u0131rmak i\u00e7in platformun daha yayg\u0131n kullan\u0131lmas\u0131 ihtiyac\u0131 do\u011fdu. Buradan hareketle platform, t\u00fcm \u00fcniversiteler, \u00fcniversiteli gen\u00e7ler ve i\u015fverenlerin hizmetine sunuldu.\u00a0<br \/>\nBug\u00fcne kadar 340 binin \u00fczerinde \u00f6\u011frenci ve mezun, bin 400&#8217;\u00fcn \u00fczerinde i\u015fveren ile 178 \u00fcniversite, Yetenek Kap\u0131s\u0131na kay\u0131t yapt\u0131rd\u0131. Yurt d\u0131\u015f\u0131ndaki gen\u00e7lerin \u00fcniversiteleri de g\u00f6z \u00f6n\u00fcne al\u0131nd\u0131\u011f\u0131nda, sistemde 564 farkl\u0131 \u00fcniversiteden kay\u0131t bulunuyor.\u00a0<br \/>\nYetenek Kap\u0131s\u0131 ile T\u00fcrkiye&#8217;de kariyer hizmetleri alan\u0131nda mevcut kapasitenin geli\u015ftirilmesi, \u00fcniversite kariyer merkezlerinin hizmetlerinin \u00e7e\u015fitlendirilmesi, yayg\u0131nla\u015ft\u0131r\u0131lmas\u0131 ve kalitesinin art\u0131r\u0131larak daha etkin hale getirilmesi hedefleniyor. Platformla \u00f6\u011frenci ve mezun, i\u015fveren ile \u00fcniversite kariyer merkezlerinin bir araya gelerek, zaman ve mekan k\u0131s\u0131tlar\u0131 olmadan, 360 derece dijital bir ortamda etkile\u015fimde bulunmalar\u0131 sa\u011flan\u0131yor.\u00a0<\/p>\n<p>Milyonlarca \u00fcniversite \u00f6\u011frencisine e\u015f zamanl\u0131 hizmet\u00a0<br \/>\nPlatformla milyonlarca \u00fcniversite \u00f6\u011frencisine e\u015f zamanl\u0131 ve e\u015fit hizmet ile istihdam konusunda f\u0131rsat e\u015fitli\u011fi sa\u011flanacak, i\u015fverenlerin de arad\u0131klar\u0131 yeteneklere eri\u015fmesi kolayla\u015ft\u0131r\u0131lacak. T\u00fcrkiye\u2019deki b\u00fcy\u00fck \u00f6l\u00e7ekli i\u015fletmelerin ve t\u00fcm i\u015fverenlerin ihtiya\u00e7 duyduklar\u0131 yeteneklere arac\u0131s\u0131z ve h\u0131zl\u0131 ula\u015fabilmelerini sa\u011flayacak platform, KOB\u0130&#8217;lerin nitelikli insan kayna\u011f\u0131na ula\u015fmas\u0131na imkan verecek.\u00a0<\/p>\n<p>Kamu kurumlar\u0131n\u0131n ilanlar\u0131na yer veriliyor\u00a0<br \/>\nKamu kurum ve kurulu\u015flar\u0131n\u0131n, \u00fcniversite \u00f6\u011frenci ve mezunlar\u0131na y\u00f6nelik t\u00fcm ilanlar\u0131 ve di\u011fer kariyer imkanlar\u0131 da Yetenek Kap\u0131s\u0131nda yer alacak. B\u00f6ylece kamunun ilanlar\u0131ndan t\u00fcm \u00fcniversite \u00f6\u011frenci ve mezunlar\u0131 e\u015fit \u015fekilde haberdar olabilecek. Platformla i\u015fverenler i\u015f, staj imkanlar\u0131, e\u011fitim programlar\u0131, burs gibi farkl\u0131 kariyer f\u0131rsatlar\u0131n\u0131 T\u00fcrkiye&#8217;deki ve sisteme kay\u0131tl\u0131 yurt d\u0131\u015f\u0131ndaki \u00f6\u011frenci ile mezunlara duyurabilecek ve ba\u015fvuru alabilecek.\u00a0<br \/>\nYetenek Kap\u0131s\u0131 arac\u0131l\u0131\u011f\u0131yla \u00f6\u011frenciler, e\u011fitim ve yetkinlik bilgileri ile profesyonel profillerini olu\u015fturabilecek, i\u015fverenlerin yay\u0131nlad\u0131\u011f\u0131 staj ve i\u015f ilanlar\u0131na ba\u015fvurabilecek, etkinlik, e\u011fitim, burs gibi duyurulardan haberdar olabilecek.\u00a0<br \/>\n\u0130\u015fverenler ise \u00fccretsiz dahil olacaklar\u0131 devlet tabanl\u0131 sistem sayesinde \u00f6\u011frenci ve mezunlarla aktif etkile\u015fim sa\u011flayabilecek, gen\u00e7 yeteneklerin bilgi ve beceri seviyelerine g\u00fcvenilir \u015fekilde ula\u015fabilecek. Yetenek Kap\u0131s\u0131 \u00fcniversite-sanayi i\u015f birli\u011fini kurumsal anlamda destekleyerek kariyer merkezleri ve i\u015fverenler aras\u0131nda ileti\u015fime de olanak sa\u011flayacak.\u00a0<\/p>\n<p>\u201cHem \u00f6\u011frencilerimiz hem mezunlar\u0131m\u0131z h\u0131zl\u0131 bir \u015fekilde i\u015f olana\u011f\u0131na ula\u015fabilecek\u201d\u00a0<br \/>\nKonu ile ilgili bilgi veren ME\u00dc Kariyer Merkezi M\u00fcd\u00fcr\u00fc Prof. Dr. \u0130lhan Ege, \u201cYetenek Kap\u0131s\u0131 ile hem \u00f6\u011frencilerimiz hem mezunlar\u0131m\u0131z h\u0131zl\u0131 bir \u015fekilde i\u015f olana\u011f\u0131na ula\u015fabilecek. \u0130\u015fverenler de \u00fcniversitemizde e\u011fitim g\u00f6rm\u00fc\u015f veya g\u00f6rmekte olan iyi e\u011fitimli insan kayna\u011f\u0131ndan ihtiya\u00e7lar\u0131 nispetinde faydalanm\u0131\u015f olacak\u201d dedi.\u00a0<br \/>\nME\u00dc \u00f6\u011frencileri ve mezunlar\u0131n\u0131n \u2018https:\/\/www.yetenekkapisi.org\/register\u2019 adresinden, i\u015fverenlerin ise \u2018https:\/\/www.yetenekkapisi.org\/company_register\u2019 adresine kay\u0131t olabileceklerini belirten Prof. Dr. Ege, \u201cBu \u015fekilde \u00fclkemizdeki t\u00fcm \u00fcniversitelerden ve firmalardan geni\u015f bir portf\u00f6y olu\u015facak\u201d diye konu\u015ftu.\u00a0<br \/>\nKariyer Merkezi olarak Cumhurba\u015fkanl\u0131\u011f\u0131 \u0130nsan Kaynaklar\u0131 Ofisi ve ME\u00dc Rekt\u00f6r\u00fc Prof. Dr. Ahmet \u00c7amsar\u0131\u2019n\u0131n deste\u011fiyle mezun ve i\u015fverenlere y\u00f6nelik \u00e7al\u0131\u015fmalara imza att\u0131klar\u0131n\u0131 vurgulayan Ege, \u201cT\u00fcm \u00f6\u011frencilerimizi merkezimize, b\u00f6lgemizdeki i\u015fverenleri ise Yetenek Kap\u0131s\u0131na ba\u015fvurmaya davet ediyoruz\u201d ifadelerini kulland\u0131.\u00a0<\/p>\n","protected":false},"excerpt":{"rendered":"<p>Mersin \u00dcniversitesi, bug\u00fcne kadar 340 binin \u00fczerinde \u00f6\u011frenci ve mezun, bin 400&#8217;\u00fcn \u00fczerinde i\u015fveren ile 178 \u00fcniversitenin kay\u0131t yapt\u0131rd\u0131\u011f\u0131, Cumhurba\u015fkanl\u0131\u011f\u0131 \u0130nsan Kaynaklar\u0131 Ofisinin \u00e7al\u0131\u015fmalar\u0131yla olu\u015fturulan \u2018Yetenek Kap\u0131s\u0131\u2019 kariyer platformunun; t\u00fcm &hellip; <a href=\"https:\/\/akdenizolaygazetesi.com\/?p=7324\" class=\"more-link\">Devam\u0131n\u0131 Oku&#8230;<\/a><\/p>\n","protected":false},"author":1,"featured_media":0,"comment_status":"open","ping_status":"open","sticky":false,"template":"","format":"standard","meta":[],"categories":[],"tags":[],"_links":{"self":[{"href":"https:\/\/akdenizolaygazetesi.com\/index.php?rest_route=\/wp\/v2\/posts\/7324"}],"collection":[{"href":"https:\/\/akdenizolaygazetesi.com\/index.php?rest_route=\/wp\/v2\/posts"}],"about":[{"href":"https:\/\/akdenizolaygazetesi.com\/index.php?rest_route=\/wp\/v2\/types\/post"}],"author":[{"embeddable":true,"href":"https:\/\/akdenizolaygazetesi.com\/index.php?rest_route=\/wp\/v2\/users\/1"}],"replies":[{"embeddable":true,"href":"https:\/\/akdenizolaygazetesi.com\/index.php?rest_route=%2Fwp%2Fv2%2Fcomments&post=7324"}],"version-history":[{"count":0,"href":"https:\/\/akdenizolaygazetesi.com\/index.php?rest_route=\/wp\/v2\/posts\/7324\/revisions"}],"wp:attachment":[{"href":"https:\/\/akdenizolaygazetesi.com\/index.php?rest_route=%2Fwp%2Fv2%2Fmedia&parent=7324"}],"wp:term":[{"taxonomy":"category","embeddable":true,"href":"https:\/\/akdenizolaygazetesi.com\/index.php?rest_route=%2Fwp%2Fv2%2Fcategories&post=7324"},{"taxonomy":"post_tag","embeddable":true,"href":"https:\/\/akdenizolaygazetesi.com\/index.php?rest_route=%2Fwp%2Fv2%2Ftags&post=7324"}],"curies":[{"name":"wp","href":"https:\/\/api.w.org\/{rel}","templated":true}]}}