{"id":7345,"date":"2020-11-04T18:27:49","date_gmt":"2020-11-04T15:27:49","guid":{"rendered":"http:\/\/mersinekonomipolitikagazetesi.com\/?p=7345"},"modified":"2020-11-04T18:27:49","modified_gmt":"2020-11-04T15:27:49","slug":"sumerelog-muazzez-ilmiye-cig-107-yasini-kutladi","status":"publish","type":"post","link":"https:\/\/akdenizolaygazetesi.com\/?p=7345","title":{"rendered":"S\u00fcmerelog Muazzez \u0130lmiye \u00c7\u0131\u011f 107. ya\u015f\u0131n\u0131 kutlad\u0131"},"content":{"rendered":"<p><span style=\"line-height: 1.6em;\">Mersin&#8217;de ya\u015fayan \u00dcnl\u00fc S\u00fcmerelog ve tarih bilimci Muazzez \u0130lmiye \u00c7\u0131\u011f, 107. ya\u015f\u0131na dostlar\u0131 ve sevenleriyle birlikte &#8216;merhaba&#8217; dedi.\u00a0<\/span><\/p>\n<p>Mezitli Belediyesi&#8217;nden yap\u0131lan a\u00e7\u0131klamaya g\u00f6re, korona vir\u00fcs tedbirleri kapsam\u0131nda aralar\u0131nda Mezitli Belediye Ba\u015fkan\u0131 Ne\u015fet Tarhan\u2019\u0131n da bulundu\u011fu az say\u0131da ki\u015finin kat\u0131ld\u0131\u011f\u0131 kutlamada, Muazzez \u0130lmiye \u00c7\u0131\u011f, \u00e7al\u0131nan m\u00fcziklere tempo tuttu. Do\u011fum g\u00fcn\u00fc kutlamas\u0131na kat\u0131lanlar da yapt\u0131klar\u0131 danslarla \u00c7\u0131\u011f\u2019\u0131n yeni ya\u015f sevincine ortak oldu.\u00a0<br \/>\nDo\u011fum g\u00fcn\u00fc kutlamas\u0131na kat\u0131lanlara kitaplar\u0131ndan hediye eden \u00c7\u0131\u011f, yeni ya\u015f\u0131n\u0131n ilk imzas\u0131n\u0131 Ba\u015fkan Tarhan\u2019\u0131n 12 ya\u015f\u0131ndaki ye\u011feni Nisan \u00d6zturgut\u2019un kitab\u0131na att\u0131. \u00c7\u0131\u011f, gen\u00e7lerin okumaya ve kitaba olan ilgisinin kendisini daha fazla heyecanland\u0131rd\u0131\u011f\u0131n\u0131 ve \u00fcretmeye te\u015fvik etti\u011fini s\u00f6yledi.\u00a0<br \/>\n&#8220;Her ya\u015f say\u0131lardan ibarettir, insan hissetti\u011fi ya\u015ftad\u0131r&#8221;\u00a0<br \/>\nYa\u015fad\u0131\u011f\u0131 tatil sitesinin bah\u00e7esinde yap\u0131lan kutlamada \u00c7\u0131\u011f, kat\u0131lan herkese te\u015fekk\u00fcr ederek, \u201cHer ya\u015f say\u0131lardan ibarettir. \u0130nsan hissetti\u011fi ya\u015ftad\u0131r. 1914 y\u0131l\u0131nda do\u011fdum. Bug\u00fcn 106 ya\u015f\u0131n\u0131 bitirip 107 ya\u015f\u0131ma ad\u0131m at\u0131yorum. Ba\u015ftaki 100\u2019\u00fc silerseniz 6 ya\u015f\u0131m\u0131n din\u00e7li\u011fi ve heyecan\u0131 ile \u00fcretmeye devam ediyorum. \u00d6zellikle bu g\u00fczel s\u00fcrprizler beni daha \u00e7ok gen\u00e7le\u015ftiriyor. Seven dostlar\u0131mla birlikte daha yapacak \u00e7ok i\u015fimiz var\u201d dedi.\u00a0<br \/>\nHer y\u0131l Muazzez \u0130lmiye \u00c7\u0131\u011f\u2019\u0131n do\u011fum g\u00fcn\u00fc kutlamas\u0131na gelmeyi geleneksel hale getirdiklerini ifade eden Belediye Ba\u015fkan\u0131 Ne\u015fet Tarhan ise \u201cSadece do\u011fum g\u00fcnlerinde de\u011fil y\u0131l i\u00e7erinde s\u0131k s\u0131k gelerek Muazzez \u0130lmiye \u00c7\u0131\u011f\u2019\u0131n engin fikirlerinden ve ya\u015fama sevincinden dest al\u0131yorum. Umutsuzlu\u011fa d\u00fc\u015ft\u00fc\u011f\u00fcm\u00fcz an bize y\u00fckledi\u011fi motivasyonla yeniden ayn\u0131 \u015fevk ve heyecanla doldurup yeniden ya\u015fama kat\u0131yor&#8221; diye konu\u015ftu.\u00a0<br \/>\n\u00c7\u0131\u011f\u2019\u0131n her d\u00f6nem \u00e7ok \u00f6nemli i\u015flere imza att\u0131\u011f\u0131n\u0131 vurgulayan Tarhan, \u201cDaha uzun y\u0131llar kendisinin g\u00f6r\u00fc\u015f ve \u00f6nerileri \u0131\u015f\u0131\u011f\u0131nda ayd\u0131nlanmaya devam etmek istiyoruz. Bu duygu ve d\u00fc\u015f\u00fcncelerle kutlamaya gelen herkese te\u015fekk\u00fcr ediyor, 107. ya\u015f\u0131n\u0131n mutluluk ve huzurla dolu hay\u0131rlara vesile olmas\u0131n\u0131 diliyorum\u201d ifadelerini kulland\u0131.\u00a0<\/p>\n","protected":false},"excerpt":{"rendered":"<p>Mersin&#8217;de ya\u015fayan \u00dcnl\u00fc S\u00fcmerelog ve tarih bilimci Muazzez \u0130lmiye \u00c7\u0131\u011f, 107. ya\u015f\u0131na dostlar\u0131 ve sevenleriyle birlikte &#8216;merhaba&#8217; dedi.\u00a0 Mezitli Belediyesi&#8217;nden yap\u0131lan a\u00e7\u0131klamaya g\u00f6re, korona vir\u00fcs tedbirleri kapsam\u0131nda aralar\u0131nda Mezitli Belediye &hellip; <a href=\"https:\/\/akdenizolaygazetesi.com\/?p=7345\" class=\"more-link\">Devam\u0131n\u0131 Oku&#8230;<\/a><\/p>\n","protected":false},"author":1,"featured_media":0,"comment_status":"open","ping_status":"open","sticky":false,"template":"","format":"standard","meta":[],"categories":[],"tags":[],"_links":{"self":[{"href":"https:\/\/akdenizolaygazetesi.com\/index.php?rest_route=\/wp\/v2\/posts\/7345"}],"collection":[{"href":"https:\/\/akdenizolaygazetesi.com\/index.php?rest_route=\/wp\/v2\/posts"}],"about":[{"href":"https:\/\/akdenizolaygazetesi.com\/index.php?rest_route=\/wp\/v2\/types\/post"}],"author":[{"embeddable":true,"href":"https:\/\/akdenizolaygazetesi.com\/index.php?rest_route=\/wp\/v2\/users\/1"}],"replies":[{"embeddable":true,"href":"https:\/\/akdenizolaygazetesi.com\/index.php?rest_route=%2Fwp%2Fv2%2Fcomments&post=7345"}],"version-history":[{"count":0,"href":"https:\/\/akdenizolaygazetesi.com\/index.php?rest_route=\/wp\/v2\/posts\/7345\/revisions"}],"wp:attachment":[{"href":"https:\/\/akdenizolaygazetesi.com\/index.php?rest_route=%2Fwp%2Fv2%2Fmedia&parent=7345"}],"wp:term":[{"taxonomy":"category","embeddable":true,"href":"https:\/\/akdenizolaygazetesi.com\/index.php?rest_route=%2Fwp%2Fv2%2Fcategories&post=7345"},{"taxonomy":"post_tag","embeddable":true,"href":"https:\/\/akdenizolaygazetesi.com\/index.php?rest_route=%2Fwp%2Fv2%2Ftags&post=7345"}],"curies":[{"name":"wp","href":"https:\/\/api.w.org\/{rel}","templated":true}]}}