{"id":7364,"date":"2020-11-04T18:27:49","date_gmt":"2020-11-04T15:27:49","guid":{"rendered":"http:\/\/mersinekonomipolitikagazetesi.com\/?p=7364"},"modified":"2020-11-04T18:27:49","modified_gmt":"2020-11-04T15:27:49","slug":"korona-emekli-polisin-icindeki-cevheri-ortaya-cikardi","status":"publish","type":"post","link":"https:\/\/akdenizolaygazetesi.com\/?p=7364","title":{"rendered":"Korona, emekli polisin i\u00e7indeki cevheri ortaya \u00e7\u0131kard\u0131"},"content":{"rendered":"<p>Mersin\u2019de ya\u015fayan emekli polis memuru \u00d6mer Tosun, korona vir\u00fcs salg\u0131n\u0131 nedeniyle eve kapand\u0131\u011f\u0131 yakla\u015f\u0131k 3 ayl\u0131k s\u00fcre\u00e7te tahta ve \u00e7\u0131tadan onlarca minyat\u00fcr eser yapt\u0131<\/p>\n<p><span style=\"line-height: 1.6em;\">Korona vir\u00fcs, Mersin\u2019de ya\u015fayan emekli polis memuru \u00d6mer Tosun\u2019un i\u00e7indeki cevheri ortaya \u00e7\u0131kard\u0131. Salg\u0131n nedeniyle eve kapanan 57 ya\u015f\u0131ndaki Tosun, yakla\u015f\u0131k 3 ayda tahta ve \u00e7\u0131tadan onlarca minyat\u00fcr eser yapt\u0131. Kirmen, \u00e7\u0131kr\u0131k, tahta be\u015fik gibi eskilerde kalm\u0131\u015f e\u015fyalar\u0131 yaparak, g\u00fcn\u00fcm\u00fczde de ya\u015fatmak istedi\u011fini belirten Tosun, \u201c&#8217;\u00c7ok g\u00fczel olmu\u015f&#8217; denmesi bana yeter\u201d dedi.\u00a0<\/span><\/p>\n<p>Mersin \u0130l Emniyet M\u00fcd\u00fcrl\u00fc\u011f\u00fcnden emekli \u00d6mer Tosun, merkez Yeni\u015fehir il\u00e7esindeki evinde, birbirinden g\u00fczel minyat\u00fcr eserler yap\u0131yor. Korona vir\u00fcs salg\u0131n\u0131 nedeniyle al\u0131nan \u00f6nlemler \u00e7er\u00e7evesinde eve kapanan emekli polis memuru Tosun, bu s\u00fcre\u00e7te evde bo\u015f oturup, televizyon izlemektense \u00e7ocuklu\u011fundan bu yana hobisi olan minyat\u00fcr eserler yapmaya ba\u015flad\u0131. Eserleri, korona vir\u00fcs\u00fcn (Covid-19) T\u00fcrkiye\u2019de ilk g\u00f6r\u00fcld\u00fc\u011f\u00fc 10 Mart tarihinden itibaren yapmaya ba\u015flayan Tosun, hem kendi \u00e7ocuklu\u011funa d\u00f6n\u00fcyor hem de art\u0131k \u00e7ok nadir kullan\u0131lan, eskilerde kalan e\u015fyalar\u0131 g\u00fcn\u00fcm\u00fcze ta\u015f\u0131yor. Tosun, bug\u00fcne kadar tahta, \u00e7\u0131ta, ip gibi malzemeler kullanarak, ismini \u2018Korona\u2019 koydu\u011fu bir gemi ile tahta be\u015fik, kirmen, \u00e7\u0131kr\u0131k, ta\u015f de\u011firmen, sandalye, piknik masas\u0131, saz gibi bir\u00e7ok minyat\u00fcr eser yapt\u0131.\u00a0<\/p>\n<p>\u201cKorona vir\u00fcs nedeniyle eve kapan\u0131nca bunlar\u0131 yapmaya ba\u015flad\u0131m\u201d\u00a0<br \/>\nEl becerisi isteyen bu t\u00fcr sanat \u00e7al\u0131\u015fmalar\u0131na yatk\u0131nl\u0131\u011f\u0131 \u00e7ocuklu\u011fundan ba\u015flayan ve daha 6 ya\u015f\u0131ndayken teneke ve tahtadan kendi oyuncaklar\u0131n\u0131 yapan \u00d6mer Tosun, korona vir\u00fcs s\u00fcrecinde ortaya \u00e7\u0131kard\u0131\u011f\u0131 minyat\u00fcr eserleri, oturdu\u011fu sitenin bah\u00e7esinde \u0130HA i\u00e7in sergiledi. Bu hobiye ba\u015flama ser\u00fcvenini anlatan Tosun, \u201c10 Mart 1963 do\u011fumluyum, Malum korona T\u00fcrkiye\u2019de 10 Mart\u2019ta ba\u015flad\u0131 ve eve kapand\u0131k. Kapanm\u0131\u015fken de yapacak bir \u015fey yok, ya han\u0131mla kavga edeceksin ya da bir \u015fey yapacaks\u0131n. Korona vir\u00fcs nedeniyle eve kapan\u0131nca bunlar\u0131 yapmaya ba\u015flad\u0131m. Daha \u00f6nceden de ara s\u0131ra bu t\u00fcr el i\u015fleri yap\u0131yordum. \u00c7ocuklu\u011fumda kendi oyuncaklar\u0131m\u0131 kendim yapard\u0131m. Akl\u0131ma d\u00fc\u015ft\u00fc. Marangozdan ince \u00e7\u0131talar ald\u0131m, bunlar\u0131 tek tek birle\u015ftirdim, boyad\u0131m\u201d diye konu\u015ftu.\u00a0<\/p>\n<p>&#8220;Bu tekne de bu g\u00fcnlerden hat\u0131ra kalacak&#8221;\u00a0<br \/>\n\u0130smini \u2018Korona\u2019 koydu\u011fu, arkas\u0131na Covid-19 yazd\u0131\u011f\u0131 ve konteyner y\u00fcklerini bile ekledi\u011fi bir minyat\u00fcr gemi de yapan Tosun, gemiyi iki ayda bitirdi\u011fini s\u00f6yledi. Tosun, \u201c\u00c7in\u2019den \u00e7\u0131kt\u0131 korona, T\u00fcrkiye\u2019ye geldi ve T\u00fcrkiye\u2019de duraklama d\u00f6nemine girdi. \u2018Bu hastal\u0131kla bu bo\u015f zaman b\u00fct\u00fcnle\u015fsin, bir \u00fcr\u00fcn ortaya \u00e7\u0131ks\u0131n. Burada kals\u0131n korona\u2019 dedim. Bunu anlatmaya \u00e7al\u0131\u015ft\u0131m. G\u00fczel bir eser oldu. Gemiyi, \u00c7ukurova \u00dcniversitesinde \u00f6\u011fretim g\u00f6revlisi olan o\u011fluma hediye ettim. T\u00fcrkiye\u2019de de gidi\u015fat iyi. Herkesin de bu konuda dikkat etmesi laz\u0131m. Herkes maskesini taks\u0131n, temizli\u011fe riayet etsin. \u0130n\u015fallah bu dertten kurtuluruz. Bu gemi de bu g\u00fcnlerden hat\u0131ra kalacak. Belki ileride torunlar, \u2018Dedemiz korona hastal\u0131\u011f\u0131ndan dolay\u0131 korona gemisi yapt\u0131\u2019 derse yeter bize\u201d ifadelerini kulland\u0131.\u00a0<\/p>\n<p>\u201c\u2018\u00c7ok g\u00fczel olmu\u015f\u2019 deniyorsa, bu yeter bana\u201d\u00a0<br \/>\nMinyat\u00fcr eserlerin tamam\u0131n\u0131 10 Mart\u2019tan itibaren bug\u00fcne kadar ge\u00e7en s\u00fcrede yapt\u0131\u011f\u0131n\u0131, yapmaya da devam edece\u011fini vurgulayan Tosun, \u015funlar\u0131 s\u00f6yledi:\u00a0<br \/>\n\u201cBaz\u0131lar\u0131n\u0131 hediye ettim. Hediye isteyen \u00e7ok arkada\u015f var. Merakl\u0131s\u0131 \u00e7ok. Yap\u0131p isteyenlere hediye edebilirim. Yapt\u0131\u011f\u0131m eserlerle \u00e7ocukluk g\u00fcnlerime yeniden d\u00f6nd\u00fcm. \u015eimdiki \u00e7ocuklar bu t\u00fcr el i\u015flerini bilmezler; internette oyun oynamaktan ba\u015fka bir \u015feyleri yok. Tabi ki \u00e7ocuklu\u011fumu \u00f6zl\u00fcyorum. Bunlarla u\u011fra\u015fmak g\u00fczel bir \u015fey. Bu eserleri ortaya \u00e7\u0131kard\u0131ktan sonra \u2018\u00c7ok g\u00fczel olmu\u015f\u2019 deniyorsa, bu yeter bana. \u00d6nemli olan o.\u201d\u00a0<\/p>\n","protected":false},"excerpt":{"rendered":"<p>Mersin\u2019de ya\u015fayan emekli polis memuru \u00d6mer Tosun, korona vir\u00fcs salg\u0131n\u0131 nedeniyle eve kapand\u0131\u011f\u0131 yakla\u015f\u0131k 3 ayl\u0131k s\u00fcre\u00e7te tahta ve \u00e7\u0131tadan onlarca minyat\u00fcr eser yapt\u0131 Korona vir\u00fcs, Mersin\u2019de ya\u015fayan emekli polis &hellip; <a href=\"https:\/\/akdenizolaygazetesi.com\/?p=7364\" class=\"more-link\">Devam\u0131n\u0131 Oku&#8230;<\/a><\/p>\n","protected":false},"author":1,"featured_media":0,"comment_status":"open","ping_status":"open","sticky":false,"template":"","format":"standard","meta":[],"categories":[],"tags":[],"_links":{"self":[{"href":"https:\/\/akdenizolaygazetesi.com\/index.php?rest_route=\/wp\/v2\/posts\/7364"}],"collection":[{"href":"https:\/\/akdenizolaygazetesi.com\/index.php?rest_route=\/wp\/v2\/posts"}],"about":[{"href":"https:\/\/akdenizolaygazetesi.com\/index.php?rest_route=\/wp\/v2\/types\/post"}],"author":[{"embeddable":true,"href":"https:\/\/akdenizolaygazetesi.com\/index.php?rest_route=\/wp\/v2\/users\/1"}],"replies":[{"embeddable":true,"href":"https:\/\/akdenizolaygazetesi.com\/index.php?rest_route=%2Fwp%2Fv2%2Fcomments&post=7364"}],"version-history":[{"count":0,"href":"https:\/\/akdenizolaygazetesi.com\/index.php?rest_route=\/wp\/v2\/posts\/7364\/revisions"}],"wp:attachment":[{"href":"https:\/\/akdenizolaygazetesi.com\/index.php?rest_route=%2Fwp%2Fv2%2Fmedia&parent=7364"}],"wp:term":[{"taxonomy":"category","embeddable":true,"href":"https:\/\/akdenizolaygazetesi.com\/index.php?rest_route=%2Fwp%2Fv2%2Fcategories&post=7364"},{"taxonomy":"post_tag","embeddable":true,"href":"https:\/\/akdenizolaygazetesi.com\/index.php?rest_route=%2Fwp%2Fv2%2Ftags&post=7364"}],"curies":[{"name":"wp","href":"https:\/\/api.w.org\/{rel}","templated":true}]}}