{"id":7384,"date":"2020-11-04T18:27:50","date_gmt":"2020-11-04T15:27:50","guid":{"rendered":"http:\/\/mersinekonomipolitikagazetesi.com\/?p=7384"},"modified":"2020-11-04T18:27:50","modified_gmt":"2020-11-04T15:27:50","slug":"vatandas-kollari-sivadi-3-haftadir-sahili-temizliyor","status":"publish","type":"post","link":"https:\/\/akdenizolaygazetesi.com\/?p=7384","title":{"rendered":"Vatanda\u015f kollar\u0131 s\u0131vad\u0131, 3 haftad\u0131r sahili temizliyor"},"content":{"rendered":"<p>Mersin\u2019in merkez Mezitli il\u00e7esinde g\u00f6n\u00fcll\u00fc vatanda\u015flar \u2018Birlikte kirletti\u011fimiz alanlar\u0131 birlikte temizliyoruz\u2019 kampanyas\u0131 ba\u015flatt\u0131<\/p>\n<p><span style=\"line-height: 1.6em;\">Mersin\u2019de g\u00f6n\u00fcll\u00fc vatanda\u015flar kollar\u0131 s\u0131vad\u0131, sahili temizlemeye ba\u015flad\u0131. Merkez il\u00e7e Mezitli Belediyesi g\u00f6n\u00fcll\u00fclerinin ba\u015flatt\u0131\u011f\u0131 \u2018Birlikte kirletti\u011fimiz alanlar\u0131 birlikte temizliyoruz\u2019 kampanyas\u0131 \u00e7\u0131\u011f gibi b\u00fcy\u00fcrken, Davultepe b\u00f6lgesinde 3 haftad\u0131r yap\u0131lan sahil temizli\u011finde, kumsala at\u0131lan \u00e7\u00f6pler ve at\u0131klarla ot ve yosunlar da toplan\u0131yor.\u00a0<\/span><\/p>\n<p>Mersin\u2019in merkez il\u00e7e Mezitli Belediyesinin g\u00f6n\u00fcll\u00fcleri, sahile at\u0131lan \u00e7\u00f6plere isyan ederek temizlik kampanyas\u0131 ba\u015flatt\u0131. \u2018Birlikte kirletti\u011fimiz alanlar\u0131 birlikte temizliyoruz\u2019 kampanyas\u0131 \u00e7er\u00e7evesinde 3 hafta \u00f6nce Davultepe Mahallesi sahilinde temizlik yapmaya ba\u015flayan g\u00f6n\u00fcll\u00fclerin say\u0131s\u0131 her ge\u00e7en g\u00fcn artt\u0131. Sahil temizli\u011fi kampanyas\u0131na son olarak Akdeniz G\u00f6n\u00fcll\u00fc Evi sakinleri de kat\u0131ld\u0131. 7\u2019den 70\u2019e onlarca g\u00f6n\u00fcll\u00fc el ele vererek sahilde \u00e7\u00f6p, kal\u0131nt\u0131 ve at\u0131k temizli\u011fi yapt\u0131. \u00c7\u00f6plerin yan\u0131 s\u0131ra rahats\u0131zl\u0131k veren ot ve yosunlar\u0131 da temizleyen g\u00f6n\u00fcll\u00fclere Mezitli Belediyesinin Temizlik \u0130\u015fleri M\u00fcd\u00fcrl\u00fc\u011f\u00fc ekipleri destek verdi.\u00a0<br \/>\n\u00c7\u00f6p toplama esnas\u0131nda baz\u0131 vatanda\u015flar, ald\u0131rmadan sahilde g\u00fcne\u015flenmeye ve denize girmeye devam ederken, baz\u0131lar\u0131 da temizli\u011fe yard\u0131m etti. \u0130ki saat boyunca yap\u0131lan temizlikte y\u00fczlerce kilo \u00e7\u00f6p toplanarak belediye ekiplerine teslim edildi.\u00a0<\/p>\n<p>\u201cTemizleye temizleye bu k\u00fclt\u00fcr\u00fc herkese \u00f6\u011fretece\u011fiz\u201d\u00a0<br \/>\nAkdeniz Mahallesi G\u00f6n\u00fcll\u00fc Evi Sorumlusu Asiye Erdener G\u00fcrses, d\u00fczenledikleri kampanya ile ilgili bilgi verdi. Belediyenin katk\u0131lar\u0131yla sahil temizli\u011fi yapmak i\u00e7in kollar\u0131 s\u0131vad\u0131klar\u0131n\u0131 belirten G\u00fcrses, \u201cAsl\u0131nda sahillerin kirlenmesi sosyal bir mesele. Sahillerden faydalananlar buldu\u011fu gibi b\u0131raksa, \u00e7\u00f6p\u00fcn\u00fc yere atmasa hi\u00e7bir temizli\u011fe gerek kalmayacak. Ama maalesef i\u00e7ti\u011fi suyun \u015fi\u015fesini, \u00e7ocu\u011funun de\u011fi\u015ftirdi\u011fi bezini oldu\u011fu gibi yere at\u0131p gidiyor. Bu, kentlilik k\u00fclt\u00fcr\u00fcne sahip olmad\u0131\u011f\u0131m\u0131z\u0131n g\u00f6stergesidir. Ama buralar\u0131 temizleye temizleye bu k\u00fclt\u00fcr\u00fc herkese \u00f6\u011fretece\u011fiz. Onlar kirlettik\u00e7e bizler temizlemeye devam edece\u011fiz. Ta ki bu k\u00fclt\u00fcr\u00fc herkese yayg\u0131nla\u015ft\u0131r\u0131ncaya kadar devam edece\u011fiz. Ya \u00f6\u011frenecekler ya \u00f6\u011frenecekler. Temiz ve sa\u011fl\u0131kl\u0131 bir Mezitli i\u00e7in \u00e7al\u0131\u015faca\u011f\u0131z\u201d dedi.\u00a0<\/p>\n<p>\u201cHerkes ayn\u0131 duyarl\u0131l\u0131\u011f\u0131 kazan\u0131ncaya kadar vazge\u00e7meyece\u011fiz\u201d\u00a0<br \/>\nKampanyaya b\u00fcy\u00fck fedakarl\u0131klarla kat\u0131lan herkese te\u015fekk\u00fcr eden G\u00fcrses, \u201cOnkolojik bir ameliyat ge\u00e7irmesine kar\u015f\u0131n temizlik kampanyas\u0131nda yer alarak g\u00f6n\u00fcll\u00fclere destek olan, esnafl\u0131k yapan, s\u0131nava girecek olan \u00e7ocu\u011funu evde b\u0131rak\u0131p gelerek fedakarca yan\u0131m\u0131zda olan arkada\u015flar\u0131m\u0131z var. Ama bu sahile keyif i\u00e7in gelenler bu duyarl\u0131l\u0131\u011fa sahip olmuyorlar. Herkes ayn\u0131 duyarl\u0131l\u0131\u011f\u0131 kazan\u0131ncaya kadar vazge\u00e7meyece\u011fiz\u201d diye konu\u015ftu.\u00a0<\/p>\n<p>\u201cSa\u011fl\u0131k i\u00e7in temiz bir insanl\u0131k istiyorum\u201d\u00a0<br \/>\nGe\u00e7irdi\u011fi a\u011f\u0131r ameliyata ra\u011fmen sahile gelerek temizlik yapan Havva I\u015f\u0131k da \u201cSa\u011fl\u0131k i\u00e7in temiz bir do\u011fa, temiz bir \u00e7evre, temiz bir insanl\u0131k istiyorum. Bu yolda elimden gelen her \u015feyi yapmaya haz\u0131r\u0131m. Herkesin \u00e7\u00f6p\u00fcn\u00fc yerlere de\u011fil, \u00e7\u00f6p kutular\u0131na atmas\u0131 bir insanl\u0131k g\u00f6revidir\u201d ifadelerine yer verdi.\u00a0<br \/>\nAkdeniz Mahallesi sakinlerinden Fatma A\u00e7\u0131kba\u015f ise temiz bir \u00e7evrede ya\u015famak i\u00e7in herkese b\u00fcy\u00fck g\u00f6revler d\u00fc\u015ft\u00fc\u011f\u00fcne vurgu yaparak, \u201cHer \u015feyi yetkililerden beklememek gerekiyor. Vatanda\u015f olarak bizim de yapabilece\u011fimiz \u015feyler var; \u00e7evremizi kirletmemek, yerlere \u00e7\u00f6p atmamak gibi. Maalesef her \u015feyin ba\u015f\u0131 e\u011fitim. Herkes bulmak istedi\u011fi \u015fekilde b\u0131rak\u0131rsa hi\u00e7bir sorun ya\u015fanmaz\u201d ifadelerini kulland\u0131.\u00a0<\/p>\n<p>\u201cMezitli halk\u0131, bir kez daha fark\u0131n\u0131 ortaya koydu\u201d\u00a0<br \/>\nMezitli Belediye Ba\u015fkan\u0131 Ne\u015fet Tarhan, kampanyayla ilgili yapt\u0131\u011f\u0131 a\u00e7\u0131klamada, vatanda\u015flar\u0131n, kulland\u0131klar\u0131 alanlar\u0131n temizlenmesi konusunda belediyeye destek vermeye devam ettiklerini vurgulad\u0131. Sergiledikleri bu duyarl\u0131 davran\u0131\u015f dolay\u0131s\u0131yla vatanda\u015flara te\u015fekk\u00fcr eden Tarhan, \u201cMezitli halk\u0131, her alanda oldu\u011fu gibi ortak kullan\u0131m alanlar\u0131n\u0131 da temizlerken belediyesine destek vererek bir kez daha fark\u0131n\u0131 ortaya koymaya devam ediyor. Her ya\u015ftan onlarca vatanda\u015f\u0131m\u0131z, hafta sonunu sahillerini temizleyerek de\u011ferlendiriyor\u201d dedi.\u00a0<br \/>\nMezitli Belediyesinin en b\u00fcy\u00fck g\u00fcc\u00fcn\u00fcn vatanda\u015flar\u0131n\u0131n g\u00fcveni ve deste\u011fi oldu\u011funu kaydeden Tarhan, \u201cVatanda\u015f\u0131m\u0131z\u0131n bu deste\u011fi Mezitli Belediyemize hem ekonomik hem de sosyal destek olarak d\u00f6nmektedir. Her vatanda\u015f belediyesine ve ba\u015fkan\u0131na g\u00fcveniyor ve g\u00fcc\u00fcne g\u00f6re destek oluyor. Bu vatanda\u015flar\u0131m\u0131z da temizlik alan\u0131nda belediyesine destek olmak istedi. Mezitli Belediyesi vatanda\u015flar\u0131yla daha g\u00fc\u00e7l\u00fc. Belediyesine destek olmak i\u00e7in kollar\u0131 s\u0131vayarak \u00e7evre temizli\u011fi yapan t\u00fcm vatanda\u015flar\u0131m\u0131za te\u015fekk\u00fcr ederim\u201d diye konu\u015ftu.\u00a0<\/p>\n","protected":false},"excerpt":{"rendered":"<p>Mersin\u2019in merkez Mezitli il\u00e7esinde g\u00f6n\u00fcll\u00fc vatanda\u015flar \u2018Birlikte kirletti\u011fimiz alanlar\u0131 birlikte temizliyoruz\u2019 kampanyas\u0131 ba\u015flatt\u0131 Mersin\u2019de g\u00f6n\u00fcll\u00fc vatanda\u015flar kollar\u0131 s\u0131vad\u0131, sahili temizlemeye ba\u015flad\u0131. Merkez il\u00e7e Mezitli Belediyesi g\u00f6n\u00fcll\u00fclerinin ba\u015flatt\u0131\u011f\u0131 \u2018Birlikte kirletti\u011fimiz alanlar\u0131 &hellip; <a href=\"https:\/\/akdenizolaygazetesi.com\/?p=7384\" class=\"more-link\">Devam\u0131n\u0131 Oku&#8230;<\/a><\/p>\n","protected":false},"author":1,"featured_media":0,"comment_status":"open","ping_status":"open","sticky":false,"template":"","format":"standard","meta":[],"categories":[],"tags":[],"_links":{"self":[{"href":"https:\/\/akdenizolaygazetesi.com\/index.php?rest_route=\/wp\/v2\/posts\/7384"}],"collection":[{"href":"https:\/\/akdenizolaygazetesi.com\/index.php?rest_route=\/wp\/v2\/posts"}],"about":[{"href":"https:\/\/akdenizolaygazetesi.com\/index.php?rest_route=\/wp\/v2\/types\/post"}],"author":[{"embeddable":true,"href":"https:\/\/akdenizolaygazetesi.com\/index.php?rest_route=\/wp\/v2\/users\/1"}],"replies":[{"embeddable":true,"href":"https:\/\/akdenizolaygazetesi.com\/index.php?rest_route=%2Fwp%2Fv2%2Fcomments&post=7384"}],"version-history":[{"count":0,"href":"https:\/\/akdenizolaygazetesi.com\/index.php?rest_route=\/wp\/v2\/posts\/7384\/revisions"}],"wp:attachment":[{"href":"https:\/\/akdenizolaygazetesi.com\/index.php?rest_route=%2Fwp%2Fv2%2Fmedia&parent=7384"}],"wp:term":[{"taxonomy":"category","embeddable":true,"href":"https:\/\/akdenizolaygazetesi.com\/index.php?rest_route=%2Fwp%2Fv2%2Fcategories&post=7384"},{"taxonomy":"post_tag","embeddable":true,"href":"https:\/\/akdenizolaygazetesi.com\/index.php?rest_route=%2Fwp%2Fv2%2Ftags&post=7384"}],"curies":[{"name":"wp","href":"https:\/\/api.w.org\/{rel}","templated":true}]}}