{"id":7385,"date":"2020-11-04T18:27:51","date_gmt":"2020-11-04T15:27:51","guid":{"rendered":"http:\/\/mersinekonomipolitikagazetesi.com\/?p=7385"},"modified":"2020-11-04T18:27:51","modified_gmt":"2020-11-04T15:27:51","slug":"coklu-baro-sistemi-icin-tek-basina-eylem-yapti","status":"publish","type":"post","link":"https:\/\/akdenizolaygazetesi.com\/?p=7385","title":{"rendered":"\u00c7oklu baro sistemi i\u00e7in tek ba\u015f\u0131na eylem yapt\u0131"},"content":{"rendered":"<p><span style=\"line-height: 1.6em;\">Mersin&#8217;de avukatl\u0131k yapan \u0130zzet Y\u0131ld\u0131r\u0131m, &#8216;\u00e7oklu baro sistemi&#8217; i\u00e7in adliye bah\u00e7esinde eylem yapt\u0131. \u00c7oklu baro sisteminin bir\u00e7ok \u00fclkede oldu\u011funu s\u00f6yleyen Y\u0131ld\u0131r\u0131m, T\u00fcrkiye&#8217;de de olabilece\u011fini s\u00f6yledi.\u00a0<\/span><\/p>\n<p>Son g\u00fcnlerde g\u00fcndem olan &#8216;\u00e7oklu baro sistemi&#8217; ile ilgili tart\u0131\u015fmalar s\u00fcrerken, Mersin&#8217;de bir avukat sistemin gelmesi i\u00e7in tek ba\u015f\u0131na eylem yapt\u0131. Mersin Adalet Saray\u0131 bah\u00e7esinde &#8216;\u00e7oklu baro sistemine evet&#8217; yaz\u0131l\u0131 pankartla eylem yapan avukat \u0130zzet Y\u0131ld\u0131r\u0131m, sistemin T\u00fcrkiye&#8217;de uygulanmas\u0131n\u0131 istedi.\u00a0<br \/>\nYapt\u0131\u011f\u0131 eylemle ilgili gazetecilere a\u00e7\u0131klamalarda bulunan \u0130zzet Y\u0131ld\u0131r\u0131m, 2018 y\u0131l\u0131nda Mersin Barosunda yap\u0131lan se\u00e7imlere gitmedi\u011fini s\u00f6yledi. Kendi d\u00fc\u015f\u00fcncesini payla\u015fan bir aday olmamas\u0131ndan dolay\u0131 se\u00e7ime kat\u0131lmad\u0131\u011f\u0131n\u0131 dile getiren Y\u0131ld\u0131r\u0131m, \u201cBenimle beraber 700\u2019\u00fcn \u00fczerinde meslekta\u015f\u0131m oy kullanmaya gitmedi. Birden \u00e7ok baro olursa her avukat\u0131n kendi d\u00fc\u015f\u00fcncelerini, hayallerini, ideallerini payla\u015fan barolar olaca\u011f\u0131na inan\u0131yorum. O y\u00fczden buraday\u0131m. \u00c7oklu baro sistemi Almanya, Amerika, Fransa ve \u0130ngiltere\u2019de de var. Fransa\u2019da en k\u00fc\u00e7\u00fck baronun 9, en b\u00fcy\u00fck baronun 25 bin \u00fcyesi var. Mersin\u2019de de birden \u00e7ok baro olmal\u0131d\u0131r. Birde bu \u00e7oklu baro sistemiyle alakal\u0131 tasla\u011f\u0131n daha bir maddesi bile ortada yok. Bunun neyine itiraz ediyorsunuz ki. Ortada hi\u00e7 olmayan bir \u015feye itiraz edilmez. Barolar bu \u00e7oklu baro sistemine fiili olarak kat\u0131l\u0131p, bunun gerekli y\u00f6nlendirmesini yapmal\u0131d\u0131r\u201d diye konu\u015ftu.\u00a0<br \/>\nAvukatl\u0131k mesle\u011finde se\u00e7imden \u00f6nce daha b\u00fcy\u00fck sorunlar oldu\u011funu vurgulayan Y\u0131ld\u0131r\u0131m, \u201c\u015eu anki mevcut barolar \u00f6zellikle avukatlar\u0131n ger\u00e7ekten haklar\u0131n\u0131 korumaktan uzakt\u0131r. \u00c7\u00fcnk\u00fc zaten hali haz\u0131rda y\u00fczden fazla hukuk fak\u00fcltesi a\u00e7\u0131lm\u0131\u015ft\u0131r. Her y\u0131l barolara y\u00fczlerce avukat kat\u0131lmaktad\u0131r. Bu \u015fekilde devam ederse, hukuk fak\u00fclteleri bu \u015fekilde mezun verirse, avukat say\u0131s\u0131 bu \u015fekilde artmaya devam ederse g\u00fcn gelecek meslekta\u015flar\u0131m\u0131z pazar\u0131n k\u00f6\u015fesinde limon, maydanoz satmak zorunda kalacaklard\u0131. Barolar\u0131n \u015fu anda en b\u00fcy\u00fck meselesi hukuk fak\u00fcltelerinin bu kadar \u00e7ok mezun vermesinin \u00f6nlenmesi olmal\u0131d\u0131r\u201d \u015feklinde konu\u015ftu.\u00a0<\/p>\n","protected":false},"excerpt":{"rendered":"<p>Mersin&#8217;de avukatl\u0131k yapan \u0130zzet Y\u0131ld\u0131r\u0131m, &#8216;\u00e7oklu baro sistemi&#8217; i\u00e7in adliye bah\u00e7esinde eylem yapt\u0131. \u00c7oklu baro sisteminin bir\u00e7ok \u00fclkede oldu\u011funu s\u00f6yleyen Y\u0131ld\u0131r\u0131m, T\u00fcrkiye&#8217;de de olabilece\u011fini s\u00f6yledi.\u00a0 Son g\u00fcnlerde g\u00fcndem olan &#8216;\u00e7oklu &hellip; <a href=\"https:\/\/akdenizolaygazetesi.com\/?p=7385\" class=\"more-link\">Devam\u0131n\u0131 Oku&#8230;<\/a><\/p>\n","protected":false},"author":1,"featured_media":0,"comment_status":"open","ping_status":"open","sticky":false,"template":"","format":"standard","meta":[],"categories":[],"tags":[],"_links":{"self":[{"href":"https:\/\/akdenizolaygazetesi.com\/index.php?rest_route=\/wp\/v2\/posts\/7385"}],"collection":[{"href":"https:\/\/akdenizolaygazetesi.com\/index.php?rest_route=\/wp\/v2\/posts"}],"about":[{"href":"https:\/\/akdenizolaygazetesi.com\/index.php?rest_route=\/wp\/v2\/types\/post"}],"author":[{"embeddable":true,"href":"https:\/\/akdenizolaygazetesi.com\/index.php?rest_route=\/wp\/v2\/users\/1"}],"replies":[{"embeddable":true,"href":"https:\/\/akdenizolaygazetesi.com\/index.php?rest_route=%2Fwp%2Fv2%2Fcomments&post=7385"}],"version-history":[{"count":0,"href":"https:\/\/akdenizolaygazetesi.com\/index.php?rest_route=\/wp\/v2\/posts\/7385\/revisions"}],"wp:attachment":[{"href":"https:\/\/akdenizolaygazetesi.com\/index.php?rest_route=%2Fwp%2Fv2%2Fmedia&parent=7385"}],"wp:term":[{"taxonomy":"category","embeddable":true,"href":"https:\/\/akdenizolaygazetesi.com\/index.php?rest_route=%2Fwp%2Fv2%2Fcategories&post=7385"},{"taxonomy":"post_tag","embeddable":true,"href":"https:\/\/akdenizolaygazetesi.com\/index.php?rest_route=%2Fwp%2Fv2%2Ftags&post=7385"}],"curies":[{"name":"wp","href":"https:\/\/api.w.org\/{rel}","templated":true}]}}