{"id":7404,"date":"2020-11-04T18:27:51","date_gmt":"2020-11-04T15:27:51","guid":{"rendered":"http:\/\/mersinekonomipolitikagazetesi.com\/?p=7404"},"modified":"2020-11-04T18:27:51","modified_gmt":"2020-11-04T15:27:51","slug":"mersinde-15-gecici-isci-alimina-2-bin-636-kisi-basvurdu","status":"publish","type":"post","link":"https:\/\/akdenizolaygazetesi.com\/?p=7404","title":{"rendered":"Mersin\u2019de 15 ge\u00e7ici i\u015f\u00e7i al\u0131m\u0131na 2 bin 636 ki\u015fi ba\u015fvurdu"},"content":{"rendered":"<p><span style=\"line-height: 1.6em;\">Mersin\u2019de, Orman B\u00f6lge M\u00fcd\u00fcrl\u00fc\u011f\u00fc b\u00fcnyesinde orman yang\u0131nlar\u0131yla m\u00fccadele hizmetlerinde \u00e7al\u0131\u015ft\u0131r\u0131lmak \u00fczere al\u0131nacak 15 ge\u00e7ici i\u015f\u00e7iden biri olabilmek i\u00e7in 2 bin 636 ki\u015fi ba\u015fvurdu. Kuyuluk Orman Deposunda noter huzurunda yap\u0131lan \u00e7ekili\u015fle i\u015fe ba\u015flayacak i\u015f\u00e7iler belirlendi.\u00a0<\/span><\/p>\n<p>Mersin Orman B\u00f6lge M\u00fcd\u00fcrl\u00fc\u011f\u00fcnden yap\u0131lan a\u00e7\u0131klamaya g\u00f6re, Orman Genel M\u00fcd\u00fcrl\u00fc\u011f\u00fcnce orman yang\u0131nlar\u0131yla m\u00fccadele hizmetlerinde \u00e7al\u0131\u015ft\u0131r\u0131lmak \u00fczere Mersin\u2019de i\u015fe al\u0131nacak 15 ge\u00e7ici i\u015f\u00e7i i\u00e7in \u0130\u015eKUR \u0130l M\u00fcd\u00fcrl\u00fc\u011f\u00fcnce \u00e7\u0131k\u0131lan ilana binlerce ki\u015fi ba\u015fvurdu. \u015eartlar\u0131 tutan 2 bin 636 ki\u015filik liste, \u0130\u015eKUR \u0130l M\u00fcd\u00fcrl\u00fc\u011f\u00fc taraf\u0131ndan Orman B\u00f6lge M\u00fcd\u00fcrl\u00fc\u011f\u00fcne g\u00f6nderildi. 15 ge\u00e7ici i\u015f\u00e7inin belirlenmesi i\u00e7in d\u00fcn Kuyuluk Orman Deposunda noter huzurunda adaylar\u0131n kat\u0131l\u0131m\u0131yla kura \u00e7ekimi yap\u0131ld\u0131.\u00a0<br \/>\n\u00c7ekili\u015f \u00f6ncesinde konu\u015fma yapan B\u00f6lge M\u00fcd\u00fcr Yard\u0131mc\u0131s\u0131 Mehmet Fulin, gerek asil ve yedek \u00fcye say\u0131lar\u0131 gerekse devam edecek takvim s\u00fcresi ile ilgili bilgiler verdikten sonra te\u015fkilata kat\u0131lacak adaylara \u015fimdiden hay\u0131rl\u0131 olsun temennisinde bulundu. \u00c7ekili\u015fe Personel \u015eube M\u00fcd\u00fcr\u00fc Mustafa \u00d6cal, Personel \u015eefi \u00c7a\u011flar Kuyucu, M\u00fcd\u00fcr Yard\u0131mc\u0131s\u0131 Muhammet K\u00f6se, \u015fefler ve \u00e7ok say\u0131da g\u00f6revli kat\u0131ld\u0131.\u00a0<br \/>\nDaha sonra yap\u0131lan \u00e7ekili\u015fle Mersin\u2019de orman yang\u0131nlar\u0131yla m\u00fccadelede \u00e7al\u0131\u015facak 15 ge\u00e7ici i\u015f\u00e7i belirlendi.\u00a0<\/p>\n","protected":false},"excerpt":{"rendered":"<p>Mersin\u2019de, Orman B\u00f6lge M\u00fcd\u00fcrl\u00fc\u011f\u00fc b\u00fcnyesinde orman yang\u0131nlar\u0131yla m\u00fccadele hizmetlerinde \u00e7al\u0131\u015ft\u0131r\u0131lmak \u00fczere al\u0131nacak 15 ge\u00e7ici i\u015f\u00e7iden biri olabilmek i\u00e7in 2 bin 636 ki\u015fi ba\u015fvurdu. Kuyuluk Orman Deposunda noter huzurunda yap\u0131lan \u00e7ekili\u015fle &hellip; <a href=\"https:\/\/akdenizolaygazetesi.com\/?p=7404\" class=\"more-link\">Devam\u0131n\u0131 Oku&#8230;<\/a><\/p>\n","protected":false},"author":1,"featured_media":0,"comment_status":"open","ping_status":"open","sticky":false,"template":"","format":"standard","meta":[],"categories":[],"tags":[],"_links":{"self":[{"href":"https:\/\/akdenizolaygazetesi.com\/index.php?rest_route=\/wp\/v2\/posts\/7404"}],"collection":[{"href":"https:\/\/akdenizolaygazetesi.com\/index.php?rest_route=\/wp\/v2\/posts"}],"about":[{"href":"https:\/\/akdenizolaygazetesi.com\/index.php?rest_route=\/wp\/v2\/types\/post"}],"author":[{"embeddable":true,"href":"https:\/\/akdenizolaygazetesi.com\/index.php?rest_route=\/wp\/v2\/users\/1"}],"replies":[{"embeddable":true,"href":"https:\/\/akdenizolaygazetesi.com\/index.php?rest_route=%2Fwp%2Fv2%2Fcomments&post=7404"}],"version-history":[{"count":0,"href":"https:\/\/akdenizolaygazetesi.com\/index.php?rest_route=\/wp\/v2\/posts\/7404\/revisions"}],"wp:attachment":[{"href":"https:\/\/akdenizolaygazetesi.com\/index.php?rest_route=%2Fwp%2Fv2%2Fmedia&parent=7404"}],"wp:term":[{"taxonomy":"category","embeddable":true,"href":"https:\/\/akdenizolaygazetesi.com\/index.php?rest_route=%2Fwp%2Fv2%2Fcategories&post=7404"},{"taxonomy":"post_tag","embeddable":true,"href":"https:\/\/akdenizolaygazetesi.com\/index.php?rest_route=%2Fwp%2Fv2%2Ftags&post=7404"}],"curies":[{"name":"wp","href":"https:\/\/api.w.org\/{rel}","templated":true}]}}