{"id":7405,"date":"2020-11-04T18:27:53","date_gmt":"2020-11-04T15:27:53","guid":{"rendered":"http:\/\/mersinekonomipolitikagazetesi.com\/?p=7405"},"modified":"2020-11-04T18:27:53","modified_gmt":"2020-11-04T15:27:53","slug":"mersinde-yatirimcilara-istihdam-seferberligi-tesvikleri-anlatildi","status":"publish","type":"post","link":"https:\/\/akdenizolaygazetesi.com\/?p=7405","title":{"rendered":"Mersin&#8217;de yat\u0131r\u0131mc\u0131lara, istihdam seferberli\u011fi te\u015fvikleri anlat\u0131ld\u0131"},"content":{"rendered":"<p><span style=\"line-height: 1.6em;\">Mersin\u2019de \u2018Buras\u0131 Mersin, burada i\u015f var\u2019 slogan\u0131yla devam eden \u2018\u0130stihdam Seferberli\u011fi 2020\u2019 kapsam\u0131nda yat\u0131r\u0131mc\u0131lara, 2020 te\u015fvikleri online olarak anlat\u0131ld\u0131.\u00a0<\/span><\/p>\n<p>Mersin \u00c7al\u0131\u015fma ve \u0130\u015f Kurumu \u0130l M\u00fcd\u00fcrl\u00fc\u011f\u00fc kurumsal instagram kanal\u0131nda canl\u0131 yay\u0131nda ger\u00e7ekle\u015ftirilen seminere, Mersin Yat\u0131r\u0131mc\u0131 \u0130\u015f \u0130nsanlar\u0131 Derne\u011fi \u00fcyesi i\u015fyeri yetkilileri kat\u0131ld\u0131.\u00a0<br \/>\nMersin \u00c7al\u0131\u015fma ve \u0130\u015f Kurumu \u0130\u015f ve Meslek Dan\u0131\u015fmanlar\u0131 taraf\u0131ndan &#8216;Te\u015fvikler ve \u0130\u015eKUR uygulamalar\u0131, k\u0131sa \u00e7al\u0131\u015fma \u00f6dene\u011fi, nakdi \u00fccret deste\u011fi&#8217; ile ilgili bilgiler verilen canl\u0131 yay\u0131nda, \u0130\u015eKUR&#8217;un ilave istihdam yapan i\u015fverenlere sa\u011flad\u0131\u011f\u0131 bir\u00e7ok te\u015fvik paketi oldu\u011fu, program kapsam\u0131nda ilave istihdam deste\u011fi, asgari \u00fccret deste\u011fi, kad\u0131n, gen\u00e7 ve mesleki yeterlilik belgesi olanlar\u0131n deste\u011fi, 5 puanl\u0131k indirim deste\u011fi verildi\u011fi ifade edildi.\u00a0<br \/>\nAyr\u0131ca istihdam\u0131n kal\u0131c\u0131 hale gelmesine y\u00f6nelik devletin sa\u011flad\u0131\u011f\u0131 te\u015fviklerden, &#8216;mesleki beceri geli\u015ftirme te\u015fvikleri&#8217; kapsam\u0131nda i\u015fba\u015f\u0131 e\u011fitim program\u0131n\u0131n ba\u015fta geldi\u011fi, i\u015fba\u015f\u0131 e\u011fitim program\u0131nda personellere tecr\u00fcbe kazand\u0131r\u0131lmas\u0131 ama\u00e7land\u0131\u011f\u0131, 2020 y\u0131l\u0131 istihdam seferberli\u011fi kapsam\u0131nda sa\u011flanan te\u015fviklerin hem i\u015fverenler i\u00e7in hem de personeller i\u00e7in olumlu sonu\u00e7lar verdi\u011fi dile getirildi.\u00a0<\/p>\n","protected":false},"excerpt":{"rendered":"<p>Mersin\u2019de \u2018Buras\u0131 Mersin, burada i\u015f var\u2019 slogan\u0131yla devam eden \u2018\u0130stihdam Seferberli\u011fi 2020\u2019 kapsam\u0131nda yat\u0131r\u0131mc\u0131lara, 2020 te\u015fvikleri online olarak anlat\u0131ld\u0131.\u00a0 Mersin \u00c7al\u0131\u015fma ve \u0130\u015f Kurumu \u0130l M\u00fcd\u00fcrl\u00fc\u011f\u00fc kurumsal instagram kanal\u0131nda canl\u0131 &hellip; <a href=\"https:\/\/akdenizolaygazetesi.com\/?p=7405\" class=\"more-link\">Devam\u0131n\u0131 Oku&#8230;<\/a><\/p>\n","protected":false},"author":1,"featured_media":0,"comment_status":"open","ping_status":"open","sticky":false,"template":"","format":"standard","meta":[],"categories":[],"tags":[],"_links":{"self":[{"href":"https:\/\/akdenizolaygazetesi.com\/index.php?rest_route=\/wp\/v2\/posts\/7405"}],"collection":[{"href":"https:\/\/akdenizolaygazetesi.com\/index.php?rest_route=\/wp\/v2\/posts"}],"about":[{"href":"https:\/\/akdenizolaygazetesi.com\/index.php?rest_route=\/wp\/v2\/types\/post"}],"author":[{"embeddable":true,"href":"https:\/\/akdenizolaygazetesi.com\/index.php?rest_route=\/wp\/v2\/users\/1"}],"replies":[{"embeddable":true,"href":"https:\/\/akdenizolaygazetesi.com\/index.php?rest_route=%2Fwp%2Fv2%2Fcomments&post=7405"}],"version-history":[{"count":0,"href":"https:\/\/akdenizolaygazetesi.com\/index.php?rest_route=\/wp\/v2\/posts\/7405\/revisions"}],"wp:attachment":[{"href":"https:\/\/akdenizolaygazetesi.com\/index.php?rest_route=%2Fwp%2Fv2%2Fmedia&parent=7405"}],"wp:term":[{"taxonomy":"category","embeddable":true,"href":"https:\/\/akdenizolaygazetesi.com\/index.php?rest_route=%2Fwp%2Fv2%2Fcategories&post=7405"},{"taxonomy":"post_tag","embeddable":true,"href":"https:\/\/akdenizolaygazetesi.com\/index.php?rest_route=%2Fwp%2Fv2%2Ftags&post=7405"}],"curies":[{"name":"wp","href":"https:\/\/api.w.org\/{rel}","templated":true}]}}