{"id":7424,"date":"2020-11-04T18:27:53","date_gmt":"2020-11-04T15:27:53","guid":{"rendered":"http:\/\/mersinekonomipolitikagazetesi.com\/?p=7424"},"modified":"2020-11-04T18:27:53","modified_gmt":"2020-11-04T15:27:53","slug":"mersinde-engellilere-akulu-sandalye-destegi","status":"publish","type":"post","link":"https:\/\/akdenizolaygazetesi.com\/?p=7424","title":{"rendered":"Mersin&#8217;de engellilere ak\u00fcl\u00fc sandalye deste\u011fi"},"content":{"rendered":"<p><span style=\"line-height: 1.6em;\">Mersin B\u00fcy\u00fck\u015fehir Belediyesi&#8217;nin, \u00f6zel bir firma ile ortakla\u015fa y\u00fcr\u00fctt\u00fc\u011f\u00fc \u00e7al\u0131\u015fma kapsam\u0131nda temin edilen ak\u00fcl\u00fc elektrikli sandalyeler, ihtiya\u00e7 sahiplerine ula\u015ft\u0131r\u0131l\u0131yor.\u00a0<\/span><\/p>\n<p>B\u00fcy\u00fck\u015fehir Belediyesinden yap\u0131lan a\u00e7\u0131klamaya g\u00f6re, Mersin&#8217;de \u00f6zel bir firma ile 6 y\u0131ld\u0131r s\u00fcrd\u00fcr\u00fclen ortak \u00e7al\u0131\u015fma kapsam\u0131nda bu y\u0131l da 50 engelli vatanda\u015fa ak\u00fcl\u00fc tekerlekli sandalye deste\u011fi verildi. Korona vir\u00fcs salg\u0131n\u0131 nedeniyle al\u0131nan tedbirler kapsam\u0131nda, Belediye Ba\u015fkan\u0131 Vahap Se\u00e7er\u2019in kat\u0131ld\u0131\u011f\u0131 da\u011f\u0131t\u0131m t\u00f6reninde, 20 vatanda\u015f\u0131n ak\u00fcl\u00fc tekerlekli sandalyesi Kongre ve Sergi Saray\u0131\u2019nda teslim edilmi\u015fti. Kalan 30 elektrikli sandalye ise belediye ekiplerince ihtiya\u00e7 sahibi vatanda\u015flara ula\u015ft\u0131r\u0131ld\u0131. &#8216;Engel mi mesafeler?&#8217; yaz\u0131l\u0131 transfer arac\u0131yla merkez il\u00e7elerin yan\u0131 s\u0131ra Anamur, Silifke, Erdemli il\u00e7eleri ve Mezitli\u2019nin Tepek\u00f6y yaylas\u0131na kadar giden ekipler, uza\u011f\u0131 yak\u0131n ederek, vatanda\u015flar\u0131 mutlu etti.\u00a0<br \/>\nEngelliler ve Sa\u011fl\u0131k Hizmetleri Dairesi Ba\u015fkanl\u0131\u011f\u0131\u2019n\u0131n kap\u0131s\u0131na kadar ak\u00fcl\u00fc sandalyesi teslim edilen vatanda\u015flardan biri de Davut Afacan oldu. Belediyenin hizmetlerine ula\u015fmada s\u0131k\u0131nt\u0131 ya\u015famad\u0131\u011f\u0131n\u0131, daha \u00f6nce de belediyeden tekerlekli sandalye yard\u0131m\u0131 ald\u0131\u011f\u0131n\u0131 belirten Afacan, B\u00fcy\u00fck\u015fehir Belediyesinin kap\u0131s\u0131n\u0131n her zaman kendisine a\u00e7\u0131k oldu\u011funu vurgulad\u0131. Afacan, \u201cAk\u00fcl\u00fc sandalyemiz geldi. Bize yard\u0131m elini uzat\u0131yorlar. Allah raz\u0131 olsun. D\u00f6rt d\u00f6rtl\u00fck, y\u00fcrekli bir ba\u015fkan\u0131m\u0131z var. Memleketimizin kalk\u0131nmas\u0131 i\u00e7in elinden geleni yapan g\u00fczel bir insan. Memleket \u00e7ocu\u011fumuz, fakirin fukaran\u0131n yan\u0131nda olan bir insan. Her zaman yan\u0131nday\u0131z\u201d dedi.\u00a0<br \/>\nKilometreler a\u015f\u0131l\u0131p, Rafet Amca\u2019n\u0131n da ak\u00fcl\u00fc sandalyesi teslim edildi\u00a0<br \/>\nMerkeze 55 kilometre uzakl\u0131kta yer alan Mezitli il\u00e7esine ba\u011fl\u0131 Tepek\u00f6y Mahallesi\u2019nde ya\u015fam\u0131n\u0131 s\u00fcrd\u00fcren ve 11 ya\u015f\u0131nda \u00fczerine kaya d\u00fc\u015fmesi sonucu bir baca\u011f\u0131n\u0131 ve bir kolunu kaybeden Rafet \u00c7evik\u2019e de ak\u00fcl\u00fc tekerlekli sandalyesi teslim edildi. Ak\u00fcl\u00fc sandalyesinin kap\u0131s\u0131na kadar getirilmesinden b\u00fcy\u00fck mutluluk duyan \u00c7evik, \u201cDokuz sene \u00f6nce a\u00e7\u0131k ameliyat oldum. Hayat\u0131m boyunca \u00e7al\u0131\u015ft\u0131m ama dokuz senedir hi\u00e7bir \u015fey yapam\u0131yorum. Evden bir yere gitmiyorum, e\u015fim bana bak\u0131yor. Allah kimseye kaza bela vermesin. Bana kendileri ula\u015ft\u0131lar. B\u00fcy\u00fck\u015fehir Belediye Ba\u015fkan\u0131m\u0131za \u00e7ok te\u015fekk\u00fcr ederim\u201d ifadelerini kulland\u0131.\u00a0<br \/>\n\u201cEngelli bireylerimizi geri \u00e7evirmiyoruz\u201d\u00a0<br \/>\nEngelliler ve Sa\u011fl\u0131k Hizmetleri Dairesi Ba\u015fkanl\u0131\u011f\u0131 Engelliler \u015eube M\u00fcd\u00fcr\u00fc Ay\u015fe Ak, \u015fartlar\u0131 sa\u011flamayan engelli bireylerin de y\u0131l i\u00e7erisinde ba\u015fvurular\u0131n\u0131 alarak, belediyeye ba\u011f\u0131\u015flanan ak\u00fcl\u00fc sandalye yard\u0131mlar\u0131 kapsam\u0131nda destek sa\u011fland\u0131\u011f\u0131n\u0131 dile getirdi. Covid-19 nedeniyle teslim t\u00f6renine temsili olarak belli bir say\u0131da engelli vatanda\u015f\u0131n davet edildi\u011fini ifade eden Ak, \u201cGelemeyecek durumda olan, kronik rahats\u0131zl\u0131\u011f\u0131 olan engelli bireylerimizin de adreslerine teslim ettik\u201d diye konu\u015ftu.\u00a0<\/p>\n","protected":false},"excerpt":{"rendered":"<p>Mersin B\u00fcy\u00fck\u015fehir Belediyesi&#8217;nin, \u00f6zel bir firma ile ortakla\u015fa y\u00fcr\u00fctt\u00fc\u011f\u00fc \u00e7al\u0131\u015fma kapsam\u0131nda temin edilen ak\u00fcl\u00fc elektrikli sandalyeler, ihtiya\u00e7 sahiplerine ula\u015ft\u0131r\u0131l\u0131yor.\u00a0 B\u00fcy\u00fck\u015fehir Belediyesinden yap\u0131lan a\u00e7\u0131klamaya g\u00f6re, Mersin&#8217;de \u00f6zel bir firma ile 6 &hellip; <a href=\"https:\/\/akdenizolaygazetesi.com\/?p=7424\" class=\"more-link\">Devam\u0131n\u0131 Oku&#8230;<\/a><\/p>\n","protected":false},"author":1,"featured_media":0,"comment_status":"open","ping_status":"open","sticky":false,"template":"","format":"standard","meta":[],"categories":[],"tags":[],"_links":{"self":[{"href":"https:\/\/akdenizolaygazetesi.com\/index.php?rest_route=\/wp\/v2\/posts\/7424"}],"collection":[{"href":"https:\/\/akdenizolaygazetesi.com\/index.php?rest_route=\/wp\/v2\/posts"}],"about":[{"href":"https:\/\/akdenizolaygazetesi.com\/index.php?rest_route=\/wp\/v2\/types\/post"}],"author":[{"embeddable":true,"href":"https:\/\/akdenizolaygazetesi.com\/index.php?rest_route=\/wp\/v2\/users\/1"}],"replies":[{"embeddable":true,"href":"https:\/\/akdenizolaygazetesi.com\/index.php?rest_route=%2Fwp%2Fv2%2Fcomments&post=7424"}],"version-history":[{"count":0,"href":"https:\/\/akdenizolaygazetesi.com\/index.php?rest_route=\/wp\/v2\/posts\/7424\/revisions"}],"wp:attachment":[{"href":"https:\/\/akdenizolaygazetesi.com\/index.php?rest_route=%2Fwp%2Fv2%2Fmedia&parent=7424"}],"wp:term":[{"taxonomy":"category","embeddable":true,"href":"https:\/\/akdenizolaygazetesi.com\/index.php?rest_route=%2Fwp%2Fv2%2Fcategories&post=7424"},{"taxonomy":"post_tag","embeddable":true,"href":"https:\/\/akdenizolaygazetesi.com\/index.php?rest_route=%2Fwp%2Fv2%2Ftags&post=7424"}],"curies":[{"name":"wp","href":"https:\/\/api.w.org\/{rel}","templated":true}]}}