{"id":7444,"date":"2020-11-04T18:27:54","date_gmt":"2020-11-04T15:27:54","guid":{"rendered":"http:\/\/mersinekonomipolitikagazetesi.com\/?p=7444"},"modified":"2020-11-04T18:27:54","modified_gmt":"2020-11-04T15:27:54","slug":"mersin-buyuksehir-belediyesi-121-kadini-daha-ise-aldi","status":"publish","type":"post","link":"https:\/\/akdenizolaygazetesi.com\/?p=7444","title":{"rendered":"Mersin B\u00fcy\u00fck\u015fehir Belediyesi, 121 kad\u0131n\u0131 daha i\u015fe ald\u0131"},"content":{"rendered":"<p><span style=\"line-height: 1.6em;\">Mersin B\u00fcy\u00fck\u015fehir Belediyesi, Park ve Bah\u00e7eler Dairesi ile \u00c7evre Koruma ve Kontrol Dairesi Ba\u015fkanl\u0131klar\u0131 b\u00fcnyesinde \u00e7al\u0131\u015ft\u0131r\u0131lmak \u00fczere 121 kad\u0131n\u0131 daha i\u015fe ald\u0131. Merkez ve il\u00e7elerde g\u00f6rev yapacak olan 121 kad\u0131n personel, \u0130\u015f Sa\u011fl\u0131\u011f\u0131 ve G\u00fcvenli\u011fi E\u011fitimi alarak, s\u00f6zle\u015fmelerini imzalad\u0131. B\u00fcy\u00fck\u015fehir Belediyesinde 1 Nisan\u2019dan bu yana yeni istihdam edilen kad\u0131n personel say\u0131s\u0131 419\u2019a ula\u015ft\u0131.\u00a0<\/span><\/p>\n<p>Mersin B\u00fcy\u00fck\u015fehir Belediye Ba\u015fkan\u0131 Vahap Se\u00e7er\u2019in her f\u0131rsatta kad\u0131nlara tan\u0131d\u0131\u011f\u0131 pozitif ayr\u0131mc\u0131l\u0131k ile belediye b\u00fcnyesine 121 kad\u0131n emek\u00e7i daha kat\u0131ld\u0131. B\u00fcy\u00fck\u015fehir Belediyesinden yap\u0131lan a\u00e7\u0131klamaya g\u00f6re, Park ve Bah\u00e7eler ile \u00c7evre Koruma ve Kontrol Dairesi Ba\u015fkanl\u0131klar\u0131 b\u00fcnyesinde hem merkezde hem de il\u00e7elerde i\u015fe ba\u015flayacak olan kad\u0131nlar, B\u00fcy\u00fck\u015fehir Belediyesinin sorumluluk alan\u0131nda bulunan cadde, bulvar, sokak ve meydanlar ile park, bah\u00e7e ve ye\u015fil alanlarda g\u00f6revlendirilecek. \u0130\u015f Sa\u011fl\u0131\u011f\u0131 ve G\u00fcvenli\u011fi E\u011fitimi alarak s\u00f6zle\u015fmelerini imzalayan kad\u0131nlar, verilen e\u011fitimlerin ard\u0131ndan i\u015f ba\u015f\u0131 yap\u0131p, kenti g\u00fczelle\u015ftirmeye ba\u015flayacak.\u00a0<br \/>\nMersin i\u00e7in emek verecek olan kad\u0131nlar\u0131n 81\u2019i \u00c7evre Koruma ve Kontrol Dairesi Ba\u015fkanl\u0131\u011f\u0131 b\u00fcnyesinde cadde, bulvar, sokak ve meydanlarda g\u00f6revlendirilecek. 40 kad\u0131n personel ise Park ve Bah\u00e7eler Dairesi Ba\u015fkanl\u0131\u011f\u0131nda \u00e7im bi\u00e7me, budama, \u00e7i\u00e7ek ve a\u011fa\u00e7 dikimi, ila\u00e7lama, g\u00fcbreleme, toprak takviye-tesviye, parklarda genel temizlik ile \u00e7i\u00e7ek, \u00e7im, a\u011fa\u00e7 sulama gibi i\u015flerde \u00e7al\u0131\u015facak. Kad\u0131n personeller, 4 merkez il\u00e7enin yan\u0131 s\u0131ra di\u011fer il\u00e7elerde de g\u00f6rev yapacak.\u00a0<\/p>\n<p>\u00c7evre, park ve bah\u00e7eler ile ula\u015f\u0131mda kad\u0131n say\u0131s\u0131 art\u0131yor\u00a0<br \/>\nB\u00fcy\u00fck\u015fehir Belediye Ba\u015fkan\u0131 Se\u00e7er\u2019in kad\u0131nlara her f\u0131rsatta sa\u011flad\u0131\u011f\u0131 pozitif ayr\u0131mc\u0131l\u0131kla belediye otob\u00fcslerinde, parklarda, bah\u00e7elerde, caddelerde, sahilde emek veren kad\u0131n personel dikkat \u00e7ekiyor. Se\u00e7er\u2019in g\u00f6reve geldi\u011fi 1 Nisan 2019\u2019dan bu yana Park ve Bah\u00e7eler Dairesi Ba\u015fkanl\u0131\u011f\u0131 b\u00fcnyesinde 101, \u00c7evre Koruma ve Kontrol Dairesi Ba\u015fkanl\u0131\u011f\u0131 b\u00fcnyesinde 148, Ula\u015f\u0131m Dairesi Ba\u015fkanl\u0131\u011f\u0131 b\u00fcnyesinde de 49 kad\u0131n istihdam edilmi\u015fti. Yeni al\u0131nan 121 kad\u0131n personelle bu alanlardaki toplam istihdam say\u0131s\u0131 419\u2019a ula\u015ft\u0131.\u00a0<\/p>\n<p>\u201cBa\u015fkan\u0131m\u0131z\u0131n kad\u0131nlara verdi\u011fi \u00f6ncelik sayesinde art\u0131k evde de\u011fil, i\u015fimin ba\u015f\u0131nday\u0131m\u201d\u00a0<br \/>\n\u0130\u015fe al\u0131nan personelden Sultan Topal, 4 y\u0131l \u00f6nce Mersin B\u00fcy\u00fck\u015fehir Belediyesine \u00f6zge\u00e7mi\u015fini b\u0131rakt\u0131\u011f\u0131n\u0131 fakat o zaman giremedi\u011fini belirterek, \u201cTekrar \u015fans\u0131m\u0131 denedim ve ba\u015fkan\u0131m\u0131z sayesinde i\u015fe giri\u015fim oldu. S\u00f6zle\u015fmelerimizi imzalad\u0131k, i\u015f g\u00fcvenli\u011fi e\u011fitimlerimizi ald\u0131k. Ba\u015fkan\u0131m\u0131z\u0131n kad\u0131nlara verdi\u011fi \u00f6ncelik sayesinde art\u0131k evde de\u011fil, i\u015fimin ba\u015f\u0131nday\u0131m. \u00c7ok te\u015fekk\u00fcr ediyorum\u201d dedi.\u00a0<\/p>\n<p>\u201cK\u0131sa s\u00fcreli i\u015flere gidiyordum, sa\u011fl\u0131k g\u00fcvencemiz yoktu\u201d\u00a0<br \/>\nE\u015fi y\u0131llard\u0131r i\u015f bulamayan 3 \u00e7ocuk annesi Nilg\u00fcn Daylam da i\u015fe girdi\u011fini \u00f6\u011frendi\u011finde mutluluktan a\u011flad\u0131\u011f\u0131n\u0131 ifade etti. Daylam, \u201cK\u0131sa s\u00fcreli i\u015flere gidiyordum. Sa\u011fl\u0131k g\u00fcvencemiz yoktu ama \u015fu an en az\u0131ndan att\u0131\u011f\u0131m\u0131z ad\u0131mlarda sa\u011fl\u0131k g\u00fcvencemiz var. \u00c7ok mutluyuz, ba\u015fkan\u0131m\u0131zdan Allah raz\u0131 olsun. \u00c7ocuklar\u0131ma bir g\u00fcvence getirece\u011fim, \u00e7ocuklar\u0131ma bir katk\u0131m olacak\u201d diye konu\u015ftu.\u00a0<br \/>\nTarsus\u2019ta ya\u015fayan ve daha \u00f6nce tar\u0131mda \u00e7al\u0131\u015ft\u0131\u011f\u0131n\u0131 ve i\u015f g\u00fcvenli\u011fi olmad\u0131\u011f\u0131 i\u00e7in sigortal\u0131 i\u015f arad\u0131\u011f\u0131n\u0131 belirten Serpil \u00c7apar ise \u201c\u0130ki \u00e7ocu\u011fum var, biri lisede, biri ortaokulda okuyor. Evim kira olunca sadece e\u015fimin \u00e7al\u0131\u015fmas\u0131yla ge\u00e7inemiyoruz. Ben de yard\u0131mc\u0131 olmak istiyorum. Ba\u015fkan Vahap Se\u00e7er\u2019in kad\u0131nlara verdi\u011fi \u00f6ncelikten dolay\u0131 \u00e7ok te\u015fekk\u00fcr ederim\u201d dedi.\u00a0<br \/>\n\u0130ki \u00e7ocuk annesi G\u00fclbahar Kaplan da d\u00f6rt d\u00f6rtl\u00fck \u00e7al\u0131\u015faca\u011f\u0131n\u0131 s\u00f6yleyerek, \u201cBiz kad\u0131nlara verilen \u00f6ncelikten dolay\u0131 Mersin B\u00fcy\u00fck\u015fehir Belediyesi\u2019ne ve Vahap Se\u00e7er ba\u015fkan\u0131ma \u00e7ok te\u015fekk\u00fcr ediyorum\u201d ifadelerini kulland\u0131.\u00a0<\/p>\n","protected":false},"excerpt":{"rendered":"<p>Mersin B\u00fcy\u00fck\u015fehir Belediyesi, Park ve Bah\u00e7eler Dairesi ile \u00c7evre Koruma ve Kontrol Dairesi Ba\u015fkanl\u0131klar\u0131 b\u00fcnyesinde \u00e7al\u0131\u015ft\u0131r\u0131lmak \u00fczere 121 kad\u0131n\u0131 daha i\u015fe ald\u0131. Merkez ve il\u00e7elerde g\u00f6rev yapacak olan 121 kad\u0131n &hellip; <a href=\"https:\/\/akdenizolaygazetesi.com\/?p=7444\" class=\"more-link\">Devam\u0131n\u0131 Oku&#8230;<\/a><\/p>\n","protected":false},"author":1,"featured_media":0,"comment_status":"open","ping_status":"open","sticky":false,"template":"","format":"standard","meta":[],"categories":[],"tags":[],"_links":{"self":[{"href":"https:\/\/akdenizolaygazetesi.com\/index.php?rest_route=\/wp\/v2\/posts\/7444"}],"collection":[{"href":"https:\/\/akdenizolaygazetesi.com\/index.php?rest_route=\/wp\/v2\/posts"}],"about":[{"href":"https:\/\/akdenizolaygazetesi.com\/index.php?rest_route=\/wp\/v2\/types\/post"}],"author":[{"embeddable":true,"href":"https:\/\/akdenizolaygazetesi.com\/index.php?rest_route=\/wp\/v2\/users\/1"}],"replies":[{"embeddable":true,"href":"https:\/\/akdenizolaygazetesi.com\/index.php?rest_route=%2Fwp%2Fv2%2Fcomments&post=7444"}],"version-history":[{"count":0,"href":"https:\/\/akdenizolaygazetesi.com\/index.php?rest_route=\/wp\/v2\/posts\/7444\/revisions"}],"wp:attachment":[{"href":"https:\/\/akdenizolaygazetesi.com\/index.php?rest_route=%2Fwp%2Fv2%2Fmedia&parent=7444"}],"wp:term":[{"taxonomy":"category","embeddable":true,"href":"https:\/\/akdenizolaygazetesi.com\/index.php?rest_route=%2Fwp%2Fv2%2Fcategories&post=7444"},{"taxonomy":"post_tag","embeddable":true,"href":"https:\/\/akdenizolaygazetesi.com\/index.php?rest_route=%2Fwp%2Fv2%2Ftags&post=7444"}],"curies":[{"name":"wp","href":"https:\/\/api.w.org\/{rel}","templated":true}]}}