{"id":7464,"date":"2020-11-04T18:27:55","date_gmt":"2020-11-04T15:27:55","guid":{"rendered":"http:\/\/mersinekonomipolitikagazetesi.com\/?p=7464"},"modified":"2020-11-04T18:27:55","modified_gmt":"2020-11-04T15:27:55","slug":"mersinde-koronaya-afisli-uyari","status":"publish","type":"post","link":"https:\/\/akdenizolaygazetesi.com\/?p=7464","title":{"rendered":"Mersin&#8217;de koronaya afi\u015fli uyar\u0131"},"content":{"rendered":"<p><span style=\"line-height: 1.6em;\">Mersin&#8217;de vatanda\u015flar, t\u00fcm d\u00fcnyay\u0131 etkisi alt\u0131na alan korona vir\u00fcs (Covid-19) salg\u0131n\u0131nda al\u0131nmas\u0131 gereken tedbirlere ili\u015fkin afi\u015flerle uyar\u0131l\u0131yor.\u00a0<\/span><\/p>\n<p>Mersin \u0130l Sa\u011fl\u0131k M\u00fcd\u00fcrl\u00fc\u011f\u00fc&#8217;n\u00fcn yapt\u0131\u011f\u0131 \u00e7al\u0131\u015fma ile Sa\u011fl\u0131k Bakan\u0131 Fahrettin Koca\u2019n\u0131n yapm\u0131\u015f oldu\u011fu uyar\u0131lar, afi\u015f haline getirilerek kentin \u00e7e\u015fitli noktalar\u0131na as\u0131ld\u0131. Yap\u0131lan \u00e7al\u0131\u015fma ile ilgili a\u00e7\u0131klama yapan \u0130l Sa\u011fl\u0131k M\u00fcd\u00fcr\u00fc Sinan Bah\u00e7ac\u0131, tehlikenin hen\u00fcz ge\u00e7medi\u011fini belirterek, rehavete kap\u0131lman\u0131n vahim sonu\u00e7lar do\u011furaca\u011f\u0131n\u0131 s\u00f6yledi. \u0130lk vakan\u0131n g\u00f6r\u00fcld\u00fc\u011f\u00fc tarihten bu yana al\u0131nan tedbirlerle salg\u0131n\u0131n yava\u015flad\u0131\u011f\u0131n\u0131 fakat hen\u00fcz tam olarak kontrol alt\u0131na al\u0131namad\u0131\u011f\u0131n\u0131 vurgulayan Bah\u00e7ac\u0131, &#8220;Biz sa\u011fl\u0131k \u00e7al\u0131\u015fanlar\u0131 olarak t\u00fcm g\u00fcc\u00fcm\u00fczle m\u00fccadeleye devam ediyoruz. Fakat bu sadece sa\u011fl\u0131k \u00e7al\u0131\u015fanlar\u0131n\u0131n gayreti ile olacak bir i\u015f de\u011fil. Salg\u0131nla toplum olarak hep birlikte m\u00fccadele edersek ba\u015far\u0131y\u0131 yakalar\u0131z. Bakan\u0131m\u0131z\u0131n da dedi\u011fi gibi yeni normalimiz &#8216;mask, mesafe, kontroll\u00fc sosyal hayat&#8217;. Buna ilaveten ki\u015fisel hijyene dikkat etti\u011fimiz takdirde ba\u015far\u0131y\u0131 yakalayabilir, bu salg\u0131n\u0131n \u00f6n\u00fcne ge\u00e7ebiliriz&#8221; dedi.\u00a0<\/p>\n<p>\u201cMersin&#8217;e gelen vatanda\u015flar\u0131m\u0131z tedbirlere uymal\u0131\u201d\u00a0<br \/>\nVatanda\u015flarda duyarl\u0131\u011f\u0131 artt\u0131rmak amac\u0131yla B\u00fcy\u00fck\u015fehir Belediyesinin tahsis etti\u011fi bilboard ve raketleri kullanarak haz\u0131rlad\u0131klar\u0131 afi\u015fler ile vatanda\u015flar\u0131n dikkatini \u00e7ekmeyi ama\u00e7lad\u0131klar\u0131n\u0131 belirten Bah\u00e7ac\u0131 \u201cValimizin ba\u015fkanl\u0131\u011f\u0131nda Mersin\u2019de bulunan kamu kurulu\u015flar\u0131 ve vatanda\u015flar olarak bu s\u00fcreci iyi y\u00f6netti\u011fimizi d\u00fc\u015f\u00fcn\u00fcyorum. Son d\u00f6nemde havalar\u0131n \u0131s\u0131nmas\u0131 ile birlikte ister istemez bir rehavet oldu. Turizm sezonunun a\u00e7\u0131lmas\u0131 ile birlikte ilimize gelen vatanda\u015flar\u0131m\u0131zdan ricam al\u0131nan tedbirlere uymalar\u0131. Kendilerinin, sevdiklerinin ve di\u011fer insanlar\u0131n hayat\u0131n\u0131 riske atmamalar\u0131. Vatanda\u015flar\u0131m\u0131z m\u00fcmk\u00fcn oldu\u011funca kalabal\u0131k olu\u015fturacak ortamlardan uzak durmalar\u0131, bula\u015f riskini azalt\u0131r. Yeni normalde taziye, asker u\u011furlama, d\u00fc\u011f\u00fcnler ve benzeri ortamlarda Sa\u011fl\u0131k Bakanl\u0131\u011f\u0131n\u0131n uyar\u0131lar\u0131na azami dikkat etmek gerekiyor. Biz vatanda\u015flar\u0131m\u0131z\u0131n dikkatini \u00e7ekmek amac\u0131yla haz\u0131rlad\u0131\u011f\u0131m\u0131z afi\u015flerin yan\u0131 s\u0131ra bunlar\u0131 videoya d\u00f6n\u00fc\u015ft\u00fcrerek eski devlet hastanesi bah\u00e7esinde bulunan b\u00fcy\u00fck led ekrandan da yay\u0131nl\u0131yoruz. Ayr\u0131ca kamu hastanelerinin tamam\u0131n\u0131n ortak bekleme alanlar\u0131nda yer alan ekranlardan da vatanda\u015flar\u0131m\u0131z\u0131n dikkatini \u00e7ekmeye \u00e7al\u0131\u015f\u0131yoruz. Birbirimiz ile eskisi gibi yak\u0131n olman\u0131n yolu bir s\u00fcre daha fedakarl\u0131k yapmaktan ge\u00e7iyor. Birbirimizin g\u00fcl\u00fc\u015f\u00fcn\u00fc bir s\u00fcre daha \u00f6zleyelim&#8221; diye konu\u015ftu.\u00a0<\/p>\n","protected":false},"excerpt":{"rendered":"<p>Mersin&#8217;de vatanda\u015flar, t\u00fcm d\u00fcnyay\u0131 etkisi alt\u0131na alan korona vir\u00fcs (Covid-19) salg\u0131n\u0131nda al\u0131nmas\u0131 gereken tedbirlere ili\u015fkin afi\u015flerle uyar\u0131l\u0131yor.\u00a0 Mersin \u0130l Sa\u011fl\u0131k M\u00fcd\u00fcrl\u00fc\u011f\u00fc&#8217;n\u00fcn yapt\u0131\u011f\u0131 \u00e7al\u0131\u015fma ile Sa\u011fl\u0131k Bakan\u0131 Fahrettin Koca\u2019n\u0131n yapm\u0131\u015f oldu\u011fu &hellip; <a href=\"https:\/\/akdenizolaygazetesi.com\/?p=7464\" class=\"more-link\">Devam\u0131n\u0131 Oku&#8230;<\/a><\/p>\n","protected":false},"author":1,"featured_media":0,"comment_status":"open","ping_status":"open","sticky":false,"template":"","format":"standard","meta":[],"categories":[],"tags":[],"_links":{"self":[{"href":"https:\/\/akdenizolaygazetesi.com\/index.php?rest_route=\/wp\/v2\/posts\/7464"}],"collection":[{"href":"https:\/\/akdenizolaygazetesi.com\/index.php?rest_route=\/wp\/v2\/posts"}],"about":[{"href":"https:\/\/akdenizolaygazetesi.com\/index.php?rest_route=\/wp\/v2\/types\/post"}],"author":[{"embeddable":true,"href":"https:\/\/akdenizolaygazetesi.com\/index.php?rest_route=\/wp\/v2\/users\/1"}],"replies":[{"embeddable":true,"href":"https:\/\/akdenizolaygazetesi.com\/index.php?rest_route=%2Fwp%2Fv2%2Fcomments&post=7464"}],"version-history":[{"count":0,"href":"https:\/\/akdenizolaygazetesi.com\/index.php?rest_route=\/wp\/v2\/posts\/7464\/revisions"}],"wp:attachment":[{"href":"https:\/\/akdenizolaygazetesi.com\/index.php?rest_route=%2Fwp%2Fv2%2Fmedia&parent=7464"}],"wp:term":[{"taxonomy":"category","embeddable":true,"href":"https:\/\/akdenizolaygazetesi.com\/index.php?rest_route=%2Fwp%2Fv2%2Fcategories&post=7464"},{"taxonomy":"post_tag","embeddable":true,"href":"https:\/\/akdenizolaygazetesi.com\/index.php?rest_route=%2Fwp%2Fv2%2Ftags&post=7464"}],"curies":[{"name":"wp","href":"https:\/\/api.w.org\/{rel}","templated":true}]}}