{"id":7465,"date":"2020-11-04T18:27:57","date_gmt":"2020-11-04T15:27:57","guid":{"rendered":"http:\/\/mersinekonomipolitikagazetesi.com\/?p=7465"},"modified":"2020-11-04T18:27:57","modified_gmt":"2020-11-04T15:27:57","slug":"mersin-buyuksehir-belediyesi-voleybol-ve-hentbol-takimlari-yeni-sezonda-2-ligde-mucadele-edecek","status":"publish","type":"post","link":"https:\/\/akdenizolaygazetesi.com\/?p=7465","title":{"rendered":"Mersin B\u00fcy\u00fck\u015fehir Belediyesi voleybol ve hentbol tak\u0131mlar\u0131, yeni sezonda 2. ligde m\u00fccadele edecek"},"content":{"rendered":"<p><span style=\"line-height: 1.6em;\">Mersin B\u00fcy\u00fck\u015fehir Belediyesi Gen\u00e7lik ve Spor Kul\u00fcb\u00fc b\u00fcnyesinde faaliyet g\u00f6steren kad\u0131n voleybol ve hentbol tak\u0131mlar\u0131, yeni sezonda bran\u015flar\u0131ndaki 2. liglerde m\u00fccadele edecek.\u00a0<\/span><\/p>\n<p>2019-2020 sezonunda b\u00f6lgesel ligde, yerelde ise gen\u00e7lerde, y\u0131ld\u0131zlarda, k\u00fc\u00e7\u00fcklerde ve miniklerde m\u00fccadele eden kad\u0131n voleybol A Tak\u0131m\u0131, T\u00fcrkiye Voleybol Federasyonu\u2019ndan gelen davet \u00fczerine, bu sezon bir \u00fcst lig olan 2. Lig\u2019e kat\u0131larak Mersin\u2019i temsil edecek. Mersin B\u00fcy\u00fck\u015fehir Belediyesi Gen\u00e7lik ve Spor Kul\u00fcb\u00fc hentbol tak\u0131m\u0131 da yeni sezonda T\u00fcrkiye Kad\u0131nlar Hentbol 2. Ligi\u2019nde m\u00fccadelesini s\u00fcrd\u00fcrecek. Mersin B\u00fcy\u00fck\u015fehir Belediyesi\u2019nin spor kurslar\u0131nda yeti\u015fen Mersinli gen\u00e7 sporcular, B\u00f6lgesel Ligde 26 tak\u0131m aras\u0131nda T\u00fcrkiye ikincisi olarak bir \u00fcst lige \u00e7\u0131km\u0131\u015f, 2019-2020 sezonunda Volhent SK ad\u0131yla 2. Lig\u2019de m\u00fccadele etmi\u015fti. Gen\u00e7 sporcular, bu sezon daha g\u00fc\u00e7l\u00fc bir \u015fekilde \u00f6nemli ba\u015far\u0131lar elde etmeyi hedefliyor. Voleybol ve hentbolun yan\u0131 s\u0131ra y\u00fczme, atletizm, futbol, g\u00fcre\u015f ve basketbol bran\u015flar\u0131nda da a\u015fama kaydeden sporcular, m\u00fccadele ettikleri m\u00fcsabakalarda \u00f6nemli dereceler kazand\u0131.\u00a0<br \/>\nU18 k\u0131z basketbol tak\u0131m\u0131, ligi yenilgisiz tamamlayarak \u015fampiyon olurken, U14 k\u0131z basketbol tak\u0131m\u0131 3.\u2019l\u00fck kupas\u0131 ald\u0131. Kad\u0131n basketbol tak\u0131m\u0131n\u0131n ge\u00e7ti\u011fimiz senelerde 1 T\u00fcrkiye \u015fampiyonlu\u011fu, 2 T\u00fcrkiye ikincili\u011fi ve 1 T\u00fcrkiye d\u00f6rd\u00fcnc\u00fcl\u00fc\u011f\u00fc bulunuyor.\u00a0<\/p>\n","protected":false},"excerpt":{"rendered":"<p>Mersin B\u00fcy\u00fck\u015fehir Belediyesi Gen\u00e7lik ve Spor Kul\u00fcb\u00fc b\u00fcnyesinde faaliyet g\u00f6steren kad\u0131n voleybol ve hentbol tak\u0131mlar\u0131, yeni sezonda bran\u015flar\u0131ndaki 2. liglerde m\u00fccadele edecek.\u00a0 2019-2020 sezonunda b\u00f6lgesel ligde, yerelde ise gen\u00e7lerde, y\u0131ld\u0131zlarda, &hellip; <a href=\"https:\/\/akdenizolaygazetesi.com\/?p=7465\" class=\"more-link\">Devam\u0131n\u0131 Oku&#8230;<\/a><\/p>\n","protected":false},"author":1,"featured_media":0,"comment_status":"open","ping_status":"open","sticky":false,"template":"","format":"standard","meta":[],"categories":[],"tags":[],"_links":{"self":[{"href":"https:\/\/akdenizolaygazetesi.com\/index.php?rest_route=\/wp\/v2\/posts\/7465"}],"collection":[{"href":"https:\/\/akdenizolaygazetesi.com\/index.php?rest_route=\/wp\/v2\/posts"}],"about":[{"href":"https:\/\/akdenizolaygazetesi.com\/index.php?rest_route=\/wp\/v2\/types\/post"}],"author":[{"embeddable":true,"href":"https:\/\/akdenizolaygazetesi.com\/index.php?rest_route=\/wp\/v2\/users\/1"}],"replies":[{"embeddable":true,"href":"https:\/\/akdenizolaygazetesi.com\/index.php?rest_route=%2Fwp%2Fv2%2Fcomments&post=7465"}],"version-history":[{"count":0,"href":"https:\/\/akdenizolaygazetesi.com\/index.php?rest_route=\/wp\/v2\/posts\/7465\/revisions"}],"wp:attachment":[{"href":"https:\/\/akdenizolaygazetesi.com\/index.php?rest_route=%2Fwp%2Fv2%2Fmedia&parent=7465"}],"wp:term":[{"taxonomy":"category","embeddable":true,"href":"https:\/\/akdenizolaygazetesi.com\/index.php?rest_route=%2Fwp%2Fv2%2Fcategories&post=7465"},{"taxonomy":"post_tag","embeddable":true,"href":"https:\/\/akdenizolaygazetesi.com\/index.php?rest_route=%2Fwp%2Fv2%2Ftags&post=7465"}],"curies":[{"name":"wp","href":"https:\/\/api.w.org\/{rel}","templated":true}]}}