{"id":7484,"date":"2020-11-04T18:27:57","date_gmt":"2020-11-04T15:27:57","guid":{"rendered":"http:\/\/mersinekonomipolitikagazetesi.com\/?p=7484"},"modified":"2020-11-04T18:27:57","modified_gmt":"2020-11-04T15:27:57","slug":"ozellikle-hizmette-geri-birakilmis-bolgelere-ulasmaya-calisiyoruz","status":"publish","type":"post","link":"https:\/\/akdenizolaygazetesi.com\/?p=7484","title":{"rendered":"&#8211;    \u201c\u00d6zellikle hizmette geri b\u0131rak\u0131lm\u0131\u015f b\u00f6lgelere ula\u015fmaya \u00e7al\u0131\u015f\u0131yoruz\u201d"},"content":{"rendered":"<p><span style=\"line-height: 1.6em;\">\u00a0Mersin B\u00fcy\u00fck\u015fehir Belediye Ba\u015fkan\u0131 Vahap Se\u00e7er, merkez Toroslar il\u00e7esi Kurdali Mahallesinde muhtar, esnaf ve vatanda\u015flarla bir araya gelerek, sorunlar\u0131n\u0131 dinledi. \u00c7ift\u00e7iler Caddesi ve 212. Cadde boyunca esnafla selamla\u015fan Se\u00e7er, \u00f6zellikle hizmette geri b\u0131rak\u0131lm\u0131\u015f b\u00f6lgelerde \u00e7al\u0131\u015fmalar\u0131n\u0131 e\u015fit ve adil bir bi\u00e7imde, hi\u00e7bir siyasi ayr\u0131m yapmadan uygulamaya koyacaklar\u0131n\u0131n s\u00f6yledi.\u00a0<\/span><\/p>\n<p>B\u00fcy\u00fck\u015fehir Belediye Ba\u015fkan\u0131 Se\u00e7er, Kurdali Mahallesini ziyaret ederek, esnaf gezisi yapt\u0131. Mahalle sakinleriyle de bir araya gelen Se\u00e7er, sorunlar\u0131 dinledi. Se\u00e7er, mahalle gezisini Mersin Mu\u015f \u0130li ve \u0130l\u00e7eleri Yard\u0131mla\u015fma ve Dayan\u0131\u015fma Derne\u011fini ziyaret ederek tamamlad\u0131. Dernek Ba\u015fkan\u0131 Necat \u00d6zcan\u2019\u0131n, \u201c\u0130lk defa bir b\u00fcy\u00fck\u015fehir belediye ba\u015fkan\u0131, bizim bu b\u00f6lgeye ziyarette bulundu\u201d s\u00f6zleri \u00fczerine, \u00f6zellikle hizmette geri b\u0131rak\u0131lm\u0131\u015f b\u00f6lgelerde \u00e7al\u0131\u015fmalar\u0131n\u0131 e\u015fit ve adil bir bi\u00e7imde, hi\u00e7bir siyasi ayr\u0131m yapmadan uygulamaya koyacaklar\u0131n\u0131 vurgulad\u0131.\u00a0<\/p>\n<p>\u201cTek amac\u0131m\u0131z, Mersin\u2019e en iyi hizmeti getirmek\u201d\u00a0<br \/>\nMahallede vatanda\u015flar\u0131n yo\u011fun ilgisi ile kar\u015f\u0131la\u015fan Ba\u015fkan Se\u00e7er\u2019e, Kurdali Mahallesi Muhtar\u0131 Abdullah \u0130nan, MESK\u0130 ve B\u00fcy\u00fck\u015fehir Belediyesi b\u00fcrokratlar\u0131 e\u015flik etti. B\u00fcy\u00fck\u015fehir\u2019in hizmetlerini Kurdali sakinlerine anlatan Ba\u015fkan Se\u00e7er, \u201cHizmetler yatarak olmuyor, \u00e7al\u0131\u015farak oluyor, ko\u015fturmak, gezmek laz\u0131m. Mersin geni\u015f bir co\u011frafya, kent olarak da d\u00fczenli bir kent de\u011fil. Buraya hizmet etmek kolay de\u011fil ama zor da de\u011fil. B\u00f6lgeleri biliyorsan\u0131z, belediyenin \u00e7al\u0131\u015fanlar\u0131, b\u00fcrokratlar\u0131 konular\u0131na hakimse, bir plan, program \u00e7er\u00e7evesinde iyi i\u015fler yap\u0131labilir. Bizim tek amac\u0131m\u0131z var; o koltukta oturdu\u011fumuz s\u00fcre i\u00e7erisinde Mersin\u2019e en iyi hizmeti getirmek. \u00c7ok \u00e7al\u0131\u015f\u0131yoruz, inanarak yap\u0131yoruz. \u0130n\u015fallah \u00e7ok daha g\u00fczel i\u015fler yapaca\u011f\u0131z. Bu mahalle gezileri de bizim i\u00e7in faydal\u0131 oluyor. Nerelerde ne var, g\u00f6zlerimizle g\u00f6r\u00fcyoruz. Oturdu\u011fumuz yerden y\u00f6netmektense soka\u011fa inmek daha iyi\u201d dedi.\u00a0<\/p>\n<p>\u201cHizmetlerde ayr\u0131m yok\u201d\u00a0<br \/>\nMersin\u2019in her noktas\u0131na hizmet g\u00f6t\u00fcrd\u00fcklerini belirten Se\u00e7er, \u201cHi\u00e7bir ayr\u0131m yapm\u0131yoruz. Benim en \u00e7ok dikkat etti\u011fim konu bu. Kurdali\u2019de sorun varsa, benim i\u00e7in Tarsus\u2019un An\u0131t Mahallesindeki sorunla e\u015fde\u011ferdir. Burada Akkent\u2019le ya da Silifke\u2019yle, Anamur\u2019la, \u00c7aml\u0131yayla\u2019n\u0131n, G\u00fclnar\u2019\u0131n bir fark\u0131 yok. Bu anlay\u0131\u015fla hizmet yap\u0131yoruz ve bunu da s\u00fcrd\u00fcrmeye devam edece\u011fiz\u201d diye konu\u015ftu.\u00a0<br \/>\nPandemi s\u00fcrecinde hayata ge\u00e7irdikleri hizmetleri de aktaran Se\u00e7er, vatanda\u015flar\u0131n yan\u0131nda olduklar\u0131n\u0131 kaydederek, \u201cMersin bu s\u0131navdan ba\u015far\u0131l\u0131 \u00e7\u0131kt\u0131ysa elbette ki, B\u00fcy\u00fck\u015fehir Belediyesinin de \u00f6nemli bir katk\u0131s\u0131 var\u201d ifadesini kulland\u0131.\u00a0<\/p>\n<p>\u201cAsla ayr\u0131 gayr\u0131 yok\u201d\u00a0<br \/>\nGe\u00e7ti\u011fimiz g\u00fcnlerde \u00fcniversiteden hocalar\u0131n, pandemi s\u00fcrecinde toplumun refleksi, sosyolojik ve psikolojik sorunlar\u0131 hakk\u0131nda bir ara\u015ft\u0131rma yapt\u0131klar\u0131n\u0131 ve vatanda\u015flar\u0131n B\u00fcy\u00fck\u015fehir Belediyesinin hizmetleri hakk\u0131nda ne d\u00fc\u015f\u00fcnd\u00fcklerini \u00f6l\u00e7t\u00fcklerini anlatan Se\u00e7er, \u201cHerkes farkl\u0131 puanlamalar veriyor. Ama en y\u00fcksek puan\u0131 neye veriyor biliyor musunuz? \u2018B\u00fcy\u00fck\u015fehir\u2019in hizmetlerini yaparken siyasi parti ayr\u0131m\u0131 yapt\u0131\u011f\u0131na inan\u0131yor musunuz?\u2019 sorusuna y\u00fczde 72\u2019si \u2018hay\u0131r\u2019 diyor. Hi\u00e7bir siyasi parti ayr\u0131m\u0131 yapmadan B\u00fcy\u00fck\u015fehir\u2019in birimleri hizmet yapt\u0131. Vatanda\u015f\u0131m bunu hissetmi\u015fse, g\u00f6zlemlemi\u015fse, bu benim i\u00e7in b\u00fcy\u00fck bir onurdur ve moral kayna\u011f\u0131d\u0131r. \u00c7\u00fcnk\u00fc bu iddia ile yola \u00e7\u0131km\u0131\u015ft\u0131k. Asla ayr\u0131 gayr\u0131 yok ve bir\u00e7ok vatanda\u015f\u0131n da bu nedenle bana oy verdi\u011fini biliyorum. Vatanda\u015f ayr\u0131mc\u0131l\u0131k g\u00f6rmek istemiyor. T\u00fcrkiye\u2019nin d\u00f6rt bir yan\u0131ndan insan burada ekme\u011finin pe\u015finde\u201d \u015feklinde konu\u015ftu.\u00a0<br \/>\nSe\u00e7er, Mersin\u2019de huzurun oldu\u011funu ifade ederek, \u201cHerkes huzuru ar\u0131yor. Hizmet nas\u0131l olsa gelir. Elbette huzuru da getirdik, hizmetleri de getiriyoruz. Bu b\u00f6lgelerin sorunlar\u0131 di\u011fer geli\u015fmi\u015f mahallelerden \u00e7ok daha fazla. Bunlar\u0131 \u00e7\u00f6zmek kolay de\u011fil ama zor da de\u011fil. Bizim zamana ihtiyac\u0131m\u0131z var. Herkes iyi bir kanalizasyon, temiz bir i\u00e7me suyu, iyi bir yol, iyi bir park, iyi bir bah\u00e7eyi hak ediyor. Herkes ba\u015f\u0131m\u0131z\u0131n tac\u0131. Biz de son s\u00fcrat, \u00e7ok h\u0131zl\u0131 ve \u00e7ok etkin bir \u015fekilde, \u00f6zellikle daha \u00f6nce hizmette geri b\u0131rak\u0131lm\u0131\u015f b\u00f6lgelere ula\u015fmaya \u00e7al\u0131\u015f\u0131yoruz. Sosyal hizmetler birinci derecede \u00f6nemli\u201d dedi.\u00a0<\/p>\n","protected":false},"excerpt":{"rendered":"<p>\u00a0Mersin B\u00fcy\u00fck\u015fehir Belediye Ba\u015fkan\u0131 Vahap Se\u00e7er, merkez Toroslar il\u00e7esi Kurdali Mahallesinde muhtar, esnaf ve vatanda\u015flarla bir araya gelerek, sorunlar\u0131n\u0131 dinledi. \u00c7ift\u00e7iler Caddesi ve 212. Cadde boyunca esnafla selamla\u015fan Se\u00e7er, \u00f6zellikle &hellip; <a href=\"https:\/\/akdenizolaygazetesi.com\/?p=7484\" class=\"more-link\">Devam\u0131n\u0131 Oku&#8230;<\/a><\/p>\n","protected":false},"author":1,"featured_media":0,"comment_status":"open","ping_status":"open","sticky":false,"template":"","format":"standard","meta":[],"categories":[],"tags":[],"_links":{"self":[{"href":"https:\/\/akdenizolaygazetesi.com\/index.php?rest_route=\/wp\/v2\/posts\/7484"}],"collection":[{"href":"https:\/\/akdenizolaygazetesi.com\/index.php?rest_route=\/wp\/v2\/posts"}],"about":[{"href":"https:\/\/akdenizolaygazetesi.com\/index.php?rest_route=\/wp\/v2\/types\/post"}],"author":[{"embeddable":true,"href":"https:\/\/akdenizolaygazetesi.com\/index.php?rest_route=\/wp\/v2\/users\/1"}],"replies":[{"embeddable":true,"href":"https:\/\/akdenizolaygazetesi.com\/index.php?rest_route=%2Fwp%2Fv2%2Fcomments&post=7484"}],"version-history":[{"count":0,"href":"https:\/\/akdenizolaygazetesi.com\/index.php?rest_route=\/wp\/v2\/posts\/7484\/revisions"}],"wp:attachment":[{"href":"https:\/\/akdenizolaygazetesi.com\/index.php?rest_route=%2Fwp%2Fv2%2Fmedia&parent=7484"}],"wp:term":[{"taxonomy":"category","embeddable":true,"href":"https:\/\/akdenizolaygazetesi.com\/index.php?rest_route=%2Fwp%2Fv2%2Fcategories&post=7484"},{"taxonomy":"post_tag","embeddable":true,"href":"https:\/\/akdenizolaygazetesi.com\/index.php?rest_route=%2Fwp%2Fv2%2Ftags&post=7484"}],"curies":[{"name":"wp","href":"https:\/\/api.w.org\/{rel}","templated":true}]}}