{"id":7485,"date":"2020-11-04T18:27:58","date_gmt":"2020-11-04T15:27:58","guid":{"rendered":"http:\/\/mersinekonomipolitikagazetesi.com\/?p=7485"},"modified":"2020-11-04T18:27:58","modified_gmt":"2020-11-04T15:27:58","slug":"milli-atletler-kampta-goz-dolduruyor","status":"publish","type":"post","link":"https:\/\/akdenizolaygazetesi.com\/?p=7485","title":{"rendered":"Milli atletler kampta g\u00f6z dolduruyor"},"content":{"rendered":"<p><span style=\"line-height: 1.6em;\">Ge\u00e7ti\u011fimiz hafta kampa giren Mersinli milli atletler, \u00e7al\u0131\u015fmalar\u0131n\u0131 g\u00fcnde \u00e7ift idman yaparak s\u00fcrd\u00fcr\u00fcyor. Olimpik kadroda yer alan 6 sporcunun yer ald\u0131\u011f\u0131 kampta sporcular, antrenmanlar\u0131yla g\u00f6z dolduruyor. 29 Temmuz&#8217;a kadar \u00e7al\u0131\u015fmalar\u0131n\u0131 s\u00fcrd\u00fcrecek olan atletlerin hedefi, pandemi nedeniyle \u00f6n\u00fcm\u00fczdeki y\u0131la ertelenen Tokyo Olimpiyatlar\u0131.\u00a0<\/span><\/p>\n<p>Ge\u00e7ti\u011fimiz hafta Mersin&#8217;in de i\u00e7inde bulundu\u011fu 9 ilde ba\u015flayan atletizm milli tak\u0131m kamp\u0131 devam ediyor. Mersin&#8217;de 6 sporcu kampa girerken, sporcular antrenmanlar\u0131n\u0131 Nevin Yan\u0131t Atletizm Kompleksi\u2019nde yap\u0131yor. G\u00fcnde \u00e7ift idman yapan sporcular, hedefini Tokyo Olimpiyatlar\u0131 olarak belirledi.\u00a0<\/p>\n<p>&#8220;Kampa giren b\u00fct\u00fcn sporcular\u0131m\u0131z olimpiyatlara gidebilir&#8221;\u00a0<br \/>\n\u00c7al\u0131\u015fmalar\u0131yla ilgili \u0130hlas Haber Ajans\u0131&#8217;na konu\u015fan Atletizm Mersin \u0130l Temsilcisi Halil O\u011fuz, T\u00fcrkiye\u2019de korona vir\u00fcs salg\u0131n\u0131 \u00e7\u0131kt\u0131ktan sonra antrenmanlara mecbur ara verdiklerini s\u00f6yledi. Uzun bir ara pistlerden uzak kald\u0131klar\u0131n\u0131 kaydeden O\u011fuz, \u201cOlimpik kadrodaki sporcular\u0131m\u0131z ara ara \u00f6zel izinlerle antrenmanlar\u0131n\u0131 yapmaya \u00e7al\u0131\u015ft\u0131. Daha sonra normalle\u015fme s\u00fcreci ba\u015flamas\u0131yla birlikte art\u0131k 2021 Olimpiyatlar\u0131na haz\u0131rl\u0131k amac\u0131yla \u00fclkemizde Mersin\u2019in de aralar\u0131nda bulundu\u011fu 9 ilimizde 95 sporcuyla Milli Tak\u0131m kamp\u0131 ba\u015flad\u0131. Mersin\u2019de kamp\u0131m\u0131z 29 Temmuz\u2019a kadar s\u00fcrecek. Burada Mersinli sporcular\u0131m\u0131z Sinan \u00d6ren 400 metre engellide, Tu\u011f\u00e7e \u015eahuto\u011flu \u00e7eki\u00e7 atmada, Miktat Sevler 110 metre engellide, Tutku Y\u0131lmaz ile Ersu \u015ea\u015fma s\u0131r\u0131kla atlamada, Emin \u00d6ncel de cirit atmada antrenmanlar\u0131n\u0131 s\u00fcrd\u00fcr\u00fcyor. Devlete y\u00fck olmas\u0131n diye sadece 2 antren\u00f6r\u00fcm\u00fcz kampa girdi. G\u00fcnde \u00e7ift idman yap\u0131yoruz. Biz Mersinli sporcular\u0131m\u0131zdan \u00e7ok umutluyuz. Burada kampa giren b\u00fct\u00fcn sporcular\u0131m\u0131z olimpiyatlara gidebilirler. T\u00fcrk atletizminin be\u015fi\u011fi Mersin\u2019dir. T\u00fcrkiye\u2019nin en iyi teknik ekibi de Mersin\u2019de bulunuyor. Saham\u0131z da T\u00fcrkiye\u2019de bir tane, Avrupa\u2019da da ilk 3\u2019\u00fcn aras\u0131na girer\u201d dedi.\u00a0<br \/>\nMilli sporcu Sinan \u00d6ren ise spora beden e\u011fitimi \u00f6\u011fretmeninin y\u00f6nlendirmesiyle ba\u015flad\u0131\u011f\u0131n\u0131 kaydetti. Bug\u00fcne kadar bir\u00e7ok yar\u0131\u015fmada yar\u0131\u015ft\u0131\u011f\u0131n\u0131 kaydeden \u00d6ren, \u201c\u015eu anda y\u0131ld\u0131zlar, gen\u00e7ler T\u00fcrkiye rekortmeniyim. 2015 d\u00fcnya \u015fampiyonlu\u011fum var. 4 kere balkan \u015fampiyonlu\u011fum var. 2012 y\u0131l\u0131nda \u0130slami Dayan\u0131\u015fma Oyunlar\u0131&#8217;nda \u015fampiyon oldum. Akdeniz Oyunlar\u0131&#8217;nda 4. oldum. Bu y\u0131l da Mersin\u2019de g\u00fczel ve b\u00fcy\u00fck \u00e7al\u0131\u015fmalar yapt\u0131k. Korona vir\u00fcs nedeniyle uzun s\u00fcre yar\u0131\u015fmalar yapamad\u0131k. Yakla\u015f\u0131k 2 hafta sonra yar\u0131\u015fmalar ba\u015flayacak. Ona y\u00f6nelik \u00e7al\u0131\u015fmalar\u0131m\u0131z s\u00fcr\u00fcyor\u201d diye konu\u015ftu.\u00a0<\/p>\n<p>&#8220;Hedefim ilk \u00f6nce olimpiyatlara kat\u0131lmak&#8221;\u00a0<br \/>\nKamp\u0131n \u00e7ok iyi gitti\u011fini vurgulayan \u00d6ren, \u201cBu sene d\u00f6nemimin en iyi antrenmanlar\u0131n\u0131, en iyi derecelerini elde ettim. 2 hafta sonra olimpik denemede yar\u0131\u015faca\u011f\u0131m. Orada da iyi bir derece elde edece\u011fimi d\u00fc\u015f\u00fcn\u00fcyorum. Her sporcunun oldu\u011fu gibi benim de hedefim ilk \u00f6nce olimpiyatlara kat\u0131lmak. Onun d\u0131\u015f\u0131nda ise Avrupa ve d\u00fcnya \u015fampiyonalar\u0131 gibi b\u00fcy\u00fck arenalarda \u00fclkeme madalya getirmek, \u00fclkemi gururland\u0131rmak ve T\u00fcrk bayra\u011f\u0131n\u0131 en y\u00fcksek yerlere ta\u015f\u0131mak i\u00e7in elimden geleni yapaca\u011f\u0131m. \u0130nan\u0131yorum ki \u00e7ok \u00e7al\u0131\u015f\u0131rsak olacak\u201d \u015feklinde konu\u015ftu.\u00a0<\/p>\n<p>&#8220;Hedefimiz madalya olacak&#8221;\u00a0<br \/>\nMilli sporcu Tu\u011f\u00e7e \u015eahuto\u011flu da 1999 y\u0131l\u0131nda beden e\u011fitimi \u00f6\u011fretmeninin tavsiyesiyle spora ba\u015flad\u0131\u011f\u0131n\u0131 s\u00f6yledi. 2001 y\u0131l\u0131nda \u00e7eki\u00e7 atmaya y\u00f6neldi\u011fini kaydeden \u015eahuto\u011flu, \u201cO g\u00fcnden bug\u00fcne kadar da \u00e7eki\u00e7 at\u0131yorum. Bug\u00fcne kadar say\u0131s\u0131z rekorlar\u0131m var. 2012 Avrupa b\u00fcy\u00fcklerde 5\u2019incilik elde ettim. Londra ve Rio olimpiyatlar\u0131na kat\u0131ld\u0131m. Bundan sonraki hedefimiz de 2021 Tokyo Olimpiyatlar\u0131 olacak. \u0130n\u015fallah orada da hedefimiz madalya olacak. \u015eu anda haftada 10 antrenman yap\u0131yoruz. \u015eu andaki \u00e7al\u0131\u015fmalar\u0131m\u0131z a\u00e7\u0131\u011f\u0131 kapatma \u00fczerine oluyor. \u00c7\u00fcnk\u00fc korona vir\u00fcs s\u00fcrecinde uzun bir s\u00fcre antrenman yapamad\u0131k. O y\u00fczden bu d\u00f6nemde ne kadar antrenman yapsak da eksik kald\u0131k. \u015eu an onlar\u0131 kapatma e\u011filimindeyiz. Onlar\u0131 kapatt\u0131ktan sonra da \u00f6n\u00fcm\u00fcze bak\u0131p, hedef belirleyip, Tokyo Olimpiyatlar\u0131&#8217;na haz\u0131rlanaca\u011f\u0131z\u201d ifadelerini kulland\u0131.\u00a0<\/p>\n","protected":false},"excerpt":{"rendered":"<p>Ge\u00e7ti\u011fimiz hafta kampa giren Mersinli milli atletler, \u00e7al\u0131\u015fmalar\u0131n\u0131 g\u00fcnde \u00e7ift idman yaparak s\u00fcrd\u00fcr\u00fcyor. Olimpik kadroda yer alan 6 sporcunun yer ald\u0131\u011f\u0131 kampta sporcular, antrenmanlar\u0131yla g\u00f6z dolduruyor. 29 Temmuz&#8217;a kadar \u00e7al\u0131\u015fmalar\u0131n\u0131 &hellip; <a href=\"https:\/\/akdenizolaygazetesi.com\/?p=7485\" class=\"more-link\">Devam\u0131n\u0131 Oku&#8230;<\/a><\/p>\n","protected":false},"author":1,"featured_media":0,"comment_status":"open","ping_status":"open","sticky":false,"template":"","format":"standard","meta":[],"categories":[],"tags":[],"_links":{"self":[{"href":"https:\/\/akdenizolaygazetesi.com\/index.php?rest_route=\/wp\/v2\/posts\/7485"}],"collection":[{"href":"https:\/\/akdenizolaygazetesi.com\/index.php?rest_route=\/wp\/v2\/posts"}],"about":[{"href":"https:\/\/akdenizolaygazetesi.com\/index.php?rest_route=\/wp\/v2\/types\/post"}],"author":[{"embeddable":true,"href":"https:\/\/akdenizolaygazetesi.com\/index.php?rest_route=\/wp\/v2\/users\/1"}],"replies":[{"embeddable":true,"href":"https:\/\/akdenizolaygazetesi.com\/index.php?rest_route=%2Fwp%2Fv2%2Fcomments&post=7485"}],"version-history":[{"count":0,"href":"https:\/\/akdenizolaygazetesi.com\/index.php?rest_route=\/wp\/v2\/posts\/7485\/revisions"}],"wp:attachment":[{"href":"https:\/\/akdenizolaygazetesi.com\/index.php?rest_route=%2Fwp%2Fv2%2Fmedia&parent=7485"}],"wp:term":[{"taxonomy":"category","embeddable":true,"href":"https:\/\/akdenizolaygazetesi.com\/index.php?rest_route=%2Fwp%2Fv2%2Fcategories&post=7485"},{"taxonomy":"post_tag","embeddable":true,"href":"https:\/\/akdenizolaygazetesi.com\/index.php?rest_route=%2Fwp%2Fv2%2Ftags&post=7485"}],"curies":[{"name":"wp","href":"https:\/\/api.w.org\/{rel}","templated":true}]}}