{"id":7504,"date":"2020-11-04T18:27:58","date_gmt":"2020-11-04T15:27:58","guid":{"rendered":"http:\/\/mersinekonomipolitikagazetesi.com\/?p=7504"},"modified":"2020-11-04T18:27:58","modified_gmt":"2020-11-04T15:27:58","slug":"neset-tarhana-buyuk-tepki","status":"publish","type":"post","link":"https:\/\/akdenizolaygazetesi.com\/?p=7504","title":{"rendered":"NE\u015eET TARHAN\u2019A B\u00dcY\u00dcK TEPK\u0130..!"},"content":{"rendered":"<p>Mezitli\u2019de duyarl\u0131 vatanda\u015flara ve gazetecilere g\u00f6zda\u011f\u0131!<br \/>\n\u201cBa\u015fkan Tarhan a\u00e7\u0131klama yap\u0131p projeye kar\u015f\u0131 \u00e7\u0131kan duyarl\u0131 vatanda\u015flar\u0131n ve bunlar\u0131 haber yapan gazetecilerin;<br \/>\nne t\u00fcr ki\u015fisel \u00e7\u0131karlar i\u00e7in a\u00e7\u0131klama ve yalan haberler yapt\u0131\u011f\u0131n\u0131, hangi \u00e7\u0131karlar\u0131 oldu\u011funu ispat etmek zorundad\u0131r. Aksi takdirde m\u00fcfteridir. Tek katl\u0131 6 i\u015fyeri projesi kimin veya kimlerin deniz manzaras\u0131n\u0131 kapat\u0131yor! Bunlar\u0131 a\u00e7\u0131klamak zorundad\u0131r. Bu iftiralar\u0131ndan dolay\u0131 kendisi hakk\u0131nda su\u00e7 duyurusunda bulunmak gerekecek.\u201d<\/p>\n<p>Mezitli Belediye Ba\u015fkan\u0131 Tarhan Fatih Park\u0131 Projesi i\u00e7in vatanda\u015f\u0131n sorular\u0131na yan\u0131t vermek yerine, park ile ilgili ki\u015fisel \u00e7\u0131karlar i\u00e7in yalan haber yap\u0131ld\u0131\u011f\u0131n\u0131 belirterek, vatanda\u015flar ve haberini yapan bas\u0131n mensuplar\u0131yla ilgili Cumhuriyet Savc\u0131l\u0131\u011f\u0131na su\u00e7 duyurusunda bulundu\u011funu s\u00f6yledi.<br \/>\nMezitli Belediye Ba\u015fkan\u0131 Ne\u015fet Tarhan, Fatih Park\u0131 ile ilgili tepki g\u00f6steren duyarl\u0131 vatanda\u015flar\u0131 ve bu a\u00e7\u0131klamalar\u0131 haber yaparak dile getiren gazetecileri \u00f6nce su\u00e7lad\u0131, sonra da g\u00f6zda\u011f\u0131 verdi!<br \/>\nYapt\u0131\u011f\u0131 a\u00e7\u0131klamada yap\u0131lan ele\u015ftirilerin ger\u00e7ek\u00e7i olmad\u0131\u011f\u0131n\u0131 belirten ve park ile ilgili ki\u015fisel \u00e7\u0131karlar i\u00e7in yalan haber yap\u0131ld\u0131\u011f\u0131n\u0131 belirten Tarhan, \u00a0&#8220;Bas\u0131n mensuplar\u0131yla ilgili de Cumhuriyet Savc\u0131l\u0131\u011f\u0131na su\u00e7 duyurusunda bulunulmu\u015ftur.&#8221; dedi<br \/>\nMersin Mezitli Belediyesi&#8217;ne ba\u011fl\u0131 Fatih Park\u0131 biti\u015fi\u011finin imara a\u00e7\u0131larak d\u00fczenlenme yap\u0131lmas\u0131na tepki g\u00f6steren duyarl\u0131 mimar ve \u00e7evreci doktor gibi vatanda\u015flar\u0131n, gerek sosyal medyada ki, gerekse eylemlerini yaz\u0131l\u0131 olarak payla\u015fan gazetelere y\u00f6nelik konu\u015fan Mezitli Belediye Ba\u015fkan\u0131 Ne\u015fet Tarhan, park hakk\u0131nda a\u00e7\u0131klama yapmak yerine bas\u0131n mensuplar\u0131na g\u00f6zda\u011f\u0131 verdi. Mahalle sakinlerinin dinlenme ve park alan\u0131 olarak kulland\u0131\u011f\u0131 ve 6 i\u015fyeri yap\u0131lmas\u0131n\u0131 istemedikleri b\u00f6lgenin, belediye taraf\u0131ndan projelendirilmesine y\u00f6nelik tepkilerini payla\u015fan gazetelere Tarhan, &#8220;S\u0131rf \u00e7\u0131kar amac\u0131yla bask\u0131 kurmaya \u00e7al\u0131\u015fanlar\u0131n ve i\u015fi yalan haber yapma noktas\u0131na ta\u015f\u0131yan bas\u0131n mensuplar\u0131yla ilgili Cumhuriyet Savc\u0131l\u0131\u011f\u0131na su\u00e7 duyurusunda bulunulmu\u015ftur. Baz\u0131 \u00e7\u0131kar \u00e7evrelerinin ve birka\u00e7 daire sahibinin deniz manzaras\u0131n\u0131n kapanaca\u011f\u0131 kayg\u0131s\u0131yla yarat\u0131lmak istenen kaos ortam\u0131na asla izin vermeyece\u011fiz.&#8221; diye konu\u015ftu. \u00a0 \u00a0 \u00a0 \u00a0 \u00a0<\/p>\n<p>Yap\u0131lacak tek katl\u0131 6 adet i\u015fyeri rant de\u011filmi\u015f..!<\/p>\n<p>Fatih Park\u0131&#8217;n\u0131n daha \u00f6ncesinde i\u00e7kili restoran olarak kullan\u0131lmas\u0131na ses \u00e7\u0131kar\u0131lmad\u0131\u011f\u0131n\u0131 ve belediye b\u00fcnyesine ge\u00e7ildikten sonra, hi\u00e7bir temel kaz\u0131s\u0131 yap\u0131lmadan tamamen ah\u015fap, \u00e7elik ve cam kullan\u0131larak tek katl\u0131 i\u015fyerleri yapacak olmalar\u0131ndan vatanda\u015flar\u0131n rahats\u0131z olduklar\u0131n\u0131 dile getiren Ba\u015fkan Tarhan, TOK\u0130 eliyle Tece&#8217;de 76 d\u00f6n\u00fcml\u00fck arazinin ranta kurban gitmesini engellediklerini ancak buna destek verilmedi\u011fini ve yapt\u0131klar\u0131 projenin tamamen ah\u015fap ve camdan olu\u015fan tek katl\u0131 i\u015fyerlerine itiraz edilmesine &#8220;manidar&#8221; ifadelerini kulland\u0131.\u00a0<br \/>\n\u00a0<br \/>\n&#8220;Sosyal alan\u0131m\u0131z\u0131n katledilmesine kar\u015f\u0131y\u0131z&#8221;<\/p>\n<p>Ba\u015fkan Tarhan\u2019\u0131n yapt\u0131\u011f\u0131 haks\u0131z ele\u015ftirilere ve su\u00e7 duyurular\u0131na b\u00fcy\u00fck tepki g\u00f6steren vatanda\u015flar ise, &#8220;Belediye bizlerin tepkisini ve ele\u015ftirilerini dile getiren sosyal mesajlar\u0131m\u0131za ve haber yapan gazetelere cevap vermek, a\u00e7\u0131klama yapmak yerine, bask\u0131 arac\u0131 olarak a\u011f\u0131r ithamlarla su\u00e7lay\u0131p g\u00f6zda\u011f\u0131 vermesi \u00e7ok yanl\u0131\u015f bir tutumdur. Ba\u015fkan Tarhan a\u00e7\u0131klama yap\u0131p iddia etti\u011fi gibi projeye kar\u015f\u0131 \u00e7\u0131kan duyarl\u0131 vatanda\u015flar\u0131n ve bunlar\u0131 haber yapan gazetecilerin, ne t\u00fcr ki\u015fisel \u00e7\u0131karlar i\u00e7in a\u00e7\u0131klama ve yalan haber yapt\u0131\u011f\u0131n\u0131, hangi \u00e7\u0131kar\u0131 oldu\u011funu ispat etmek zorundad\u0131r. Aksi takdirde m\u00fcfteridir. Tek katl\u0131 i\u015fyerleri projesi kimin veya kimlerin deniz manzaras\u0131n\u0131 kapat\u0131yor! Bunlar\u0131 a\u00e7\u0131klamak zorundad\u0131r. Bu iftiralardan dolay\u0131 kendisi hakk\u0131nda su\u00e7 duyurusunda bulunmak gerekiyor. Orada yap\u0131lacak olan 6 b\u00fcy\u00fck i\u015fyeri b\u00fcy\u00fck rant kap\u0131s\u0131 olacak, \u00e7evre sakinlerinin mahalle ya\u015fam\u0131n\u0131n, aile ortam\u0131n\u0131n bozulmas\u0131na neden olacakt\u0131r. G\u00fcndeme gelen Fatih Park\u0131 \u0130n\u015faat\u0131 Projesi ile ilgili vatanda\u015f\u0131 bilgilendirmesi gereken belediye, konu sosyal medyada ve yaz\u0131l\u0131 bas\u0131nda yer almasayd\u0131 ne zaman a\u00e7\u0131klama yapacak ve ne zaman kamuoyunu bilgilendirecekti! Sosyal alan\u0131m\u0131z\u0131n katledilmesine kar\u015f\u0131y\u0131z. Bu projenin sonuna kadar da takip\u00e7isiyiz.&#8221; diye konu\u015ftu.\u00a0<br \/>\n\u201c6 i\u015f yeri kimlere nas\u0131l verilecek?\u201d<br \/>\nMezitli\u2019de Fatih Park\u0131 alan\u0131 olarak proje alan\u0131 ile birlikte belirlenmi\u015f b\u00f6lgenin birbirine ba\u011flanarak ye\u015fil alan olu\u015fturulmas\u0131 ve halka a\u00e7\u0131lmas\u0131 gerekti\u011fini de belirten vatanda\u015flar, \u201cBurada yap\u0131laca\u011f\u0131 belirtilen 6 b\u00fcy\u00fck i\u015fyeri yeri kimlere ve nas\u0131l verilecek? Buray\u0131 i\u015fletecek olan \u015fah\u0131slar ne t\u00fcr i\u015fler yapacak ve nas\u0131l belirlenecek? Arsay\u0131 ald\u0131\u011f\u0131n\u0131z fiyat belli. 6 adet b\u00fcy\u00fck i\u015fyeri ka\u00e7 liradan kiraya verilecek? Bu i\u015fyerlerinde i\u00e7ki sat\u0131lmayacak m\u0131? Vatanda\u015f uygun fiyatla oralardan faydalanacak m\u0131? Bu proje belediyeye ka\u00e7 liraya mal olacak? Kalem kalem hesap verip bizleri ikna etmeniz gerekiyordu. Bunlar\u0131 neden yapmad\u0131n\u0131z? Biz bunlar\u0131n hi\u00e7birini istemiyoruz. Ye\u015fil alan\u0131m\u0131z\u0131n 6 b\u00fcy\u00fck i\u015fyeri ile kapat\u0131l\u0131p \u00fccretli hale getirilmesini istemiyoruz. Sadece Mezitli Belediyesi\u2019nin bizim paralar\u0131m\u0131zla ald\u0131\u011f\u0131 bu b\u00f6lgenin birle\u015ftirilerek ye\u015fil alan olmas\u0131n\u0131 ve halka a\u00e7\u0131lmas\u0131n\u0131 talep ediyoruz.\u201d dediler.\u00a0<\/p>\n<p>&#8220;2 milyon 175 bin liraya Mezitli Belediyesi\u2019ne katt\u0131k&#8221;<\/p>\n<p>Uygulamas\u0131 yap\u0131lacak projenin Adalet ve Kalk\u0131nma Partisi, Milliyet\u00e7i Hareket Partisi ve Cumhuriyet Halk Partisine mensup Meclis \u00fcyeleri taraf\u0131ndan oybirli\u011fi ile kabul edildi\u011fini vurgulayan \u00a0Ba\u015fkan Tarhan a\u00e7\u0131klamas\u0131nda, \u201cBiz imar plan\u0131nda Belediye Hizmet Alan\u0131 (BHA) olarak g\u00f6r\u00fcnen bo\u015f parselin daha rasyonel kullan\u0131lmas\u0131 i\u00e7in bir proje geli\u015ftirdik. Uygulamay\u0131 yapaca\u011f\u0131m\u0131z b\u00f6lgeyi de spek\u00fclasyona yer vermemek ad\u0131na ah\u015fap bariyerlerle \u00e7evirerek halk\u0131m\u0131za g\u00f6sterdik.&#8221; diye konu\u015fmu\u015ftu.<br \/>\nPark alan\u0131 \u00fczerinde hisse pay\u0131 bulunan 16 hissedar\u0131n ba\u015fvurmas\u0131 \u00fczerine mahkeme taraf\u0131ndan toplam 3 milyon 106 bin 675 lira kamula\u015ft\u0131rma bedeli belirlendi\u011fi bilgisini veren Ba\u015fkan Tarhan, arsa sahipleriyle yap\u0131lan pazarl\u0131klar sonucunda s\u00f6z konusu alan\u0131 2 milyon 175 bin lira gibi bir fiyata Mezitli Belediyesi\u2019ne katt\u0131klar\u0131n\u0131n bilgisini verdi.<\/p>\n","protected":false},"excerpt":{"rendered":"<p>Mezitli\u2019de duyarl\u0131 vatanda\u015flara ve gazetecilere g\u00f6zda\u011f\u0131! \u201cBa\u015fkan Tarhan a\u00e7\u0131klama yap\u0131p projeye kar\u015f\u0131 \u00e7\u0131kan duyarl\u0131 vatanda\u015flar\u0131n ve bunlar\u0131 haber yapan gazetecilerin; ne t\u00fcr ki\u015fisel \u00e7\u0131karlar i\u00e7in a\u00e7\u0131klama ve yalan haberler yapt\u0131\u011f\u0131n\u0131, &hellip; <a href=\"https:\/\/akdenizolaygazetesi.com\/?p=7504\" class=\"more-link\">Devam\u0131n\u0131 Oku&#8230;<\/a><\/p>\n","protected":false},"author":1,"featured_media":0,"comment_status":"open","ping_status":"open","sticky":false,"template":"","format":"standard","meta":[],"categories":[],"tags":[],"_links":{"self":[{"href":"https:\/\/akdenizolaygazetesi.com\/index.php?rest_route=\/wp\/v2\/posts\/7504"}],"collection":[{"href":"https:\/\/akdenizolaygazetesi.com\/index.php?rest_route=\/wp\/v2\/posts"}],"about":[{"href":"https:\/\/akdenizolaygazetesi.com\/index.php?rest_route=\/wp\/v2\/types\/post"}],"author":[{"embeddable":true,"href":"https:\/\/akdenizolaygazetesi.com\/index.php?rest_route=\/wp\/v2\/users\/1"}],"replies":[{"embeddable":true,"href":"https:\/\/akdenizolaygazetesi.com\/index.php?rest_route=%2Fwp%2Fv2%2Fcomments&post=7504"}],"version-history":[{"count":0,"href":"https:\/\/akdenizolaygazetesi.com\/index.php?rest_route=\/wp\/v2\/posts\/7504\/revisions"}],"wp:attachment":[{"href":"https:\/\/akdenizolaygazetesi.com\/index.php?rest_route=%2Fwp%2Fv2%2Fmedia&parent=7504"}],"wp:term":[{"taxonomy":"category","embeddable":true,"href":"https:\/\/akdenizolaygazetesi.com\/index.php?rest_route=%2Fwp%2Fv2%2Fcategories&post=7504"},{"taxonomy":"post_tag","embeddable":true,"href":"https:\/\/akdenizolaygazetesi.com\/index.php?rest_route=%2Fwp%2Fv2%2Ftags&post=7504"}],"curies":[{"name":"wp","href":"https:\/\/api.w.org\/{rel}","templated":true}]}}